{"id":27425,"date":"2024-10-28T13:25:32","date_gmt":"2024-10-28T12:25:32","guid":{"rendered":"https:\/\/www.vincenzopaglia.it\/?p=27425"},"modified":"2024-10-28T13:45:10","modified_gmt":"2024-10-28T12:45:10","slug":"io-felice-ma-temo-la-morte","status":"publish","type":"post","link":"https:\/\/www.vincenzopaglia.it\/index.php\/io-felice-ma-temo-la-morte.html","title":{"rendered":"Io felice, ma temo la morte"},"content":{"rendered":"<div id=\"wrap\">\n<div id=\"main\">\n<div id=\"canvas\">\n<div class=\"magazine-viewport\">\n<div class=\"container\">\n<div class=\"magazine animated\">\n<div class=\"page-wrapper\">\n<div>\n<div class=\"page p76 even\">\n<div id=\"divtext-38\" class=\"art\">\n<div class=\"art_Body\">\n<div>di <strong>Hoara Borselli<\/strong><\/div>\n<div><\/div>\n<div id=\"art_Content-38\" class=\"art_Content\">\n<p>Vincenzo Paglia \u00e8 uno dei pi\u00f9 celebri Vescovi italiani. Compir\u00e0 80 anni il prossimo aprile. \u00c8 una delle persone pi\u00f9 vicine a Papa Bergoglio. \u00c8 il presidente della Pontifica Accademia per la vita.<\/p>\n<p><strong>Monsignore, cosa ricorda della sua infanzia?<\/strong><br \/>\n\u00abSono nato nei giorni in cui si concludeva la seconda guerra mondiale. In un piccolo paese della Ciociaria: Boville Ernica. Mio zio era il prete del paese. Una vera autorit\u00e0. In paese c&#8217;erano tre autorit\u00e0: zio, il maresciallo dei carabinieri e il sindaco comunista\u00bb.<\/p>\n<p><strong>Il sindaco era comunista?<\/strong><br \/>\n\u00abS\u00ec, il mio paese era chiamato la Stalingrado della Ciociaria. Una volta mio zio and\u00f2 a Napoli per parlare col consolato americano e chiedere che fosse concesso il visto ad alcuni paesani che volevano emigrare. Mi port\u00f2 con s\u00e9. Ho un ricordo fortissimo di quel viaggio. Poi tornammo in paese e zio disse ai paesani: Tutto bene, per\u00f2 potrebbe venire un&#8217;ispezione, meglio che bruciate nella stufa le tessere del Pci\u00bb.<\/p>\n<p><strong>La prima volta a Roma?<\/strong><br \/>\n\u00ab1950, anno santo. Su un camioncino, nel cassone. Si viaggiava in piedi. Diverse ore, mica c&#8217;era l&#8217;autostrada. E poi in piazza San Pietro, grandissima, infinita, e a un certo momento il prete inizi\u00f2 a recitare il Credo, con gli altoparlanti.<br \/>\n<em>Credo in Deum, patrem omnipotentem&#8230;<\/em> Mi sentivo piccolo piccolo, avevo appena 5 anni.<br \/>\nMi emozionai moltissimo\u00bb.<\/p>\n<p><strong>Quando \u00e8 entrato in seminario?<\/strong><br \/>\n\u00abIl 18 ottobre del 1955. Avevo 10 anni. Il 17 ottobre, alle sei del pomeriggio, mio padre mi disse che mi voleva parlare.<br \/>\nNon lo faceva mai. Era chiuso come un uomo del popolo del sud. Avevo un po&#8217; paura. Mi chiese: Ma tu vuoi andare al seminario perch\u00e9 vuoi fare il prete o perch\u00e9 vuoi studiare? Se vuoi studiare \u00e8 meglio la scuola di Frosinone del seminario del paese\u00bb.<\/p>\n<p><strong>E lei cosa rispose?<\/strong><br \/>\n\u00abPap\u00e0, voglio fare il prete.Credo che fosse felice ma non lo disse\u00bb.<\/p>\n<p><strong>In adolescenza non ebbe la tentazione di mollare tutto?<\/strong><br \/>\n\u00abNo. Vinceva la vocazione, l&#8217;attrazione per la Chiesa\u00bb.<\/p>\n<p><strong>Rinunciare all&#8217;affettivit\u00e0, diciamolo pure, alle donne, non \u00e8 troppo difficile?<\/strong><br \/>\n\u00ab\u00c8 difficile, ma se ci credi ci riesci\u00bb.<\/p>\n<p><strong>Rifarebbe tutto?<\/strong><br \/>\n\u00abS\u00ec, nessun rimpianto\u00bb.<\/p>\n<p><strong>Il seminario l&#8217;ha formata?<\/strong><br \/>\n\u00abMoltissimo. Quando sono diventato prete ero completamente diverso dal bambino che era entrato in seminario.<br \/>\nQuella era una educazione che ti permetteva di modellare la vita. Oggi non c&#8217;\u00e8 pi\u00f9 questa ambizione: vince l&#8217;individualismo\u00bb.<\/p>\n<p><strong>Cosa manca alla Chiesa per tornare attrattiva?<\/strong><br \/>\n\u00abTroppo rito e poca tensione per cambiare il mondo. Troppo conformismo. Oggi la chiesa aiuta la comodit\u00e0, ti fa stare tranquillo, nel giusto, Non ti fa sentire il morso della storia\u00bb.<\/p>\n<p><strong>Come si spiega la dilagante violenza fra i giovani?<\/strong><br \/>\n\u00abIl nostro \u00e8 un mondo che non chiede pi\u00f9 valori, gesti importanti. I ragazzi nel profondo se ne rendono conto, e reagiscono cos\u00ec. Loro vedono che questa societ\u00e0 ha perso la forza unitiva\u00bb.<\/p>\n<p><strong>Cosa manca a questa societ\u00e0?<\/strong><br \/>\n\u00abLa convinzione che la felicit\u00e0 sta nel costruire la felicit\u00e0 degli altri\u00bb.<\/p>\n<p><strong>Qual \u00e8 la cosa della sua vita della quale va pi\u00f9 orgoglioso?<\/strong><br \/>\n\u00abLa pace che riusc\u00ec a far fare a Milosevic e Rugova. Tanti anni fa, nel 1999. Poi fu inutile. Vinse il guerrosimo\u00bb.<\/p>\n<p><strong>Lei \u00e8 felice?<\/strong><br \/>\n\u00abSi, lo sono. La felicit\u00e0 \u00e8 una torta che dobbiamo mangiare insieme\u00bb.<\/p>\n<p><strong>Chi \u00e8 Dio? (e la prego: non mi risponda col catechismo. <\/strong><strong>Cerchi di farmelo capire davvero<\/strong>) \u00abL&#8217;immagine di Dio che ho \u00e8 quella del Padre di Ges\u00f9 che non sopporta pi\u00f9 il dolore e le ingiustizie che sono sulla terra. E manda il Figlio uomo tra gli uomini per salvarci dalla violenza del e dal male. Il Padre di Ges\u00f9 \u00e8 anche il Padre di tutti gli uomini e di tutte le donne. Questa convinzione mi fa ritenere tutti &#8211; proprio tutti miei fratelli e sorelle. E il Padre si comporta come uno che \u00e8 pi\u00f9 misericordioso che giusto. Per questo non mi fa paura\u00bb.<\/p>\n<p><strong>Compir\u00e0 80 anni. Ha paura della morte?<\/strong><br \/>\n\u00abCerto che della morte ho paura. Come possiamo accettare che tutto finisca nel nulla? Il nostro corpo, l&#8217;anima, la mente, ogni parte di noi \u00e8 creata per la vita, per la relazione, per desiderare e per pensare il futuro. Il Vangelo risponde a questo istinto dicendoci che Ges\u00f9 \u00e8 risorto e che noi risorgiamo con lui\u00bb.<\/p>\n<p><strong>Esiste l&#8217;inferno?<\/strong><br \/>\n\u00abEsiste soprattutto in terra, oggi, con le guerre, le violenze, le ingiustizie, gli egoismi. \u00c8 l&#8217;uomo che li crea, non certo Dio, l&#8217;inferno dipende dalla testardaggine umana di rifiutare Dio e di scegliere definitivamente il male. Mi auguro che sia vuoto\u00bb.<\/p>\n<\/div>\n<div class=\"art_Content\"><strong>Lei \u00e8 stato vescovo di Terni. E a Terni \u00e8 finito nel tritacarne della giustizia. L&#8217;accusarono di reati tremendi.<\/strong><br \/>\n\u00abQuando leggo di giustizia malata, di certa magistratura che non fa bene il suo lavoro, non posso non pensare all&#8217;assurda accusa di aver fondato un&#8217;associazione a delinquere. Niente meno! Debbo riconoscere che in realt\u00e0 non fui mai rimandato a giudizio e dopo pochi mesi di indagini la mia posizione non solo fu archiviata, ma il giudice volle congratularsi con il mio servizio per il bene del territorio. Diciamo che ci fu una certa schizofrenia giudiziaria. Per me, una breve parentesi che non mi ha affatto impedito di continuare a lavorare al servizio della Chiesa e dei papi. Troppa gente, per\u00f2, rimane vittima di meccanismi perversi\u00bb.<strong>Chi \u00e8 Bergoglio?<\/strong><br \/>\n\u00abBergoglio \u00e8 l&#8217;uomo che la Provvidenza ha posto alla guida della Chiesa in questo momento storico, di profondo cambiamento d&#8217;epoca. \u00c8 profondamente innamorato del Vangelo e dell&#8217;umanit\u00e0. E non si risparmia di ricordare a tutti che Dio \u00e8 anzitutto misericordia. E in tempo di guerre e conflitti \u00e8 davvero il Papa che ci vuole\u00bb.<strong>Ma \u00e8 un Papa di sinistra, comunista?<\/strong><br \/>\n\u00abSinistra e destra sono categorie estranee, perch\u00e9 mondane\u00bb.<\/p>\n<p><strong>Ha scritto un libro sull&#8217;intelligenza artificiale. L&#8217;intelligenza artificiale, creata dall&#8217;uomo, non minaccia l&#8217;unicit\u00e0 di Dio?<\/strong><br \/>\n\u00abAl contrario, sono convinto che sia necessario accompagnare le ultime frontiere della tecnologia e dell&#8217;IA perch\u00e9, in quanto scoperte umane, ci rivelano ancora di pi\u00f9, gli enormi talenti che Dio ha posto nell&#8217;umano\u00bb.<\/p>\n<\/div>\n<div><\/div>\n<div><img loading=\"lazy\" decoding=\"async\" class=\"alignnone wp-image-27426\" src=\"https:\/\/www.vincenzopaglia.it\/wp-content\/uploads\/2024\/10\/pagliailgiornale.jpg\" alt=\"\" width=\"395\" height=\"579\" srcset=\"https:\/\/www.vincenzopaglia.it\/wp-content\/uploads\/2024\/10\/pagliailgiornale.jpg 600w, https:\/\/www.vincenzopaglia.it\/wp-content\/uploads\/2024\/10\/pagliailgiornale-191x280.jpg 191w, https:\/\/www.vincenzopaglia.it\/wp-content\/uploads\/2024\/10\/pagliailgiornale-109x160.jpg 109w\" sizes=\"auto, (max-width: 395px) 100vw, 395px\" \/><\/div>\n<\/div>\n<\/div>\n<\/div>\n<\/div>\n<div><\/div>\n<\/div>\n<div class=\"page-wrapper\">\n<div class=\"page p77 odd\">\n<div id=\"divimg-38\" class=\"artimg\">\n<div class=\"imgfull\">da <strong>IL GIORNALE<\/strong>\u00a0 del 28 ottobre 2024<\/div>\n<\/div>\n<\/div>\n<\/div>\n<div class=\"page-wrapper\">\n<div><\/div>\n<\/div>\n<\/div>\n<\/div>\n<\/div>\n<\/div>\n<\/div>\n<\/div>\n<div id=\"footer\"><\/div>\n","protected":false},"excerpt":{"rendered":"<p>di Hoara Borselli Vincenzo Paglia \u00e8 uno dei pi\u00f9 celebri Vescovi italiani. Compir\u00e0 80 anni il prossimo aprile. \u00c8 una delle persone pi\u00f9 vicine a Papa Bergoglio. \u00c8 il presidente della Pontifica Accademia per la vita. Monsignore, cosa ricorda della sua infanzia? \u00abSono nato nei giorni in cui si concludeva la seconda guerra mondiale. In [&hellip;]<\/p>\n","protected":false},"author":2,"featured_media":27383,"comment_status":"closed","ping_status":"closed","sticky":false,"template":"","format":"standard","meta":{"footnotes":""},"categories":[8,11,7],"tags":[],"class_list":["post-27425","post","type-post","status-publish","format-standard","has-post-thumbnail","hentry","category-news","category-interviste","category-rassegna"],"jetpack_featured_media_url":"https:\/\/www.vincenzopaglia.it\/wp-content\/uploads\/2024\/03\/monsignor-Vincenzo-Paglia-640x267-1.jpg","_links":{"self":[{"href":"https:\/\/www.vincenzopaglia.it\/index.php\/wp-json\/wp\/v2\/posts\/27425","targetHints":{"allow":["GET"]}}],"collection":[{"href":"https:\/\/www.vincenzopaglia.it\/index.php\/wp-json\/wp\/v2\/posts"}],"about":[{"href":"https:\/\/www.vincenzopaglia.it\/index.php\/wp-json\/wp\/v2\/types\/post"}],"author":[{"embeddable":true,"href":"https:\/\/www.vincenzopaglia.it\/index.php\/wp-json\/wp\/v2\/users\/2"}],"replies":[{"embeddable":true,"href":"https:\/\/www.vincenzopaglia.it\/index.php\/wp-json\/wp\/v2\/comments?post=27425"}],"version-history":[{"count":3,"href":"https:\/\/www.vincenzopaglia.it\/index.php\/wp-json\/wp\/v2\/posts\/27425\/revisions"}],"predecessor-version":[{"id":27429,"href":"https:\/\/www.vincenzopaglia.it\/index.php\/wp-json\/wp\/v2\/posts\/27425\/revisions\/27429"}],"wp:featuredmedia":[{"embeddable":true,"href":"https:\/\/www.vincenzopaglia.it\/index.php\/wp-json\/wp\/v2\/media\/27383"}],"wp:attachment":[{"href":"https:\/\/www.vincenzopaglia.it\/index.php\/wp-json\/wp\/v2\/media?parent=27425"}],"wp:term":[{"taxonomy":"category","embeddable":true,"href":"https:\/\/www.vincenzopaglia.it\/index.php\/wp-json\/wp\/v2\/categories?post=27425"},{"taxonomy":"post_tag","embeddable":true,"href":"https:\/\/www.vincenzopaglia.it\/index.php\/wp-json\/wp\/v2\/tags?post=27425"}],"curies":[{"name":"wp","href":"https:\/\/api.w.org\/{rel}","templated":true}]}}