{"id":27232,"date":"2023-02-01T17:21:57","date_gmt":"2023-02-01T16:21:57","guid":{"rendered":"https:\/\/www.vincenzopaglia.it\/?p=27232"},"modified":"2023-02-01T17:56:31","modified_gmt":"2023-02-01T16:56:31","slug":"va-bene-la-certezza-della-pena-ma-serve-umanita-non-giustizialismo","status":"publish","type":"post","link":"https:\/\/www.vincenzopaglia.it\/index.php\/va-bene-la-certezza-della-pena-ma-serve-umanita-non-giustizialismo.html","title":{"rendered":"\u201cVa bene la certezza della pena ma serve umanit\u00e0, non giustizialismo\u201d"},"content":{"rendered":"<p>di <strong>Domenico Agasso<\/strong><\/p>\n<p><strong>CITT\u00c0 DEL VATICANO.\u00a0Monsignor Vincenzo Paglia, presidente della Pontificia Accademia per la Vita, ieri Luigi Manconi dalle pagine de La Stampa ha lanciato un appello al Papa affinch\u00e9 intervenga per Alfredo Cospito, detenuto al 41bis, in sciopero della fame nel carcere di Sassari da ottobre: che cosa ne pensa?<\/strong><\/p>\n<p>\u00abLa sorte dei detenuti deve riguardare tutta la societ\u00e0. Ci deve riguardare. In questo senso, bene ha fatto l\u2019amico Luigi Manconi a sollevare l\u2019attenzione su Alfredo Cospito. Ora Cospito \u00e8 in condizioni gravissime sia per le conseguenze di una caduta, sia per la profonda debilitazione fisica provocata dallo sciopero. Manconi si appella a papa Francesco, non perch\u00e9 si debba intromettere nelle questioni carcerarie italiane ma perch\u00e9 questa vicenda non cada nell\u2019oblio\u00bb.<\/p>\n<p><strong>Qual \u00e8 la sua personale opinione?<\/strong><\/p>\n<div id=\"adv-Bottom\">\n<div id=\"div-gpt-ad-Bottom\" data-google-query-id=\"CL30vNTb9PwCFYZV4AoduGYNHQ\">\n<div id=\"google_ads_iframe_\/35012960\/lastampa.it\/vaticaninsider\/Bottom_0__container__\"><iframe id=\"google_ads_iframe_\/35012960\/lastampa.it\/vaticaninsider\/Bottom_0\" tabindex=\"0\" title=\"3rd party ad content\" role=\"region\" name=\"google_ads_iframe_\/35012960\/lastampa.it\/vaticaninsider\/Bottom_0\" width=\"1\" height=\"1\" frameborder=\"0\" marginwidth=\"0\" marginheight=\"0\" scrolling=\"no\" aria-label=\"Advertisement\" data-load-complete=\"true\" data-google-container-id=\"7\" data-mce-fragment=\"1\"><\/iframe><\/div>\n<\/div>\n<\/div>\n<p>\u00abVorrei che un analogo appello giungesse al Ministro della Giustizia, ai magistrati, al governo nella sua interezza, perch\u00e9 ci sia sempre un &#8220;di pi\u00f9\u201d di umanit\u00e0 nell\u2019applicazione della legge, per non dimenticare il legame tra la giustizia e la possibilit\u00e0 di ripensamento e riscatto per i colpevoli\u00bb.<\/p>\n<p><strong>Intravede mancanze nella gestione di questo caso?<\/strong><\/p>\n<p>\u00abIn questi nostri tempi dobbiamo combattere l\u2019oblio e dobbiamo riaffermare il valore della vita umana, sempre, in qualunque condizione. La giustizia si basa sulla pena e sulla certezza di questa. Qui, non c\u2019\u00e8 dubbio, una pena \u00e8 stata erogata al termine di un iter giudiziario in un paese democratico. Ma dopo, non possiamo lasciare i carcerati l\u00ec, dove si trovano, in quel limbo di quattro mura dove, se va bene, se sono fortunati, trovano una situazione favorevole ed hanno delle possibilit\u00e0 di riflettere, redimersi, riscattarsi, lavorare o studiare, qualificarsi, per vivere una seconda vita, positiva, una volta terminata la pena. Ovvero, se non sono fortunati, si trovano in condizioni poco umane e la pena non diventa motivo o possibilit\u00e0 di riabilitazione ma ulteriore condizione afflittiva, nella dimenticanza, nell\u2019oblio, nell\u2019indifferenza\u00bb.<\/p>\n<p><strong>Di che cosa c\u2019\u00e8 bisogno?<\/strong><\/p>\n<p>\u00abNon solo di applicare la Costituzione e la pi\u00f9 avanzata legislazione, quando dispone che il carcere sia strumento di riabilitazione. Ma dobbiamo ricordarci che il valore della vita \u00e8 un bene supremo. E non perch\u00e9 lo dice la Chiesa, ma piuttosto perch\u00e9 \u00e8 un valore ragionevole, \u00e8 un valore di civilt\u00e0, \u00e8 alla base di ogni societ\u00e0 che abbia a cuore il progresso umano, culturale, sociale, economico, dei propri concittadini\u00bb.<\/p>\n<p><strong>Anche quando sbagliano gravemente?<\/strong><\/p>\n<p>\u00abA maggior ragione, proprio quando sbagliano ed hanno bisogno di espiare i torti commessi, ma anche di potersi redimere per la societ\u00e0 e per loro stessi\u00bb.<\/p>\n<p><strong>Lei conosce Cospito? Che effetto le fa saperlo nelle condizioni attuali?<\/strong><\/p>\n<p>\u00abNon lo conosco di persona. Per\u00f2 colpisce che un uomo si infligga un durissimo sciopero della fame, che lo porta a mettere in pericolo la vita. E dico come cristiano, come cittadino e come persona, che non \u00e8 possibile. Certamente tutte le leggi sono state rispettate nel suo caso, come in tanti altri. Ma l\u2019opportunit\u00e0 di riscatto, di revisione di vita, di un supplemento di umanit\u00e0, deve essere offerta a tutti e non solo a qualcuno\u00bb.<\/p>\n<p><strong>Le vengono in mente riferimenti biblici?<\/strong><\/p>\n<p>\u00abPensiamo a Caino, omicida, quando dice: sono forse io il guardiano di mio fratello? Ebbene s\u00ec, la grande storia della Bibbia ebraica e del cristianesimo, \u00e8 una vicenda umana di rapporti, di relazioni, con la parola di Dio che invita il popolo ebraico e tutta l\u2019umanit\u00e0 a guardare agli altri esseri umani come fratelli e sorelle, non degli sconosciuti. E in ogni incontro c\u2019\u00e8 una possibilit\u00e0 di vita in pi\u00f9, una relazione aggiuntiva, una possibilit\u00e0 di umanit\u00e0. La democrazia diventi per noi non solo espressione di un regime di benessere economico e materiale, ma sinonimo di umanit\u00e0 e di attenzione agli altri, di rispetto per il valore della vita umana\u00bb.<\/p>\n<p><strong>Come descriverebbe la situazione attuale della giustizia e delle carceri italiane?<\/strong><\/p>\n<p>\u00abQualche anno fa, ragionando proprio con Manconi \u2013 riflessioni poi confluite nel nostro libro \u201cIl senso della vita. Conversazioni tra un religioso e un pococredente\u201d (Edizioni Einaudi) \u2013 concordavamo nel sottolineare che non possiamo retrocedere sulla concezione redentiva del carcere e della pena. \u00c8 una questione di civilt\u00e0. La distrazione da tale obiettivo diventa complicit\u00e0 con una cultura giustizialista e, alla fine, crudele. Le carceri devono essere la cartina al tornasole della capacit\u00e0 di esercitare una vera giustizia, dove la velocit\u00e0 del giudizio e la certezza della pena si coniugano con misure sagacemente pensate per recuperare le persone e reinserirle nella societ\u00e0. Lo snodo essenziale \u00e8 la relazione\u00bb.<\/p>\n<p><strong>Ci spiega?<\/strong><\/p>\n<p>\u00abTutti sono protagonisti, dagli operatori dell\u2019amministrazione alle famiglie dei detenuti, agli stessi detenuti. Vale per tutti, e anche nelle carceri: isolamento non deve voler dire solitudine. Possono essere necessarie forme di isolamento: ma guai a favorire la solitudine! In questo campo vanno trovate e investite risorse sulla formazione degli operatori, sul potenziamento del volontariato, sugli strumenti tecnologici che possano consentire ai detenuti di studiare e acquisire professionalit\u00e0. E per il reinserimento nel mercato del lavoro una volta scontata la pena\u00bb.<\/p>\n<p><strong>Qual \u00e8 il pensiero del Pontefice su questi temi?<\/strong><\/p>\n<p>\u00abPapa Francesco nel settembre 2019 in piazza San Pietro, nel discorso rivolto al personale dell\u2019amministrazione penitenziaria e della giustizia minorile, sottolineava la necessit\u00e0 di fare in modo che la pena non comprometta il diritto alla speranza, che siano garantite prospettive di riconciliazione e di reinserimento. Mentre si rimedia agli sbagli del passato, non si pu\u00f2 cancellare la speranza nel futuro\u00bb.<\/p>\n<p><strong><a href=\"https:\/\/www.lastampa.it\/vatican-insider\/it\/2023\/01\/28\/news\/cospito_monsignor_vincenzo_paglia_va_bene_la_certezza_della_pena_ma_serve_umanita_non_giustizialismo-12610281\/\">LA STAMPA<\/a><\/strong><\/p>\n","protected":false},"excerpt":{"rendered":"<p>di Domenico Agasso CITT\u00c0 DEL VATICANO.\u00a0Monsignor Vincenzo Paglia, presidente della Pontificia Accademia per la Vita, ieri Luigi Manconi dalle pagine de La Stampa ha lanciato un appello al Papa affinch\u00e9 intervenga per Alfredo Cospito, detenuto al 41bis, in sciopero della fame nel carcere di Sassari da ottobre: che cosa ne pensa? \u00abLa sorte dei detenuti [&hellip;]<\/p>\n","protected":false},"author":2,"featured_media":27127,"comment_status":"closed","ping_status":"closed","sticky":false,"template":"","format":"standard","meta":{"footnotes":""},"categories":[11,7],"tags":[],"class_list":["post-27232","post","type-post","status-publish","format-standard","has-post-thumbnail","hentry","category-interviste","category-rassegna"],"jetpack_featured_media_url":"https:\/\/www.vincenzopaglia.it\/wp-content\/uploads\/2022\/08\/pagliay.jpg","_links":{"self":[{"href":"https:\/\/www.vincenzopaglia.it\/index.php\/wp-json\/wp\/v2\/posts\/27232","targetHints":{"allow":["GET"]}}],"collection":[{"href":"https:\/\/www.vincenzopaglia.it\/index.php\/wp-json\/wp\/v2\/posts"}],"about":[{"href":"https:\/\/www.vincenzopaglia.it\/index.php\/wp-json\/wp\/v2\/types\/post"}],"author":[{"embeddable":true,"href":"https:\/\/www.vincenzopaglia.it\/index.php\/wp-json\/wp\/v2\/users\/2"}],"replies":[{"embeddable":true,"href":"https:\/\/www.vincenzopaglia.it\/index.php\/wp-json\/wp\/v2\/comments?post=27232"}],"version-history":[{"count":1,"href":"https:\/\/www.vincenzopaglia.it\/index.php\/wp-json\/wp\/v2\/posts\/27232\/revisions"}],"predecessor-version":[{"id":27233,"href":"https:\/\/www.vincenzopaglia.it\/index.php\/wp-json\/wp\/v2\/posts\/27232\/revisions\/27233"}],"wp:featuredmedia":[{"embeddable":true,"href":"https:\/\/www.vincenzopaglia.it\/index.php\/wp-json\/wp\/v2\/media\/27127"}],"wp:attachment":[{"href":"https:\/\/www.vincenzopaglia.it\/index.php\/wp-json\/wp\/v2\/media?parent=27232"}],"wp:term":[{"taxonomy":"category","embeddable":true,"href":"https:\/\/www.vincenzopaglia.it\/index.php\/wp-json\/wp\/v2\/categories?post=27232"},{"taxonomy":"post_tag","embeddable":true,"href":"https:\/\/www.vincenzopaglia.it\/index.php\/wp-json\/wp\/v2\/tags?post=27232"}],"curies":[{"name":"wp","href":"https:\/\/api.w.org\/{rel}","templated":true}]}}