{"id":27156,"date":"2022-10-04T15:35:50","date_gmt":"2022-10-04T13:35:50","guid":{"rendered":"https:\/\/www.vincenzopaglia.it\/?p=27156"},"modified":"2022-10-04T15:36:52","modified_gmt":"2022-10-04T13:36:52","slug":"francesco-in-un-mondo-in-guerra-serve-la-tenerezza-degli-anziani","status":"publish","type":"post","link":"https:\/\/www.vincenzopaglia.it\/index.php\/francesco-in-un-mondo-in-guerra-serve-la-tenerezza-degli-anziani.html","title":{"rendered":"Francesco: in un mondo in guerra, serve la tenerezza degli anziani"},"content":{"rendered":"<div class=\"article__text \">\n<p>di <b>Andrea De Angelis\u00a0<\/b><\/p>\n<p>Le carezze, gli abbracci, l&#8217;essere chiamati per nome sono elementi nella vita di tutti e ciascuno che non conoscono il filtro dell&#8217;et\u00e0. Contano per ogni persona, al di l\u00e0 della cultura, delle diverse religioni e appartenenze politiche. Anche, dunque, dell&#8217;et\u00e0. La Giornata internazionale per le persone anziane, che si celebra ogni anno il primo giorno del mese di ottobre, intende accende i riflettori sul ruolo importante che questi individui hanno nella societ\u00e0, sui diritti che non vengono meno con il passare degli anni, sulla dignit\u00e0 di ogni singolo cittadino, qualunque sia la sua data di nascita. Il Papa, per l&#8217;occasione, con un tweet esprime ancora una volta la sua premura verso questa categoria di uomini e donne spesso vittime della cultura dello scarto. Dall&#8217;account @Pontifex in nove lingue Francesco scrive:<\/p>\n<p><i>Noi persone anziane abbiamo spesso una sensibilit\u00e0 speciale per la cura, per la riflessione e per l\u2019affetto. Siamo, o possiamo diventare, maestri della tenerezza. Abbiamo bisogno, in questo mondo abituato alla guerra, di una vera rivoluzione della tenerezza!\u00a0#IDOP<\/i><\/p>\n<p><strong>Le catechesi di Francesco\u00a0<\/strong><\/p>\n<p>Gi\u00e0 quest&#8217;anno il Papa aveva dedicato un ampio ciclo di catechesi alle persone in et\u00e0 avanzata. Francesco, in un percorso ricco di moniti e meditazioni, spiega che gli anziani, \u201cmai cos\u00ec numerosi come adesso\u201d, sono spesso visti come un peso, soprattutto quando prevale la \u201ccultura dello scarto\u201d. La vecchiaia, in realt\u00e0, \u00e8 un dono di maturit\u00e0 e di saggezza \u201cper tutte le et\u00e0 della vita\u201d: essere anziani, ricorda, \u00e8 \u201caltrettanto importante e bello che essere giovani\u201d. Gli anziani, ribadisce, trasmettono la storia, custodiscono la fede. Il mondo ha bisogno di \u201cgiovani forti\u201d e di \u201cvecchi saggi\u201d. La vita dell\u2019anziano \u00e8 \u201cun congedo lento\u201d, ma \u201cun congedo gioioso\u201d. Dell&#8217;importanza di queste catechesi parla anche\u00a0<b>l&#8217;arcivescovo<\/b>\u00a0<b>Vincenzo Paglia<\/b>, intervenuto in diretta su\u00a0<i>Radio Vaticana<\/i>\u00a0nel corso della trasmissione di\u00a0<i>Doppio Click<\/i>\u00a0dedicata alla Giornata internazionale.<\/p>\n<p><strong>Chiamatela quarta et\u00e0\u00a0<\/strong><\/p>\n<p>Monsignor Vincenzo Paglia, presidente della Pontificia Accademia per la Vita e della Commissione per la riforma dell\u2019assistenza sanitaria per la popolazione anziana (istituita a Palazzo Chigi), ha sottolineato l&#8217;importanza del dialogo tra le generazioni, affermando il valore inestimabile, ad esempio, del tempo trascorso dai nonni con i nipoti. Un dialogo che diventa vicinanza, tenerezza, presenza e genera un arricchimento reciproco. Quindi l&#8217;appello alla creativit\u00e0, rivolto in particolare ai pensionati chiamati a dare un senso profondo alla loro vita anche dopo la fine dell&#8217;impegno lavorativo.<\/p>\n<p><b>Monsignor Paglia, partiamo proprio da questo aspetto: la vecchiaia come un privilegio, nella consapevolezza di essere arrivati a quella che viene chiamata la terza et\u00e0. Quanto \u00e8 importante sottolineare questo concetto?<\/b><\/p>\n<p>Credo che sia decisivo farlo. Per la prima volta nella storia dell&#8217;umanit\u00e0 esiste la vecchiaia di massa e siamo gi\u00e0 dinanzi alla convivenza di quattro generazioni. Parlare di terza et\u00e0 \u00e8 riduttivo, siamo alla quarta et\u00e0: i bambini, i giovani, gli adulti e gli anziani. Come un palazzo di quattro piani, pieno di gente, in maniera purtroppo un po&#8217; squilibrata e dove l&#8217;ultimo piano \u00e8 un po&#8217; affollato. C&#8217;\u00e8 un pericolo: l&#8217;assenza di scale e di ascensori in questo palazzo. Cio\u00e8 la mancanza di comunicazione tra le generazioni. Dunque \u00e8 decisivo pensare alla ricchezza che gli anziani portano alla societ\u00e0. Non sono un peso e uno scarto, sono una risorsa! Abbiamo calcolato che in Italia il lavoro svolto dai nonni con i nipoti, tradotto sul piano economico, equivale ad una finanziaria. C&#8217;\u00e8 un rapporto tra nonni e nipoti che \u00e8 fatto di complicit\u00e0, affetto e simpatia. Portano ai nostri piccoli un fiume di affettivit\u00e0 in una societ\u00e0 troppo anaffettiva: i genitori hanno da fare, non passano del tempo con i figli che a loro volta stanno ore davanti al computer, in una bolla virtuale con tutti i rischi e le privazioni che questo comporta. Pensare ad una Giornata internazionale nella quale gli anziani possono tornare ad essere al centro dell&#8217;attenzione di tutti, secondo me \u00e8 salutare. Ne abbiamo davvero bisogno.<\/p>\n<p><b>Eccellenza, poco pi\u00f9 di un anno fa avete presentato al presidente Draghi la Carta dei diritti degli anziani e dei doveri della societ\u00e0. Ci dice almeno un dovere della societ\u00e0, e dunque di tutti noi verso gli anziani?<\/b><\/p>\n<p>Quello di amarli, di volergli bene. Il virus pi\u00f9 pericoloso della vecchiaia \u00e8 la solitudine e il vaccino indispensabile \u00e8 l&#8217;affetto. Visitare queste persone ci permette di sconfiggere la piaga pi\u00f9 terribile, quella dell&#8217;abbandono. Non ci costa nulla, lo possono fare tutti: i piccoli, gli adolescenti, i giovani e gli adulti. Quando nella Bibbia si parla di onorare il padre e la madre il riferimento \u00e8 proprio agli anziani. Onorarli, aggiunge il Libro del Siracide, anche quando perdono il senno. Pensiamo all&#8217;Alzheimer: molti credono che queste persone siano da scartare. Si tratta invece di un patrimonio di sentimenti enorme che va accolto e curato. Noi abbiamo voluto sottolineare, con questa Carta, i diritti degli anziani: essere visitati, chiamati per per nome, aiutati; e i doveri che la societ\u00e0 ha verso di loro.<\/p>\n<p><b>Essere accanto, farsi prossimi anche quando, penso proprio a chi \u00e8 affetto da alzheimer, si fa fatica a riconoscere la persona che si ha vicino. Monsignor Paglia, c&#8217;\u00e8 anche un&#8217;altra categoria, diciamo cos\u00ec, di anziani a cui prestare attenzione: quella dei pensionati. Spesso il passaggio dalla vita lavorativa alla pensione pu\u00f2 risultare traumatico, si perde il senso della propria esistenza dopo decenni di impiego quotidiano. Cosa si sente di dire a queste persone?<\/b><\/p>\n<p>Io ho scritto ultimamente un volume intitolato\u00a0<i>&#8220;L&#8217;et\u00e0 da inventare&#8221;<\/i>. In effetti c&#8217;\u00e8 da inventare, perch\u00e9 noi viviamo rispetto al passato decenni in pi\u00f9. Pensiamo a cosa ci siamo inventati per i primi trent&#8217;anni di vita: asilo, elementari, medie, liceo, universit\u00e0 e via dicendo. Quando si va in pensione si pu\u00f2 vivere ancora per trent&#8217;anni, e cosa abbiamo ideato? Nulla! C&#8217;\u00e8 bisogno di una creativit\u00e0 nuova, comprendere come vivere questi anni. Le catechesi di Papa Francesco sulla vecchiaia sono il primo libro dedicato al modo in cui vivere questo tempo cristianamente. La prima volta che un Papa ne parla, che esce un volume su questo. Rispondendo alla sua domanda, un anziano di settant&#8217;anni pu\u00f2 fare volontariato, pu\u00f2 continuare a lavorare, ripensando il rapporto con la societ\u00e0. Ci sono gi\u00e0 oggi in Italia associazioni di pensionati che si organizzano per aiutare altri che stanno peggio. Certamente l&#8217;alleanza tra giovani e anziani \u00e8 una prateria di invenzione, possiamo metterci davvero insieme per la vita di chi non ha ancora un lavoro inteso in modo tradizionale, ma forse \u00e8 il caso di cambiare anche il concetto di lavoro. Si pu\u00f2 inventare un lavoro non retribuito in maniera analoga, ma che attraverso piccole sovvenzioni possa interessare, ad esempio, il mondo dell&#8217;artigianato.<\/p>\n<p><strong><a href=\"https:\/\/www.vaticannews.va\/it\/chiesa\/news\/2022-10\/giornata-mondiale-anziani-oggi-ottobre-chiesa-paglia-papa-vecchi.html\">VATICANNEWS<\/a><\/strong><\/p>\n<\/div>\n<div id=\"banner-donazioni\" class=\"article_banner\"><\/div>\n","protected":false},"excerpt":{"rendered":"<p>di Andrea De Angelis\u00a0 Le carezze, gli abbracci, l&#8217;essere chiamati per nome sono elementi nella vita di tutti e ciascuno che non conoscono il filtro dell&#8217;et\u00e0. Contano per ogni persona, al di l\u00e0 della cultura, delle diverse religioni e appartenenze politiche. Anche, dunque, dell&#8217;et\u00e0. La Giornata internazionale per le persone anziane, che si celebra ogni [&hellip;]<\/p>\n","protected":false},"author":2,"featured_media":27157,"comment_status":"closed","ping_status":"closed","sticky":false,"template":"","format":"standard","meta":{"footnotes":""},"categories":[8,11,7],"tags":[],"class_list":["post-27156","post","type-post","status-publish","format-standard","has-post-thumbnail","hentry","category-news","category-interviste","category-rassegna"],"jetpack_featured_media_url":"https:\/\/www.vincenzopaglia.it\/wp-content\/uploads\/2022\/10\/papa.jpeg","_links":{"self":[{"href":"https:\/\/www.vincenzopaglia.it\/index.php\/wp-json\/wp\/v2\/posts\/27156","targetHints":{"allow":["GET"]}}],"collection":[{"href":"https:\/\/www.vincenzopaglia.it\/index.php\/wp-json\/wp\/v2\/posts"}],"about":[{"href":"https:\/\/www.vincenzopaglia.it\/index.php\/wp-json\/wp\/v2\/types\/post"}],"author":[{"embeddable":true,"href":"https:\/\/www.vincenzopaglia.it\/index.php\/wp-json\/wp\/v2\/users\/2"}],"replies":[{"embeddable":true,"href":"https:\/\/www.vincenzopaglia.it\/index.php\/wp-json\/wp\/v2\/comments?post=27156"}],"version-history":[{"count":2,"href":"https:\/\/www.vincenzopaglia.it\/index.php\/wp-json\/wp\/v2\/posts\/27156\/revisions"}],"predecessor-version":[{"id":27159,"href":"https:\/\/www.vincenzopaglia.it\/index.php\/wp-json\/wp\/v2\/posts\/27156\/revisions\/27159"}],"wp:featuredmedia":[{"embeddable":true,"href":"https:\/\/www.vincenzopaglia.it\/index.php\/wp-json\/wp\/v2\/media\/27157"}],"wp:attachment":[{"href":"https:\/\/www.vincenzopaglia.it\/index.php\/wp-json\/wp\/v2\/media?parent=27156"}],"wp:term":[{"taxonomy":"category","embeddable":true,"href":"https:\/\/www.vincenzopaglia.it\/index.php\/wp-json\/wp\/v2\/categories?post=27156"},{"taxonomy":"post_tag","embeddable":true,"href":"https:\/\/www.vincenzopaglia.it\/index.php\/wp-json\/wp\/v2\/tags?post=27156"}],"curies":[{"name":"wp","href":"https:\/\/api.w.org\/{rel}","templated":true}]}}