{"id":26611,"date":"2021-05-05T12:32:01","date_gmt":"2021-05-05T10:32:01","guid":{"rendered":"https:\/\/www.vincenzopaglia.it\/?p=26611"},"modified":"2021-05-05T13:28:02","modified_gmt":"2021-05-05T11:28:02","slug":"oggi-lassistenza-e-monopolio-delle-rsa-aiutiamo-gli-anziani-a-restare-in-famiglia","status":"publish","type":"post","link":"https:\/\/www.vincenzopaglia.it\/index.php\/oggi-lassistenza-e-monopolio-delle-rsa-aiutiamo-gli-anziani-a-restare-in-famiglia.html","title":{"rendered":"\u00abOggi l&#8217;assistenza \u00e8 monopolio delle Rsa Aiutiamo gli anziani a restare in famiglia\u00bb"},"content":{"rendered":"<p>di <strong>Gian Guido Vecchi<\/strong><\/p>\n<div class=\"chapter clearfix\">\n<p class=\"chapter-paragraph\">\u00abA giorni presenteremo a Mario Draghi\u00a0il primo blocco della riforma,\u00a0secondo le indicazioni che il presidente del Consiglio ha recepito nel Pnrr, ovvero la\u00a0<a href=\"https:\/\/www.corriere.it\/cronache\/21_maggio_04\/da-maggio-tornano-visite-rsa-ecco-come-potranno-avvenire-56e31098-acb0-11eb-b89d-9c2f0a2ddccd.shtml\">centralit\u00e0 dell\u2019assistenza domiciliare integrata agli anziani<\/a>\u00bb. L\u2019arcivescovo\u00a0<a href=\"https:\/\/www.corriere.it\/politica\/20_dicembre_01\/anticipo-nessuno-scandalo-l-importante-non-cancellarla-1f4a2f1a-3418-11eb-be82-c9839d3e98fa.shtml\">Vincenzo Paglia <\/a>presiede la \u00abCommissione per la riforma della assistenza per la popolazione anziana\u00bb istituita dal ministro della Salute Roberto Speranza. Consigliere spirituale di Sant\u2019Egidio, condivide la denuncia della comunit\u00e0 contro il \u00abmonopolio\u00bb di Rsa e case di riposo.<\/p>\n<\/div>\n<div class=\"chapter clearfix\">\n<p class=\"chapter-paragraph\"><strong>C\u2019\u00e8 chi dice che la commissione se la prende troppo con le Rsa, perch\u00e9?<\/strong><br \/>\n\u00abConosco molto bene queste critiche. E conosco altrettanto bene il moltiplicarsi delle segnalazioni di abusi e situazioni di abbandono verso gli anziani ospiti di Rsa. Il primo atto della Commissione \u00e8 stato proprio di contribuire alla ripresa in sicurezza delle visite nelle residenze. Ne \u00e8 seguita una circolare ministeriale del 30 novembre 2020 con le\u00a0\u201cdisposizioni per l\u2019accesso dei visitatori\u201d, proprio per scongiurare il fatto, ormai acclarato, che si muore di solitudine ed abbandono almeno quanto si muore di Covid\u00bb.<\/p>\n<div id=\"rcsad_Bottom1_Ph\"><strong>E poi che \u00e8 successo?<br \/>\n<\/strong>\u00abAbbiamo assistito a una resistenza delle Rsa a dar seguito a quanto era stato disposto dal ministro e pi\u00f9 volte da me ribadito in pubblico.\u00a0Vox clamantis in deserto, mi verrebbe da dire. Le cifre dell\u2019inchiesta di Sant\u2019Egidio mostrano un rifiuto ostinato ad aprire: mi ha colpito molto che in due residenze su tre non abbiano consentito nemmeno le visite ai parenti. Si deve\u00a0aprire una nuova riflessione sui diritti degli anziani\u00a0e i doveri della collettivit\u00e0\u00bb.<\/div>\n<\/div>\n<div class=\"chapter clearfix\">\n<p class=\"chapter-paragraph\"><strong>Qual \u00e8 il problema?<\/strong><br \/>\n\u00abIl problema gravissimo,\u00a0in Italia, \u00e8 la mancanza di un vero\u00a0continuum\u00a0assistenziale,\u00a0non il fatto che esistano le Rsa. Piuttosto, \u00e8 il loro regime di monopolio a inquietare. Alcune cifre aiutano a capire: per le Rsa, lo Stato \u2014 sistema sanitario, Comuni e pazienti, ognuno per la sua parte \u2014 spende circa 12 miliardi all\u2019anno. Mentre per l\u2019assistenza domiciliare sociale, sanitaria e integrata non arriviamo a 2 miliardi, sei volte di meno. Ma gli anziani sopra i 75 anni con disabilit\u00e0 o problemi motori sono 2 milioni e 700 mila e, di questi, un milione e 200 mila non ha aiuto adeguato.\u00a0C\u2019\u00e8 una discriminazione lampante, considerato che nelle Rsa ci sono 280 mila persone, senza considerare il sommerso. Finire in una casa di riposo \u00e8 facilissimo, mentre \u00e8 difficilissimo ottenere un aiuto per rimanere a casa. Ecco perch\u00e9 c\u2019\u00e8 bisogno di una riforma\u00bb.<\/p>\n<div class=\"paywall-content\">\n<div class=\"chapter\">\n<p class=\"chapter-paragraph\"><strong>Quale?<\/strong><br \/>\n\u00abUn cambiamento radicale dell\u2019assistenza, nel quale la Commissione indica un ripensamento delle Rsa: essere una componente,\u00a0non il monopolio della assistenza. E questo nello spirito originario con cui nascevano le residenze: luoghi di recupero, ristoro e cura, e dunque necessariamente temporanee, per poter poi tornare a casa\u00bb.<\/p>\n<\/div>\n<div class=\"chapter\">\n<p class=\"chapter-paragraph\"><strong>Ma ci sono le persone non autosufficienti, non si scarica tutto sulle famiglie?<\/strong><br \/>\n\u00abNiente affatto. Ma, finch\u00e9 \u00e8 possibile, un anziano deve restare nel proprio ambiente. Occorre una rivoluzione copernicana: una nuova assistenza domiciliare, sanitaria e sociale, per mezzo milione di anziani, cifra basata sulle stime dell\u2019Istat. E poi indichiamo altre due componenti strategiche. La prima \u00e8\u00a0la semiresidenzialit\u00e0, la vera novit\u00e0\u00a0e forse anche il punto di trasformazione di parte delle Rsa: diventare centri diurni ad alta qualificazione, capaci di terapie occupazionali e cognitive e processi di inclusione e socialit\u00e0, formazione ed educazione. Un sostegno importante per le famiglie, che saranno supportate durante il giorno e potranno tenere a casa i loro cari la notte. Abbiamo pensato ad almeno centomila posti in centri diurni per chi ha patologie croniche come le demenze o le malattie respiratorie. Intanto stiamo facendo un censimento delle Rsa\u00bb.<\/p>\n<\/div>\n<div class=\"chapter\">\n<p class=\"chapter-paragraph\"><strong>L\u2019Italia invecchia, baster\u00e0 tutto questo?<\/strong><br \/>\n\u00abNe siamo consapevoli, e infatti l\u2019ultima componente che la Commissione pianifica \u00e8 un servizio di monitoraggio e prossimit\u00e0 per i 4 milioni di ultraottantenni che pi\u00f9 esprimono una domanda sociale e sanitaria. Bisogna prevenire. Non lasciamoli soli, non li scartiamo.\u00a0Gli anziani sono una risorsa preziosa da valorizzare, non da buttar via\u00bb.<\/p>\n<\/div>\n<\/div>\n<div id=\"pno-in-article-abbonato\" class=\"chapter\">\n<div class=\"tp-cxense-placeholder-inline tp-widget-placeholder\">\n<div id=\"cxense-22da3c779dc553c3b17fe2762a9e2006dd440fac\">\n<div class=\"bck-media-list-special has-shadow-special no-title\">\n<div class=\"media-list__header is--xsmall\">\n<div class=\"header-content\">\n<div class=\"items-brand\">\n<h3><em><a href=\"https:\/\/www.corriere.it\/cronache\/21_maggio_04\/monsignor-paglia-oggi-l-assistenza-monopolio-rsa-aiutiamo-anziani-rimanere-casa-e977ae54-ad0b-11eb-b89d-9c2f0a2ddccd.shtml\">Corriere della sera<\/a><\/em><\/h3>\n<\/div>\n<\/div>\n<\/div>\n<\/div>\n<\/div>\n<\/div>\n<\/div>\n<\/div>\n","protected":false},"excerpt":{"rendered":"<p>di Gian Guido Vecchi \u00abA giorni presenteremo a Mario Draghi\u00a0il primo blocco della riforma,\u00a0secondo le indicazioni che il presidente del Consiglio ha recepito nel Pnrr, ovvero la\u00a0centralit\u00e0 dell\u2019assistenza domiciliare integrata agli anziani\u00bb. L\u2019arcivescovo\u00a0Vincenzo Paglia presiede la \u00abCommissione per la riforma della assistenza per la popolazione anziana\u00bb istituita dal ministro della Salute Roberto Speranza. Consigliere spirituale [&hellip;]<\/p>\n","protected":false},"author":2,"featured_media":26612,"comment_status":"closed","ping_status":"closed","sticky":false,"template":"","format":"standard","meta":{"footnotes":""},"categories":[11,7],"tags":[],"class_list":["post-26611","post","type-post","status-publish","format-standard","has-post-thumbnail","hentry","category-interviste","category-rassegna"],"jetpack_featured_media_url":"https:\/\/www.vincenzopaglia.it\/wp-content\/uploads\/2021\/05\/case-di-riposo.jpg","_links":{"self":[{"href":"https:\/\/www.vincenzopaglia.it\/index.php\/wp-json\/wp\/v2\/posts\/26611","targetHints":{"allow":["GET"]}}],"collection":[{"href":"https:\/\/www.vincenzopaglia.it\/index.php\/wp-json\/wp\/v2\/posts"}],"about":[{"href":"https:\/\/www.vincenzopaglia.it\/index.php\/wp-json\/wp\/v2\/types\/post"}],"author":[{"embeddable":true,"href":"https:\/\/www.vincenzopaglia.it\/index.php\/wp-json\/wp\/v2\/users\/2"}],"replies":[{"embeddable":true,"href":"https:\/\/www.vincenzopaglia.it\/index.php\/wp-json\/wp\/v2\/comments?post=26611"}],"version-history":[{"count":3,"href":"https:\/\/www.vincenzopaglia.it\/index.php\/wp-json\/wp\/v2\/posts\/26611\/revisions"}],"predecessor-version":[{"id":26615,"href":"https:\/\/www.vincenzopaglia.it\/index.php\/wp-json\/wp\/v2\/posts\/26611\/revisions\/26615"}],"wp:featuredmedia":[{"embeddable":true,"href":"https:\/\/www.vincenzopaglia.it\/index.php\/wp-json\/wp\/v2\/media\/26612"}],"wp:attachment":[{"href":"https:\/\/www.vincenzopaglia.it\/index.php\/wp-json\/wp\/v2\/media?parent=26611"}],"wp:term":[{"taxonomy":"category","embeddable":true,"href":"https:\/\/www.vincenzopaglia.it\/index.php\/wp-json\/wp\/v2\/categories?post=26611"},{"taxonomy":"post_tag","embeddable":true,"href":"https:\/\/www.vincenzopaglia.it\/index.php\/wp-json\/wp\/v2\/tags?post=26611"}],"curies":[{"name":"wp","href":"https:\/\/api.w.org\/{rel}","templated":true}]}}