{"id":26346,"date":"2020-12-23T14:46:39","date_gmt":"2020-12-23T13:46:39","guid":{"rendered":"https:\/\/www.vincenzopaglia.it\/?p=26346"},"modified":"2020-12-23T15:22:05","modified_gmt":"2020-12-23T14:22:05","slug":"ecco-perche-diciamo-si-alluso-dei-vaccini-da-cellule-di-feti-abortiti","status":"publish","type":"post","link":"https:\/\/www.vincenzopaglia.it\/index.php\/ecco-perche-diciamo-si-alluso-dei-vaccini-da-cellule-di-feti-abortiti.html","title":{"rendered":"Ecco perch\u00e9 diciamo s\u00ec all&#8217;uso dei vaccini da cellule di feti abortiti"},"content":{"rendered":"<div class=\"story__toolbar\"><span class=\"story__toolbar__reading-time\">\u00a0di <strong>Paolo Rodari<\/strong><\/span><\/div>\n<div class=\"bottom-wrapper\">\n<div class=\"main-content\">\n<div class=\"story__wrapper\">\n<div id=\"gs-social-sharebutton-float\" class=\"gs-custom-cols-5 gs-custom-theme-2020-v1\">\n<div class=\"gs-sharebar\">\n<div class=\"gs-sharebar-cell\">\n<div class=\"gig-button-container gs-custom gig-button-container-vertical gs-custom-pinterest gs-has-text gig-button-container-count-none gig-button-container-gs-custom-customtpl-pinterest\"><strong><br \/>\nMonsignor Vincenzo Paglia, i vaccini contro il Covid19 sono moralmente leciti, dice la Congregazione per la Dottrina della Fede. Come \u00e8 possibile che ci fossero dei dubbi?<\/strong><\/div>\n<\/div>\n<\/div>\n<\/div>\n<div id=\"article-body\" class=\"story__content\">\n<div class=\"story__text\">\n<p>&#8220;Il fatto che nella preparazione di alcuni vaccini si siano utilizzate, anche se in fasi del processo non uguali per tutti, linee cellulari provenienti da feti abortiti nel secolo scorso, viene talvolta portato come motivo per respingere tutti i vaccini. Adesso con una parola chiara la Congregazione esclude che l\u2019uso di questi vaccini sia una cooperazione formale all\u2019aborto. \u00c8 un tema che tocca una grande sensibilit\u00e0 nel mondo cattolico e infatti la Congregazione chiede un impegno scientifico per cercare vie di produzione che impieghino altro materiale biologico. Ma in mancanza di alternative (come sta avvenendo nelle circostanze in cui ci troviamo e per la gravit\u00e0 della situazione), l\u2019uso di questi vaccini \u00e8 lecito. Ed inoltre \u00e8 in gioco non solo la salute personale, ma pure quella degli altri&#8221;.<\/p>\n<p><strong>Perch\u00e9 un secondo documento della Accademia per la Vita e del Dicastero per lo Sviluppo Umano Integrale?<\/strong><\/p>\n<p>&#8220;La collaborazione tra i due dicasteri avviene nel quadro della \u201cCommissione Covid\u201d istituita da Papa Francesco per studiare gli effetti e i rimedi alla pandemia, alla luce della Dottrina sociale della Chiesa. E i vaccini diventano cruciali: produzione, commercializzazione, distribuzione, accesso, sono temi di grande attualit\u00e0 ed impatto. Non pensiamo solo all\u2019Italia, all\u2019Europa o all\u2019Occidente ma a tutto il mondo dove le cure, le condizioni di vita, le risorse economiche possono decretare letteralmente la vita o la morte di decine di milioni di persone&#8221;.<\/p>\n<p><strong>E in concreto?<\/strong><\/p>\n<p>&#8220;Il Documento, dell\u2019Accademia e del Dicastero, esorta alla collaborazione sia scientifica sia internazionale e chiede di superare ogni logica di &#8216;nazionalismo vaccinale&#8217;, che pone gli Stati in antagonismo per affermare il proprio prestigio e trarne vantaggio a scapito di altri Paesi pi\u00f9 poveri. Come ha detto il Direttore dell\u2019Organizzazione mondiale della sanit\u00e0 ad agosto, la priorit\u00e0 dovr\u00e0 \u00abessere di vaccinare certe persone in tutti i Paesi piuttosto che tutte le persone in certi Paesi&#8221;.<\/p>\n<p><strong>Che ne pensa dell\u2019ipotesi di obbligare a vaccinarsi?<\/strong><\/p>\n<p>&#8220;Vaccinarsi \u00e8 piuttosto una responsabilit\u00e0 che ciascuno deve assumere, ovviamente secondo le priorit\u00e0 definite dalle autorit\u00e0 competenti. \u00c8 in gioco la tutela non solo della propria salute, ma anche di quella pubblica. Infatti la vaccinazione riduce da una parte la possibilit\u00e0 di infettarsi anche delle persone che non potranno riceverla per condizioni di salute gi\u00e0 precarie per altri motivi e dall\u2019altra il sovraccarico dei sistemi sanitari&#8221;.<\/p>\n<p><strong>Lei sta dicendo che la Chiesa, in questa pandemia, \u00e8 dalla parte della scienza?<\/strong><\/p>\n<p>&#8220;La Chiesa \u00e8 dalla parte dell\u2019umanit\u00e0, avvalendosi criticamente anche dei dati scientifici. La pandemia ci rivela quanto siamo fragili ed interconnessi, come persone e come societ\u00e0. Per uscire dalla crisi dobbiamo unire le forze, chiedere alla politica, alla scienza, alla societ\u00e0 civile, un grande lavoro comune. La Chiesa da parte sua invita a lavorare a favore del bene comune. Pi\u00f9 che mai indispensabile&#8221;.<\/p>\n<p><strong><a href=\"https:\/\/www.repubblica.it\/vaticano\/2020\/12\/22\/news\/monsignor_paglia_ecco_perche_l_uso_dei_vaccini_da_cellule_di_feti_abortiti_e_lecito_e_non_e_una_cooperazione_all_aborto-279423628\/\">REPUBBLICA<\/a><\/strong><\/p>\n<\/div>\n<\/div>\n<\/div>\n<\/div>\n<\/div>\n","protected":false},"excerpt":{"rendered":"<p>\u00a0di Paolo Rodari Monsignor Vincenzo Paglia, i vaccini contro il Covid19 sono moralmente leciti, dice la Congregazione per la Dottrina della Fede. Come \u00e8 possibile che ci fossero dei dubbi? &#8220;Il fatto che nella preparazione di alcuni vaccini si siano utilizzate, anche se in fasi del processo non uguali per tutti, linee cellulari provenienti da [&hellip;]<\/p>\n","protected":false},"author":2,"featured_media":26347,"comment_status":"closed","ping_status":"closed","sticky":false,"template":"","format":"standard","meta":{"footnotes":""},"categories":[8,11,7],"tags":[],"class_list":["post-26346","post","type-post","status-publish","format-standard","has-post-thumbnail","hentry","category-news","category-interviste","category-rassegna"],"jetpack_featured_media_url":"https:\/\/www.vincenzopaglia.it\/wp-content\/uploads\/2020\/12\/FOTOGGI.jpg","_links":{"self":[{"href":"https:\/\/www.vincenzopaglia.it\/index.php\/wp-json\/wp\/v2\/posts\/26346","targetHints":{"allow":["GET"]}}],"collection":[{"href":"https:\/\/www.vincenzopaglia.it\/index.php\/wp-json\/wp\/v2\/posts"}],"about":[{"href":"https:\/\/www.vincenzopaglia.it\/index.php\/wp-json\/wp\/v2\/types\/post"}],"author":[{"embeddable":true,"href":"https:\/\/www.vincenzopaglia.it\/index.php\/wp-json\/wp\/v2\/users\/2"}],"replies":[{"embeddable":true,"href":"https:\/\/www.vincenzopaglia.it\/index.php\/wp-json\/wp\/v2\/comments?post=26346"}],"version-history":[{"count":1,"href":"https:\/\/www.vincenzopaglia.it\/index.php\/wp-json\/wp\/v2\/posts\/26346\/revisions"}],"predecessor-version":[{"id":26348,"href":"https:\/\/www.vincenzopaglia.it\/index.php\/wp-json\/wp\/v2\/posts\/26346\/revisions\/26348"}],"wp:featuredmedia":[{"embeddable":true,"href":"https:\/\/www.vincenzopaglia.it\/index.php\/wp-json\/wp\/v2\/media\/26347"}],"wp:attachment":[{"href":"https:\/\/www.vincenzopaglia.it\/index.php\/wp-json\/wp\/v2\/media?parent=26346"}],"wp:term":[{"taxonomy":"category","embeddable":true,"href":"https:\/\/www.vincenzopaglia.it\/index.php\/wp-json\/wp\/v2\/categories?post=26346"},{"taxonomy":"post_tag","embeddable":true,"href":"https:\/\/www.vincenzopaglia.it\/index.php\/wp-json\/wp\/v2\/tags?post=26346"}],"curies":[{"name":"wp","href":"https:\/\/api.w.org\/{rel}","templated":true}]}}