{"id":26326,"date":"2020-11-09T18:13:17","date_gmt":"2020-11-09T17:13:17","guid":{"rendered":"https:\/\/www.vincenzopaglia.it\/?p=26326"},"modified":"2020-12-09T18:23:52","modified_gmt":"2020-12-09T17:23:52","slug":"coronavirus-anziani-a-casa-non-e-utopia","status":"publish","type":"post","link":"https:\/\/www.vincenzopaglia.it\/index.php\/coronavirus-anziani-a-casa-non-e-utopia.html","title":{"rendered":"Coronavirus: \u00abAnziani a casa, non \u00e8 utopia\u00bb"},"content":{"rendered":"<p><span class=\"author\">di <strong>Luciano Moia<\/strong><\/span><br \/>\n<span class=\"navBar-today\">domenica 8 novembre 2020<\/span><\/p>\n<p><b>Com\u2019era facilmente prevedibile il dramma anziani sta riesplodendo con conseguenze devastanti e, ancora una volta, le Rsa sono al centro della bufera. Lei \u00e8 pi\u00f9 volte intervenuto per sollecitare il superamento del concetto di Rsa. A<\/b>\u00a0<b>che punto siamo?<\/b><\/p>\n<p>\u00abEra pi\u00f9 che prevedibile quanto sta accadendo. Gi\u00e0 nella prima ondata abbiamo assistito al dramma della morte di centinaia di migliaia di anziani nei diversi Paesi del mondo. In quei mesi si \u00e8 calcolato che \u2013 almeno nei paesi occidentali \u2013 il 50% dei decessi sia avvenuto nelle nursing home, nelle case di riposo, negli ospedali per lungodegenti, insomma nei luoghi della assistenza residenziale a lungo termine\u00bb, risponde<b>\u00a0l\u2019arcivescovo Vincenzo Paglia, presidente della Pontificia accademia per la vita che, dal mese scorso, presiede anche la Commissione istituita dal ministero della Sanit\u00e0 per la riforma dell\u2019assistenza degli anziani.<\/b><\/p>\n<p><b>Non possiamo per\u00f2 pensare che tutto questo sia avvenuto semplicemente per inadempienze. Per fortuna ci sono tanti dirigenti di Rsa che fanno bene il loro dovere.<\/b><br \/>\nOvviamente vanno accertate le responsabilit\u00e0 di quanto \u00e8 successo. Ma la tragedia di queste migliaia di morti ha svelato contraddizioni gi\u00e0 esistenti nella societ\u00e0 che hanno ragioni pi\u00f9 profonde, che hanno a che fare con i diritti degli anziani, con la qualit\u00e0 dell\u2019assistenza ed anche con la sua efficacia ed efficienza. \u00c8 chiaro ormai che \u00e8 il modello stesso di cura residenziale, in istituto, ad essere sbagliato e ad esporre gli anziani ad ogni genere di emergenza. Proprio questa consapevolezza ha convinto il ministro della Sanit\u00e0 a creare un\u2019apposita Commissione con il compito di ripensare globalmente la cura che la societ\u00e0 deve prendersi degli anziani sempre pi\u00f9 numerosi. \u00c8 stata una grande conquista l\u2019allungamento degli anni di vita. Sarebbe una crudelt\u00e0 doverli passare in un istituto nella solitudine e nell\u2019abbandono!<\/p>\n<p><b>Quali rimedi allora la Commissione si prefigge di elaborare<\/b>\u00a0<b>e suggerire?<\/b><br \/>\nIl testo del decreto di istituzione della Commissione chiede di prospettare una \u201ctransizione dalla residenzialit\u00e0 a servizi erogati sul territorio\u201d. Questo \u00e8 il punto centrale. Deve insomma finire la latitanza dei servizi sanitari e sociosanitari sul territorio. C\u2019\u00e8 bisogno di ridisegnare una sanit\u00e0 vicina alla vita degli anziani, alle loro case, nei loro quartieri. Quindi presenza di medici di famiglia, di infermieri, di assistenti sociali, di fisioterapisti, di educatori di ogni ordine e grado. Va superato il modello sanitario ottocentesco, tutto basato sugli ospedali e sulle residenze, per realizzare quello chiamato il\u00a0<i>continuum assistenziale.<\/i><\/p>\n<div class=\"col-xs-12 col-sm-12 col-md-12 col-lg-12 nopadding\">\n<div id=\"numeriesommario\" class=\"numeri-e-sommario\">\n<hr \/>\n<p>\u00abObiettivi condivisi da tutte le realt\u00e0 di settore\u00bb Il presidente della nuova realt\u00e0 voluta dal ministero della Salute per il superamento delle Rsa anticipa le proposte emerse<\/p>\n<hr \/>\n<\/div>\n<\/div>\n<p>\u200b<b>Che tradotto significa?<\/b><br \/>\nServizi erogati con diverse intensit\u00e0 in ogni ambiente a partire da quello domestico. Va messa in primo piano la scelta della assistenza domiciliare. Sarebbe bello se l\u2019Italia, da fanalino di coda europeo in questo ambito, diventasse leader di questo ripensamento. E in questo contesto anche il privato avr\u00e0 un grande ruolo: c\u2019\u00e8 bisogno di tutti per questo epocale passaggio dall\u2019istituto, dalla Rsa a forme di assistenza a domicilio, a case famiglie, ad esperienze di cohousing e molto altro. Il punto \u00e8 che chiunque prende in carico un anziano deve potergli offrire una gamma di servizi e la possibilit\u00e0 di entrarne e uscirne.<\/p>\n<p><b>Come state affrontando la questione all\u2019interno della Commissione da lei presieduta?<\/b><br \/>\nNella riunione del 3 novembre scorso la Commissione ha gi\u00e0 preparato un primo testo nel quale si delinea questo nuovo paradigma di assistenza sanitaria e sociosanitaria dedicata alla popolazione anziana. E come si pu\u00f2 intuire la preoccupazione centrale \u00e8 quella di dare un robusto avvio alla assistenza domiciliare. La Commissione ha ascoltato alcune realt\u00e0 che operano sul territorio con gli anziani (dalla Federanziani ad Auser, dall\u2019Ada ad Anteas, da a W gli anziani\u2026) e siamo rimasti sorpresi dalla unanime affermazione di tutti: gli anziani vogliono rimanere a casa! Aveva ragione Andrea Camilleri: la casa per gli anziani \u00e8 la loro memoria; sradicarli per metterli nell\u2019istituto \u00e8 come togliere loro la memoria. Pi\u00f9 volte anche papa Francesco ha parlato della necessit\u00e0 che gli anziani restino nella loro casa, tra i loro cari, tra i loro conoscenti, nel loro ambiente. Non vanno trattati come scarti.<\/p>\n<p><b>E quando questo non \u00e8 possibile? Esistono tante situazioni concrete in cui gli anziani sono soli oppure non<\/b>\u00a0<b>autosufficienti.<br \/>\n<\/b>Il piano deve prevedere soluzioni alternative, ricoveri in Rsa o in altre strutture, ad esempio quelle riabilitative, di elevata qualit\u00e0. Sempre avendo in mente che il ritorno a casa \u2013 se possibile \u2013 \u00e8 l\u2019obiettivo principe della nostra assistenza. Un altro aspetto importante, emerso dalle audizioni in modo unanime da parte di tutte le organizzazioni, \u00e8 l\u2019esperienza dolorosa dell\u2019isolamento, della solitudine, che ha colpito tanti anziani nelle loro case ma ancor pi\u00f9 negli istituti. Vede, la solitudine \u00e8 triste per tutti, ma per un vecchio ha ripercussioni devastanti anche sul piano fisico e mentale. Non si pu\u00f2 solo pensare ad arginare il Covid nelle Rsa, occorre garantire il diritto ad un minimo di rete familiare, amicale, affettiva. \u00c8 importante curare la socialit\u00e0, anche come forma di prevenzione per tante patologie: per questo la Commissione lavorer\u00e0 anche sulla regolamentazione ed incentivazione del co-housing da un lato e sulla promozione e moltiplicazione di centri diurni dall\u2019altro, avendo in mente la situazione di tanti anziani con demenze e delle loro famiglie.<\/p>\n<p><b>Tutto questo non rischia di rappresentare un \u201clibro dei sogni\u201d dai costi elevatissimi?<\/b><br \/>\nAl contrario, sono convinto che questa nuova sanit\u00e0 sul territorio aiuter\u00e0 ad elevare la qualit\u00e0 delle cure ed anche a spendere meglio, e anche meno. Si favorir\u00e0 per di pi\u00f9 la crescita delle relazioni tra la gente. Intorno alla vita degli anziani, presso casa loro, nei loro quartieri, assieme ad una sanit\u00e0 pi\u00f9 efficiente e pi\u00f9 centrata sulla persona si umanizzeranno i nostri quartieri diffondendo servizi proattivi, dinamici, riqualificando l\u2019habitat, certo per gli anziani ma poi per tutti. Faccio un solo esempio: quanti anziani non hanno l\u2019ascensore nel loro palazzo e vivono in piani alti? Quale sar\u00e0 il loro destino se non si migliorano le loro possibilit\u00e0 di muoversi? In questo orizzonte i credenti, le parrocchie hanno una grande responsabilit\u00e0 nel tessere i legami di amicizia e fraternit\u00e0.<\/p>\n<p><strong><a href=\"https:\/\/www.avvenire.it\/attualita\/pagine\/anziani-a-casa-non-utopia\">AVVENIRE<\/a><\/strong><\/p>\n","protected":false},"excerpt":{"rendered":"<p>di Luciano Moia domenica 8 novembre 2020 Com\u2019era facilmente prevedibile il dramma anziani sta riesplodendo con conseguenze devastanti e, ancora una volta, le Rsa sono al centro della bufera. Lei \u00e8 pi\u00f9 volte intervenuto per sollecitare il superamento del concetto di Rsa. A\u00a0che punto siamo? \u00abEra pi\u00f9 che prevedibile quanto sta accadendo. Gi\u00e0 nella prima [&hellip;]<\/p>\n","protected":false},"author":2,"featured_media":26327,"comment_status":"closed","ping_status":"closed","sticky":false,"template":"","format":"standard","meta":{"footnotes":""},"categories":[11,7],"tags":[],"class_list":["post-26326","post","type-post","status-publish","format-standard","has-post-thumbnail","hentry","category-interviste","category-rassegna"],"jetpack_featured_media_url":"https:\/\/www.vincenzopaglia.it\/wp-content\/uploads\/2020\/12\/CHM50_HEAL_71733210.jpg","_links":{"self":[{"href":"https:\/\/www.vincenzopaglia.it\/index.php\/wp-json\/wp\/v2\/posts\/26326","targetHints":{"allow":["GET"]}}],"collection":[{"href":"https:\/\/www.vincenzopaglia.it\/index.php\/wp-json\/wp\/v2\/posts"}],"about":[{"href":"https:\/\/www.vincenzopaglia.it\/index.php\/wp-json\/wp\/v2\/types\/post"}],"author":[{"embeddable":true,"href":"https:\/\/www.vincenzopaglia.it\/index.php\/wp-json\/wp\/v2\/users\/2"}],"replies":[{"embeddable":true,"href":"https:\/\/www.vincenzopaglia.it\/index.php\/wp-json\/wp\/v2\/comments?post=26326"}],"version-history":[{"count":3,"href":"https:\/\/www.vincenzopaglia.it\/index.php\/wp-json\/wp\/v2\/posts\/26326\/revisions"}],"predecessor-version":[{"id":26330,"href":"https:\/\/www.vincenzopaglia.it\/index.php\/wp-json\/wp\/v2\/posts\/26326\/revisions\/26330"}],"wp:featuredmedia":[{"embeddable":true,"href":"https:\/\/www.vincenzopaglia.it\/index.php\/wp-json\/wp\/v2\/media\/26327"}],"wp:attachment":[{"href":"https:\/\/www.vincenzopaglia.it\/index.php\/wp-json\/wp\/v2\/media?parent=26326"}],"wp:term":[{"taxonomy":"category","embeddable":true,"href":"https:\/\/www.vincenzopaglia.it\/index.php\/wp-json\/wp\/v2\/categories?post=26326"},{"taxonomy":"post_tag","embeddable":true,"href":"https:\/\/www.vincenzopaglia.it\/index.php\/wp-json\/wp\/v2\/tags?post=26326"}],"curies":[{"name":"wp","href":"https:\/\/api.w.org\/{rel}","templated":true}]}}