{"id":25463,"date":"2019-11-30T03:28:50","date_gmt":"2019-11-30T02:28:50","guid":{"rendered":"http:\/\/www.vincenzopaglia.it\/?p=25463"},"modified":"2019-11-30T03:37:50","modified_gmt":"2019-11-30T02:37:50","slug":"mons-paglia-a-los-obispos-argentinos-la-vida-siempre-debe-ser-protegida","status":"publish","type":"post","link":"https:\/\/www.vincenzopaglia.it\/index.php\/mons-paglia-a-los-obispos-argentinos-la-vida-siempre-debe-ser-protegida.html","title":{"rendered":"Mons. Paglia a los obispos argentinos: \u201cLa vida siempre debe ser protegida\u201d"},"content":{"rendered":"<div class=\"copetePost\">Pilar (Buenos Aires) (AICA):\u00a0Monse\u00f1or Vincenzo Paglia, presidente de la Pontificia Academia para la Vida, visit\u00f3 a los obispos argentinos reunidos en Asamblea Plenaria, ante los que reivindic\u00f3 el valor de la familia, a la que defini\u00f3 como \u201cescuela de fraternidad y de solidaridad\u201d, y record\u00f3 que \u201cla vida siempre debe ser protegida\u201d.<\/div>\n<div class=\"clear\"><\/div>\n<div id=\"descripcionPost\" class=\"descripcionPost\">Monse\u00f1or Vincenzo Paglia, presidente de la Pontificia Academia para la Vida y gran canciller del Instituto Teol\u00f3gico para el Matrimonio y la Familia San Juan Pablo II, visit\u00f3 este jueves a los obispos que participan de la 118\u00aa Asamblea Plenaria de la Conferencia Episcopal Argentina (CEA).<br \/>\nEl prelado vaticano reivindic\u00f3 el valor de la familia, a la que defini\u00f3 como \u201cescuela de fraternidad y de solidaridad\u201d, y record\u00f3 que \u201cla vida siempre debe ser protegida\u201d.\u201cDebemos descubrir la responsabilidad y la belleza del acompa\u00f1amiento en el trabajo de la cercan\u00eda en la vida, una cultura de la cura y del amor\u201d, sostuvo en di\u00e1logo con la Oficina de Prensa y Comunicaci\u00f3n de la CEA.<br \/>\n\u201cPensamos un horizonte para toda la existencia por lo que la vida siempre debe ser protegida, la vida del padre, la vida de la madre, del hermano, la vida del ni\u00f1o, del adolescente, del joven, del anciano, la vida de todo el mundo\u201d, agreg\u00f3.La cuarta jornada del plenario episcopal en la casa de ejercicios El Cen\u00e1culo (La Montonera) de Pilar comenz\u00f3 con una misa presidida por monse\u00f1or V\u00edctor Manuel Fern\u00e1ndez, arzobispo de La Plata, y concelebrada por monse\u00f1or Ariel Torrado Mosconi, obispo de Nueve de Julio y monse\u00f1or Ricardo Araya, obispo de Cruz del Eje.<em>Reforma econ\u00f3mica de la Iglesia.<\/em><br \/>\nEn la primera sesi\u00f3n de la ma\u00f1ana la Comisi\u00f3n Episcopal para el Sostenimiento de la Acci\u00f3n Evangelizadora de la Iglesia present\u00f3 a los obispos los avances sobre la reforma econ\u00f3mica de la Iglesia.<\/p>\n<p>El trabajo se centr\u00f3 en la necesidad de crear una mayor conciencia entre los fieles del sostenimiento de la misi\u00f3n de la Iglesia argentina. Para este proceso, se destac\u00f3, debe fortalecerse la visibilidad de su obra misionera y evangelizadora en el pa\u00eds.<\/p>\n<p>En esta asamblea profundizaron la necesidad de impulsar equipos de pastoral econ\u00f3mica en las di\u00f3cesis y tambi\u00e9n el desarrollo de nuevas y creativas herramientas para que los fieles puedan realizar donaciones de manera m\u00e1s sencilla.<\/p>\n<p>Asimismo, se presentaron y fueron aprobados los criterios para la conformaci\u00f3n y distribuci\u00f3n del Fondo Com\u00fan Solidario, que tiene como fin la comuni\u00f3n entre las di\u00f3cesis.<\/p>\n<table border=\"0\" cellspacing=\"0\" cellpadding=\"0\" align=\"center\">\n<tbody>\n<tr>\n<td><img decoding=\"async\" src=\"http:\/\/www.aica.org\/subidas\/6738.jpg\" alt=\"\" width=\"580\" border=\"0\" \/><\/td>\n<\/tr>\n<\/tbody>\n<\/table>\n<p><em>Otros temas de an\u00e1lisis<\/em><br \/>\nEn la segunda sesi\u00f3n de la ma\u00f1ana, monse\u00f1or Miguel \u00c1ngel D&#8217;Annibale, presidente de la Comisi\u00f3n Episcopal de Liturgia, present\u00f3 a los obispos la colecci\u00f3n de Misas de la Bienaventurada Virgen Mar\u00eda. Material que, luego de ser votado, se presentar\u00e1 para su aprobaci\u00f3n ante la Sagrada Congregaci\u00f3n del Culto Divino.<\/p>\n<p>En la sesi\u00f3n de la tarde, los obispos compartieron las experiencias de S\u00ednodos Diocesanos que se vienen realizando en varias jurisdicciones eclesi\u00e1sticas.<\/p>\n<p>Durante la tarde, hubo un espacio para las reuniones de las comisiones episcopales para el abordaje de diversos aspectos de cada equipo de trabajo.<\/p>\n<\/div>\n<div><\/div>\n<div><a href=\"http:\/\/www.aica.org\/41757-mons-paglia-los-obispos-argentinos-la-vida-siempre-debe-ser.html\"><strong>(AICA<\/strong>.org)<\/a><\/div>\n","protected":false},"excerpt":{"rendered":"<p>Pilar (Buenos Aires) (AICA):\u00a0Monse\u00f1or Vincenzo Paglia, presidente de la Pontificia Academia para la Vida, visit\u00f3 a los obispos argentinos reunidos en Asamblea Plenaria, ante los que reivindic\u00f3 el valor de la familia, a la que defini\u00f3 como \u201cescuela de fraternidad y de solidaridad\u201d, y record\u00f3 que \u201cla vida siempre debe ser protegida\u201d. Monse\u00f1or Vincenzo Paglia, [&hellip;]<\/p>\n","protected":false},"author":2,"featured_media":25464,"comment_status":"closed","ping_status":"closed","sticky":false,"template":"","format":"standard","meta":{"footnotes":""},"categories":[17,7],"tags":[],"class_list":["post-25463","post","type-post","status-publish","format-standard","has-post-thumbnail","hentry","category-espanol","category-rassegna"],"jetpack_featured_media_url":"https:\/\/www.vincenzopaglia.it\/wp-content\/uploads\/2019\/11\/pagliargentina.jpg","_links":{"self":[{"href":"https:\/\/www.vincenzopaglia.it\/index.php\/wp-json\/wp\/v2\/posts\/25463","targetHints":{"allow":["GET"]}}],"collection":[{"href":"https:\/\/www.vincenzopaglia.it\/index.php\/wp-json\/wp\/v2\/posts"}],"about":[{"href":"https:\/\/www.vincenzopaglia.it\/index.php\/wp-json\/wp\/v2\/types\/post"}],"author":[{"embeddable":true,"href":"https:\/\/www.vincenzopaglia.it\/index.php\/wp-json\/wp\/v2\/users\/2"}],"replies":[{"embeddable":true,"href":"https:\/\/www.vincenzopaglia.it\/index.php\/wp-json\/wp\/v2\/comments?post=25463"}],"version-history":[{"count":4,"href":"https:\/\/www.vincenzopaglia.it\/index.php\/wp-json\/wp\/v2\/posts\/25463\/revisions"}],"predecessor-version":[{"id":25468,"href":"https:\/\/www.vincenzopaglia.it\/index.php\/wp-json\/wp\/v2\/posts\/25463\/revisions\/25468"}],"wp:featuredmedia":[{"embeddable":true,"href":"https:\/\/www.vincenzopaglia.it\/index.php\/wp-json\/wp\/v2\/media\/25464"}],"wp:attachment":[{"href":"https:\/\/www.vincenzopaglia.it\/index.php\/wp-json\/wp\/v2\/media?parent=25463"}],"wp:term":[{"taxonomy":"category","embeddable":true,"href":"https:\/\/www.vincenzopaglia.it\/index.php\/wp-json\/wp\/v2\/categories?post=25463"},{"taxonomy":"post_tag","embeddable":true,"href":"https:\/\/www.vincenzopaglia.it\/index.php\/wp-json\/wp\/v2\/tags?post=25463"}],"curies":[{"name":"wp","href":"https:\/\/api.w.org\/{rel}","templated":true}]}}