{"id":25436,"date":"2019-11-08T08:22:52","date_gmt":"2019-11-08T07:22:52","guid":{"rendered":"http:\/\/www.vincenzopaglia.it\/?p=25436"},"modified":"2019-11-08T08:22:52","modified_gmt":"2019-11-08T07:22:52","slug":"la-vida-siempre-debe-estar-protegida","status":"publish","type":"post","link":"https:\/\/www.vincenzopaglia.it\/index.php\/la-vida-siempre-debe-estar-protegida.html","title":{"rendered":"&#8220;La vida siempre debe estar protegida&#8221;"},"content":{"rendered":"<div>\n<p>Pilar (Buenos Aires) (AICA):\u00a0Mons. Vincenzo Paglia, presidente de la Academia Pontificia para la Vida, visit\u00f3 a los obispos argentinos reunidos en la Asamblea Plenaria, ante los cuales reclam\u00f3 el valor de la familia, a la que llam\u00f3 una escuela de fraternidad y solidaridad, y record\u00f3 que La vida siempre debe estar protegida.<\/p>\n<\/div>\n<div id=\"descripcionPost\">Mons. Vincenzo Paglia, presidente de la Academia Pontificia para la Vida y gran canciller del Instituto Teol\u00f3gico para el Matrimonio y la Familia San Juan Pablo II, visit\u00f3 a los obispos que participaron en la asamblea plenaria de 118 de la Conferencia Episcopal el jueves Argentina (CEA).El prelado del Vaticano afirm\u00f3 el valor de la familia, a la que llam\u00f3 una escuela de hermandad y solidaridad, y record\u00f3 que la vida siempre debe ser protegida.<\/p>\n<p>Debemos descubrir la responsabilidad y la belleza del acompa\u00f1amiento en el trabajo del pr\u00f3jimo en la vida, una cultura de curaci\u00f3n y amor, dijo en di\u00e1logo con la oficina de prensa y comunicaci\u00f3n de CEA.<\/p>\n<p>Pensamos en un horizonte para toda la existencia para que la vida siempre est\u00e9 protegida, la vida del padre, la vida de la madre, el hermano, la vida del ni\u00f1o, el adolescente, el joven, el viejo. , vida del mundo entero, agregar.<\/p>\n<p>El cuarto d\u00eda de la plenaria episcopal en el gimnasio El Cenculo (La Montonera) en Pilar comenz\u00f3 con una misa presidida por Mons. Vctor Manuel Fern\u00e1ndez, arzobispo de La Plata, y concelebrado por Mons. Ariel Torrado Mosconi, obispo de Nove di Julio y Monse\u00f1or Ricardo Araya, obispo de Cruz del Eje.<\/p>\n<div class=\"code-block code-block-2\">\n<div class=\"demand-supply\" data-ad=\"tucristo.com_336x280_parrafo\" data-devices=\"m:1,t:1,d:1\"><\/div>\n<\/div>\n<p>Reforma economica de la Iglesia<\/p>\n<p>En la primera sesi\u00f3n de la ma\u00f1ana, la Comisi\u00f3n Episcopal para apoyar la acci\u00f3n evangelizadora de la Iglesia present\u00f3 a los obispos avances en la reforma econ\u00f3mica de la Iglesia.<\/p>\n<p>El trabajo se centr\u00f3 en la necesidad de crear una mayor conciencia entre los fieles para apoyar la misi\u00f3n de la Iglesia argentina. Para este proceso, subray\u00f3, se debe fortalecer la visibilidad de su trabajo misionero y evangelizador en el pa\u00eds.<\/p>\n<p>En esta asamblea, investigaron la necesidad de promover equipos pastorales econ\u00f3micos en la di\u00f3cesis y tambi\u00e9n el desarrollo de herramientas nuevas y creativas para que los fieles puedan donar m\u00e1s f\u00e1cilmente.<\/p>\n<p>Del mismo modo, se han presentado y aprobado los criterios para la formaci\u00f3n y distribuci\u00f3n del Fondo Com\u00fan de Solidaridad, cuyo objetivo es la comuni\u00f3n entre los dados.<\/p>\n<table border=\"0\" cellspacing=\"0\" cellpadding=\"0\" align=\"center\">\n<tbody>\n<tr>\n<td><img decoding=\"async\" class=\"\" src=\"https:\/\/tucristo.com\/blogs\/wp-content\/uploads\/2019\/11\/1573177752_125_%E2%96%B7-Mons.-Paglia-a-los-obispos-argentinos-quotLa-vida-siempre.jpg\" alt=\"\" \/>Otros temas de analisis<\/p>\n<p>En la segunda sesi\u00f3n de la ma\u00f1ana, Mons. Miguel Angel D &amp; # 39; Annibale, presidente de la Comisi\u00f3n Episcopal de liturgia, present\u00f3 a los obispos la cosecha de las benditas masas Virgen Mara. El material que, despu\u00e9s de ser votado, se someter\u00e1 a aprobaci\u00f3n ante la Sagrada Congregaci\u00f3n para el Culto Divino.En la sesi\u00f3n de la tarde, los obispos compartieron las experiencias de los s\u00ednodos diocesanos que se llevaron a cabo en varias jurisdicciones eclesi\u00e1sticas.<\/p>\n<p>Por la tarde, hubo un espacio para las reuniones de la comisi\u00f3n episcopal para abordar diversos aspectos de cada grupo de trabajo.<\/p>\n<p>Informes: www.episcopado.org y en las redes sociales Facebook, Twitter, YouTube e Instagram. +<\/p>\n<p>.<\/p>\n<div class=\"fb-comments fb_iframe_widget fb_iframe_widget_fluid_desktop\" data-href=\"https:\/\/tucristo.com\/blogs\/%e2%96%b7-mons-paglia-a-los-obispos-argentinos-la-vida-siempre-debe-estar-protegida\/\" data-numposts=\"10\" data-colorscheme=\"light\" data-order-by=\"social\" data-mobile=\"true\"><\/div>\n<\/td>\n<\/tr>\n<\/tbody>\n<\/table>\n<\/div>\n","protected":false},"excerpt":{"rendered":"<p>Pilar (Buenos Aires) (AICA):\u00a0Mons. Vincenzo Paglia, presidente de la Academia Pontificia para la Vida, visit\u00f3 a los obispos argentinos reunidos en la Asamblea Plenaria, ante los cuales reclam\u00f3 el valor de la familia, a la que llam\u00f3 una escuela de fraternidad y solidaridad, y record\u00f3 que La vida siempre debe estar protegida. Mons. Vincenzo Paglia, [&hellip;]<\/p>\n","protected":false},"author":2,"featured_media":25437,"comment_status":"closed","ping_status":"closed","sticky":false,"template":"","format":"standard","meta":{"footnotes":""},"categories":[17,7],"tags":[],"class_list":["post-25436","post","type-post","status-publish","format-standard","has-post-thumbnail","hentry","category-espanol","category-rassegna"],"jetpack_featured_media_url":"https:\/\/www.vincenzopaglia.it\/wp-content\/uploads\/2019\/11\/\u25b7-Mons.-Paglia-a-los-obispos-argentinos-quotLa-vida-siempre.jpg","_links":{"self":[{"href":"https:\/\/www.vincenzopaglia.it\/index.php\/wp-json\/wp\/v2\/posts\/25436","targetHints":{"allow":["GET"]}}],"collection":[{"href":"https:\/\/www.vincenzopaglia.it\/index.php\/wp-json\/wp\/v2\/posts"}],"about":[{"href":"https:\/\/www.vincenzopaglia.it\/index.php\/wp-json\/wp\/v2\/types\/post"}],"author":[{"embeddable":true,"href":"https:\/\/www.vincenzopaglia.it\/index.php\/wp-json\/wp\/v2\/users\/2"}],"replies":[{"embeddable":true,"href":"https:\/\/www.vincenzopaglia.it\/index.php\/wp-json\/wp\/v2\/comments?post=25436"}],"version-history":[{"count":1,"href":"https:\/\/www.vincenzopaglia.it\/index.php\/wp-json\/wp\/v2\/posts\/25436\/revisions"}],"predecessor-version":[{"id":25438,"href":"https:\/\/www.vincenzopaglia.it\/index.php\/wp-json\/wp\/v2\/posts\/25436\/revisions\/25438"}],"wp:featuredmedia":[{"embeddable":true,"href":"https:\/\/www.vincenzopaglia.it\/index.php\/wp-json\/wp\/v2\/media\/25437"}],"wp:attachment":[{"href":"https:\/\/www.vincenzopaglia.it\/index.php\/wp-json\/wp\/v2\/media?parent=25436"}],"wp:term":[{"taxonomy":"category","embeddable":true,"href":"https:\/\/www.vincenzopaglia.it\/index.php\/wp-json\/wp\/v2\/categories?post=25436"},{"taxonomy":"post_tag","embeddable":true,"href":"https:\/\/www.vincenzopaglia.it\/index.php\/wp-json\/wp\/v2\/tags?post=25436"}],"curies":[{"name":"wp","href":"https:\/\/api.w.org\/{rel}","templated":true}]}}