{"id":25091,"date":"2019-05-16T02:28:44","date_gmt":"2019-05-16T00:28:44","guid":{"rendered":"http:\/\/www.vincenzopaglia.it\/?p=25091"},"modified":"2019-05-16T02:34:37","modified_gmt":"2019-05-16T00:34:37","slug":"el-vaticano-arropa-a-krajewski-nadie-queria-violar-la-ley-pero-tenemos-que-ayudar-a-la-gente","status":"publish","type":"post","link":"https:\/\/www.vincenzopaglia.it\/index.php\/el-vaticano-arropa-a-krajewski-nadie-queria-violar-la-ley-pero-tenemos-que-ayudar-a-la-gente.html","title":{"rendered":"El Vaticano arropa a Krajewski: &#8220;Nadie quer\u00eda violar la ley, pero tenemos que ayudar a la gente&#8221;"},"content":{"rendered":"<p class=\"pg-bkn-dateline\"><time class=\"timestamp published updated\" datetime=\"2019-05-14T20:34\">14.05.2019<\/time>\u00a0<a class=\"url fn\" href=\"https:\/\/www.religiondigital.org\/jesus_bastante\/\">Jes\u00fas Bastante<\/a><\/p>\n<div id=\"BodyNoti\">\n<p class=\"p1 mce\">El gesto del &#8216;Robin Hood&#8217; del Vaticano,\u00a0<strong class=\"mce\">Konrad Krajewski,<\/strong>\u00a0es &#8220;un esfuerzo positivo para llamar la atenci\u00f3n de todos sobre un problema real que afecta a hombres, mujeres, ni\u00f1os y ancianos&#8221;. El secretario de Estado vaticano,\u00a0<strong class=\"mce\">Pietro Parolin<\/strong>, defendi\u00f3 este mediod\u00eda al limosnero papal por su decisi\u00f3n de reactivar la electricidad de un edificio okupado de Roma.<\/p>\n<p class=\"p1 mce\">Frente a las diatribas de Salvini, Parolin sostuvo que\u00a0<strong class=\"mce\">&#8220;la Iglesia ayuda a todos&#8221;,<\/strong> e invit\u00f3 a evitar las pol\u00e9micas. &#8220;Personalmente creo que el esfuerzo se deber\u00eda poner en comprender el sentido de este gesto, que es llamar la atenci\u00f3n de todos sobre un problema real que afecta a personas, a ni\u00f1os y ancianos. Y se ha logrado: las instituciones se han activado&#8221;.<\/p>\n<p class=\"p1 mce\"><strong>El arma de la misericordia<\/strong><\/p>\n<p class=\"p1 mce\">Por su parte, el presidente de la Academia Pontificia para la Vida, Vincenzo Paglia, record\u00f3 que el gesto de Krajewski sigue la &#8220;estrategia del Papa Francisco, inspirada en los Padres de la Iglesia&#8221;, para quienes &#8220;los conceptos &#8216;m\u00edo&#8217; y &#8216;tuyo&#8217; eran palabras diab\u00f3licas, porque la propiedad de la tierra no es de nadie, sino sobre todo de Dios&#8221;.<\/p>\n<p class=\"p5 mce\">Finalmente, en declaraciones a La Stampa, el cardenal Turkson, presidente del Dicasterio de Desarrollo Humano Integral subray\u00f3 que el oficio de Limosnero &#8220;es el arma de la misericordia del Papa Francisco&#8221;. As\u00ed, record\u00f3 que &#8220;en los \u00faltimos a\u00f1os,\u00a0<strong class=\"mce\">ha pagado alrededor de tres millones de euros<\/strong>\u00a0para salvar a las personas que viven en el Vaticano, pero tambi\u00e9n a los italianos en situaciones de dificultad y miseria en sus hogares&#8221;.<\/p>\n<p class=\"p5 mce\">&#8220;Hay tantas familias que no pueden pagar f\u00e1cilmente la electricidad&#8230;, \u00bfa qui\u00e9n acuden?&#8221;, se pregunt\u00f3 el cardenal ghan\u00e9s, quien resalt\u00f3 que &#8220;<strong class=\"mce\">el limosnero nunca se ech\u00f3 atr\u00e1s para ayudar a las familias italianas,<\/strong>\u00a0siendo buen samaritano para los m\u00e1s necesitados. Es inherente a la misi\u00f3n de la Iglesia&#8221;.<\/p>\n<p class=\"p5 mce\"><strong>&#8220;Asumi\u00f3 toda la responsabilidad&#8221;<\/strong><\/p>\n<p class=\"p6 mce\">Sobre la legalidad de la medida tomada por Krajewski, Turkson respondi\u00f3 con el Evangelio: &#8220;Fueron las mismas cr\u00edticas que hicieron de Jes\u00fas en su d\u00eda: es ilegal hacer cosas el s\u00e1bado. \u00bfPero es la legalidad la que prevalece o hacer bien a alguien? \u00bfCu\u00e1l es la elecci\u00f3n?&#8221;.<\/p>\n<p class=\"p6 mce\"><em>Ciertamente, el cardenal no hizo nada para esconderse. Tanto es as\u00ed que antes de irse dej\u00f3 su tarjeta de presentaci\u00f3n y asumi\u00f3 toda la responsabilidad. Repito, la pregunta es la misma: \u00bfest\u00e1 bien curar en s\u00e1bado, s\u00ed o no? \u00bfEst\u00e1 permitido dejar a los ni\u00f1os all\u00ed durante d\u00edas sin electricidad, a los ancianos o a los enfermos? Nadie quer\u00eda violar la ley, pero tenemos que ayudar a la gente&#8221;.<\/em><\/p>\n<p><strong><a href=\"https:\/\/www.religiondigital.org\/solidaridad\/Vaticano-arropa-Krajewski-Nadie-queria-parolin-turkson-paglia-salvini-okupas_0_2121687842.html\">RELIGION DIGITAL<\/a><\/strong><\/p>\n<\/div>\n","protected":false},"excerpt":{"rendered":"<p>14.05.2019\u00a0Jes\u00fas Bastante El gesto del &#8216;Robin Hood&#8217; del Vaticano,\u00a0Konrad Krajewski,\u00a0es &#8220;un esfuerzo positivo para llamar la atenci\u00f3n de todos sobre un problema real que afecta a hombres, mujeres, ni\u00f1os y ancianos&#8221;. El secretario de Estado vaticano,\u00a0Pietro Parolin, defendi\u00f3 este mediod\u00eda al limosnero papal por su decisi\u00f3n de reactivar la electricidad de un edificio okupado de [&hellip;]<\/p>\n","protected":false},"author":2,"featured_media":25092,"comment_status":"closed","ping_status":"closed","sticky":false,"template":"","format":"standard","meta":{"footnotes":""},"categories":[17,7],"tags":[],"class_list":["post-25091","post","type-post","status-publish","format-standard","has-post-thumbnail","hentry","category-espanol","category-rassegna"],"jetpack_featured_media_url":"https:\/\/www.vincenzopaglia.it\/wp-content\/uploads\/2019\/05\/Krajewski-1-770x480-e1557966468939.jpg","_links":{"self":[{"href":"https:\/\/www.vincenzopaglia.it\/index.php\/wp-json\/wp\/v2\/posts\/25091","targetHints":{"allow":["GET"]}}],"collection":[{"href":"https:\/\/www.vincenzopaglia.it\/index.php\/wp-json\/wp\/v2\/posts"}],"about":[{"href":"https:\/\/www.vincenzopaglia.it\/index.php\/wp-json\/wp\/v2\/types\/post"}],"author":[{"embeddable":true,"href":"https:\/\/www.vincenzopaglia.it\/index.php\/wp-json\/wp\/v2\/users\/2"}],"replies":[{"embeddable":true,"href":"https:\/\/www.vincenzopaglia.it\/index.php\/wp-json\/wp\/v2\/comments?post=25091"}],"version-history":[{"count":1,"href":"https:\/\/www.vincenzopaglia.it\/index.php\/wp-json\/wp\/v2\/posts\/25091\/revisions"}],"predecessor-version":[{"id":25093,"href":"https:\/\/www.vincenzopaglia.it\/index.php\/wp-json\/wp\/v2\/posts\/25091\/revisions\/25093"}],"wp:featuredmedia":[{"embeddable":true,"href":"https:\/\/www.vincenzopaglia.it\/index.php\/wp-json\/wp\/v2\/media\/25092"}],"wp:attachment":[{"href":"https:\/\/www.vincenzopaglia.it\/index.php\/wp-json\/wp\/v2\/media?parent=25091"}],"wp:term":[{"taxonomy":"category","embeddable":true,"href":"https:\/\/www.vincenzopaglia.it\/index.php\/wp-json\/wp\/v2\/categories?post=25091"},{"taxonomy":"post_tag","embeddable":true,"href":"https:\/\/www.vincenzopaglia.it\/index.php\/wp-json\/wp\/v2\/tags?post=25091"}],"curies":[{"name":"wp","href":"https:\/\/api.w.org\/{rel}","templated":true}]}}