{"id":24950,"date":"2019-03-20T13:01:49","date_gmt":"2019-03-20T12:01:49","guid":{"rendered":"http:\/\/www.vincenzopaglia.it\/?p=24950"},"modified":"2019-03-20T13:03:39","modified_gmt":"2019-03-20T12:03:39","slug":"cuidados-paliativos-mons-paglia-ilustra-el-compromiso-integral-de-la-apv","status":"publish","type":"post","link":"https:\/\/www.vincenzopaglia.it\/index.php\/cuidados-paliativos-mons-paglia-ilustra-el-compromiso-integral-de-la-apv.html","title":{"rendered":"Cuidados paliativos: Mons. Paglia ilustra el compromiso &#8220;integral&#8221; de la APV"},"content":{"rendered":"\n<p><strong>Ciudad del Vaticano<\/strong><\/p>\n\n\n\n<p>La Academia Pontificia para la Vida est\u00e1 plenamente comprometida con los cuidados paliativos, con conferencias (las pr\u00f3ximas en Brasil y Ruanda), encuentros ecum\u00e9nicos, publicaciones y formaci\u00f3n acad\u00e9mica. En Tirana, en la sede de la Facultad de Medicina de la Universidad Cat\u00f3lica de Nuestra Se\u00f1ora del Buen Consejo, Mons. Vincenzo Paglia, presidente de la Pontificia Academia para&nbsp; la Vida, ha ilustrado las etapas del compromiso de la Academia para promover la difusi\u00f3n de una cultura de los cuidados paliativos en el mundo, subrayando que el empe\u00f1o sobre el tema responde al mandato del Papa Francisco, cuando en el a\u00f1o 2015, al recibir a los Acad\u00e9micos dijo: &#8220;Los cuidados paliativos (&#8230;) valorizan a la persona&#8221;. Con el proyecto Pal-Life, Pav ya ha organizado varios eventos internacionales: en Houston, Doha, Roma y Mil\u00e1n.<\/p>\n\n\n\n<h2 class=\"wp-block-heading\"><strong>Encuentro en Brasil en mayo y en Ruanda a finales de septiembre<\/strong><\/h2>\n\n\n\n<p>El pr\u00f3ximo mes de mayo, un encuentro en Brasil para la implementaci\u00f3n en Am\u00e9rica Latina; a finales de septiembre en Ruanda para tratar el tema en el continente africano. A esto se a\u00f1ade el aspecto de los cuidados paliativos en el contexto ecum\u00e9nico e interreligioso. Ya se han firmado dos declaraciones conjuntas entre Pav y la Iglesia Metodista Americana, y con la Fundaci\u00f3n Qatar, mientras se est\u00e1 redactando una declaraci\u00f3n interreligiosa con las religiones jud\u00eda e isl\u00e1mica. &#8220;Una nueva alianza entre fe y humanismo -explic\u00f3 Monse\u00f1or Paglia- permite afirmar que en la vida humana, a\u00fan fr\u00e1gil y aparentemente derrotada por la enfermedad, hay un valor intangible. Los cuidados paliativos encarnan una visi\u00f3n del hombre que es a la vez profundamente religioso y profundamente humano. Durante el encuentro, Mons. Paglia hizo la primera presentaci\u00f3n p\u00fablica del Libro blanco sobre cuidados paliativos &#8220;que se enviar\u00e1 a las universidades y hospitales cat\u00f3licos de todo el mundo para ayudarles en su conocimiento y pr\u00e1ctica&#8221;. Queremos promover una cultura paliativa, tanto para responder a la tentaci\u00f3n que viene de la eutanasia y del suicidio asistido, como para madurar esa cultura del cuidado que permite ofrecer una compa\u00f1\u00eda de amor hasta el pasaje de la muerte, concluy\u00f3. (SIR)<\/p>\n","protected":false},"excerpt":{"rendered":"<p>Ciudad del Vaticano La Academia Pontificia para la Vida est\u00e1 plenamente comprometida con los cuidados paliativos, con conferencias (las pr\u00f3ximas en Brasil y Ruanda), encuentros ecum\u00e9nicos, publicaciones y formaci\u00f3n acad\u00e9mica. En Tirana, en la sede de la Facultad de Medicina de la Universidad Cat\u00f3lica de Nuestra Se\u00f1ora del Buen Consejo, Mons. Vincenzo Paglia, presidente de [&hellip;]<\/p>\n","protected":false},"author":2,"featured_media":24951,"comment_status":"closed","ping_status":"closed","sticky":false,"template":"","format":"standard","meta":{"footnotes":""},"categories":[17,7],"tags":[],"class_list":["post-24950","post","type-post","status-publish","format-standard","has-post-thumbnail","hentry","category-espanol","category-rassegna"],"jetpack_featured_media_url":"https:\/\/www.vincenzopaglia.it\/wp-content\/uploads\/2019\/03\/cq5dam.thumbnail.cropped.750.422-e1553083403980.jpeg","_links":{"self":[{"href":"https:\/\/www.vincenzopaglia.it\/index.php\/wp-json\/wp\/v2\/posts\/24950","targetHints":{"allow":["GET"]}}],"collection":[{"href":"https:\/\/www.vincenzopaglia.it\/index.php\/wp-json\/wp\/v2\/posts"}],"about":[{"href":"https:\/\/www.vincenzopaglia.it\/index.php\/wp-json\/wp\/v2\/types\/post"}],"author":[{"embeddable":true,"href":"https:\/\/www.vincenzopaglia.it\/index.php\/wp-json\/wp\/v2\/users\/2"}],"replies":[{"embeddable":true,"href":"https:\/\/www.vincenzopaglia.it\/index.php\/wp-json\/wp\/v2\/comments?post=24950"}],"version-history":[{"count":1,"href":"https:\/\/www.vincenzopaglia.it\/index.php\/wp-json\/wp\/v2\/posts\/24950\/revisions"}],"predecessor-version":[{"id":24952,"href":"https:\/\/www.vincenzopaglia.it\/index.php\/wp-json\/wp\/v2\/posts\/24950\/revisions\/24952"}],"wp:featuredmedia":[{"embeddable":true,"href":"https:\/\/www.vincenzopaglia.it\/index.php\/wp-json\/wp\/v2\/media\/24951"}],"wp:attachment":[{"href":"https:\/\/www.vincenzopaglia.it\/index.php\/wp-json\/wp\/v2\/media?parent=24950"}],"wp:term":[{"taxonomy":"category","embeddable":true,"href":"https:\/\/www.vincenzopaglia.it\/index.php\/wp-json\/wp\/v2\/categories?post=24950"},{"taxonomy":"post_tag","embeddable":true,"href":"https:\/\/www.vincenzopaglia.it\/index.php\/wp-json\/wp\/v2\/tags?post=24950"}],"curies":[{"name":"wp","href":"https:\/\/api.w.org\/{rel}","templated":true}]}}