{"id":24812,"date":"2019-02-20T14:34:46","date_gmt":"2019-02-20T13:34:46","guid":{"rendered":"http:\/\/www.vincenzopaglia.it\/?p=24812"},"modified":"2019-02-20T14:34:46","modified_gmt":"2019-02-20T13:34:46","slug":"el-papa-francisco-se-reune-con-el-presidente-de-microsoft","status":"publish","type":"post","link":"https:\/\/www.vincenzopaglia.it\/index.php\/el-papa-francisco-se-reune-con-el-presidente-de-microsoft.html","title":{"rendered":"El Papa Francisco se re\u00fane con el presidente de Microsoft"},"content":{"rendered":"\n<figure class=\"wp-block-image\"><a href=\"https:\/\/www.cope.es\/autores\/marina-martin-alvarez\"><img decoding=\"async\" src=\"https:\/\/cope-cdnmed.agilecontent.com\/resources\/jpg\/3\/2\/1541609431823.jpg\" alt=\"Marina Mart\u00edn \u00c1lvarez\"\/><\/a><figcaption><a href=\"https:\/\/www.cope.es\/autores\/marina-martin-alvarez\">Marina Mart\u00edn \u00c1lvarez<\/a>&nbsp;Redactora de &#8216;Religi\u00f3n COPE&#8217;<\/figcaption><\/figure>\n\n\n\n<p>Tiempo de lectura: 1&#8242;&nbsp;13 feb 2019 &#8211; 16:49&nbsp;Actualizado 14 feb 2019<\/p>\n\n\n\n<p>El&nbsp;<strong>Papa Francisco ha recibido en el Vaticano al presidente del gigante tecnol\u00f3gico Microsoft, Brad Smith<\/strong>. Se han reunido&nbsp;para hablar de la&nbsp;<strong>inteligencia artificial y su aplicaci\u00f3n en&nbsp;la sociedad<\/strong>, seg\u00fan ha informado la Santa Sede en un comunicado.&nbsp;<\/p>\n\n\n\n<p>Durante el encuentro, Brad&nbsp;Smith charl\u00f3 con el Pont\u00edfice sobre&nbsp;la&nbsp;<strong>inteligencia artificial y el servicio que esta tecnolog\u00eda puede ofrecer &#8220;al bien com\u00fan&#8221;.&nbsp;<\/strong>Adem\u00e1s, el presidente de Microsoft le comunic\u00f3 que promocionar\u00e1 junto a la Pontificia Academia para la Vida&nbsp;<strong>un premio internacional sobre la \u00e9tica en la inteligencia artificial.<\/strong><\/p>\n\n\n\n<p>El portavoz interino<strong>&nbsp;Alessandro Gisotti&nbsp;<\/strong>ha&nbsp;explicado&nbsp;que ha sido&nbsp;un encuentro &#8220;privado&#8221; en el Vaticano y que en el mismo tambi\u00e9n particip\u00f3 el&nbsp;<strong>presidente de la Pontificia Academia para la Vida, el arzobispo italiano Vincenzo Paglia.&nbsp;<\/strong><\/p>\n\n\n\n<p>La Academia vaticana celebrar\u00e1 una<strong>&nbsp;asamblea plenaria entre el 25 y el 27 de este mes de febrero sobre el tema &#8220;Robo\u00e9tica: personas, m\u00e1quinas y salud&#8221;<\/strong>, mientras que en 2020 versar\u00e1 precisamente sobre la inteligencia artificial.&nbsp;<\/p>\n","protected":false},"excerpt":{"rendered":"<p>Tiempo de lectura: 1&#8242;&nbsp;13 feb 2019 &#8211; 16:49&nbsp;Actualizado 14 feb 2019 El&nbsp;Papa Francisco ha recibido en el Vaticano al presidente del gigante tecnol\u00f3gico Microsoft, Brad Smith. Se han reunido&nbsp;para hablar de la&nbsp;inteligencia artificial y su aplicaci\u00f3n en&nbsp;la sociedad, seg\u00fan ha informado la Santa Sede en un comunicado.&nbsp; Durante el encuentro, Brad&nbsp;Smith charl\u00f3 con el Pont\u00edfice [&hellip;]<\/p>\n","protected":false},"author":2,"featured_media":24813,"comment_status":"closed","ping_status":"closed","sticky":false,"template":"","format":"standard","meta":{"footnotes":""},"categories":[17,7],"tags":[],"class_list":["post-24812","post","type-post","status-publish","format-standard","has-post-thumbnail","hentry","category-espanol","category-rassegna"],"jetpack_featured_media_url":"https:\/\/www.vincenzopaglia.it\/wp-content\/uploads\/2019\/02\/1550157037326.jpg","_links":{"self":[{"href":"https:\/\/www.vincenzopaglia.it\/index.php\/wp-json\/wp\/v2\/posts\/24812","targetHints":{"allow":["GET"]}}],"collection":[{"href":"https:\/\/www.vincenzopaglia.it\/index.php\/wp-json\/wp\/v2\/posts"}],"about":[{"href":"https:\/\/www.vincenzopaglia.it\/index.php\/wp-json\/wp\/v2\/types\/post"}],"author":[{"embeddable":true,"href":"https:\/\/www.vincenzopaglia.it\/index.php\/wp-json\/wp\/v2\/users\/2"}],"replies":[{"embeddable":true,"href":"https:\/\/www.vincenzopaglia.it\/index.php\/wp-json\/wp\/v2\/comments?post=24812"}],"version-history":[{"count":1,"href":"https:\/\/www.vincenzopaglia.it\/index.php\/wp-json\/wp\/v2\/posts\/24812\/revisions"}],"predecessor-version":[{"id":24814,"href":"https:\/\/www.vincenzopaglia.it\/index.php\/wp-json\/wp\/v2\/posts\/24812\/revisions\/24814"}],"wp:featuredmedia":[{"embeddable":true,"href":"https:\/\/www.vincenzopaglia.it\/index.php\/wp-json\/wp\/v2\/media\/24813"}],"wp:attachment":[{"href":"https:\/\/www.vincenzopaglia.it\/index.php\/wp-json\/wp\/v2\/media?parent=24812"}],"wp:term":[{"taxonomy":"category","embeddable":true,"href":"https:\/\/www.vincenzopaglia.it\/index.php\/wp-json\/wp\/v2\/categories?post=24812"},{"taxonomy":"post_tag","embeddable":true,"href":"https:\/\/www.vincenzopaglia.it\/index.php\/wp-json\/wp\/v2\/tags?post=24812"}],"curies":[{"name":"wp","href":"https:\/\/api.w.org\/{rel}","templated":true}]}}