{"id":24797,"date":"2019-02-19T00:20:23","date_gmt":"2019-02-18T23:20:23","guid":{"rendered":"http:\/\/www.vincenzopaglia.it\/?p=24797"},"modified":"2019-02-19T00:20:23","modified_gmt":"2019-02-18T23:20:23","slug":"il-presidente-di-microsoft-dal-papa-la-tecnologia-ha-bisogno-dellalleanza-tra-etica-politica-diritto","status":"publish","type":"post","link":"https:\/\/www.vincenzopaglia.it\/index.php\/il-presidente-di-microsoft-dal-papa-la-tecnologia-ha-bisogno-dellalleanza-tra-etica-politica-diritto.html","title":{"rendered":"Il presidente di Microsoft dal Papa: la tecnologia ha bisogno dell\u2019alleanza tra etica, politica, diritto"},"content":{"rendered":"\n<p>Papa Francesco ha ricevuto oggi pomeriggio in Vaticano, in forma privata, il presidente di Microsoft, Brad Smith, accompagnato dal presidente della Pontificia Accademia per la Vita, l\u2019arcivescovo Vincenzo Paglia. Lo fa sapere il direttore&nbsp;<em>ad interim&nbsp;<\/em>della Sala Stampa della Santa Sede, Alessandro Gisotti, il quale informa che durante l\u2019incontro, durato circa 30 minuti, \u00abSmith ha parlato dell\u2019Intelligenza Artificiale al servizio del bene comune e di alcune attivit\u00e0 per colmare il divario digitale che ancora persiste a livello globale\u00bb.<\/p>\n\n\n\n<p>Al Papa, riferisce ancora il portavoce vaticano, \u00e8 stato annunciato anche che Microsoft, assieme alla Pontificia Accademia per la Vita, promuover\u00e0 un premio internazionale per la miglior dissertazione dottorale sul tema delle intelligenze artificiali a servizio della vita umana. Le domande dovranno essere presentate entro il 15 dicembre 2019 e le tesi saranno giudicate da un collegio di tre esperti.<\/p>\n\n\n\n<p>Prima del Pontefice, Smith ha incontrato in mattinata a Santa Marta monsignor Paglia: insieme \u00abhanno convenuto sull\u2019importanza di un approccio etico alle tecnologie che, come l\u2019intelligenza artificiale, stanno innescando una vera e propria rivoluzione in tutti i campi del sapere e della vita quotidiana e lavorativa, in tutto il mondo\u00bb, si legge in una nota dell\u2019Accademia per la Vita. Nel colloquio si \u00e8 parlato anche dell\u2019impatto della intelligenza artificiale sulla societ\u00e0 e le future sfide per proteggere i cittadini e favorire la democratizzazione del digitale.<\/p>\n\n\n\n<p>Paglia ha invitato Smith, che ha accettato, a partecipare all\u2019Assemblea 2020 della Pontificia Accademia che avr\u00e0 come tema proprio quello della<em>&nbsp;\u201cIntelligenza Artificiale\u201d<\/em>; mentre la prossima plenaria &#8211; che si svolger\u00e0 dal 25 al 27 febbraio 2019 in Vaticano &#8211; sar\u00e0 incentrata su&nbsp;<em>\u201cRoboetica. Persone, macchine e salute\u201d.<\/em><\/p>\n\n\n\n<p>Nel contesto della visita in Vaticano il quotidiano della Santa Sede,<em>&nbsp;L\u2019Osservatore Romano<\/em>, ha pubblicato oggi un\u2019intervista del direttore Andrea Monda a Brad Smith. In un passaggio in particolare il presidente di Microsoft spiega che: \u00abNelle mani sbagliate ogni strumento pu\u00f2 diventare un\u2019arma se la potenza organizzativa dell\u2019umanit\u00e0 non riesce a tenere il passo con la tecnologia stessa. Per garantire che le persone abbiano fiducia nella tecnologia, dobbiamo pensare oltre la tecnologia stessa; abbiamo bisogno di forti principi etici, di nuove leggi evolute, di una formazione di persone con nuove competenze e persino riforme del mercato del lavoro. Se vogliamo sfruttare al massimo la potente e promettente tecnologia dell\u2019Intelligenza Artificiale (AI), tutto ci\u00f2 deve venire insieme. L\u2019AI avr\u00e0 un impatto su ogni settore della societ\u00e0 e non verr\u00e0 creata o utilizzata dal solo settore tecnologico. Ecco perch\u00e9 il mondo deve riunirsi per affrontare questi problemi con un senso di responsabilit\u00e0 condivisa\u00bb.<\/p>\n","protected":false},"excerpt":{"rendered":"<p>Papa Francesco ha ricevuto oggi pomeriggio in Vaticano, in forma privata, il presidente di Microsoft, Brad Smith, accompagnato dal presidente della Pontificia Accademia per la Vita, l\u2019arcivescovo Vincenzo Paglia. Lo fa sapere il direttore&nbsp;ad interim&nbsp;della Sala Stampa della Santa Sede, Alessandro Gisotti, il quale informa che durante l\u2019incontro, durato circa 30 minuti, \u00abSmith ha parlato [&hellip;]<\/p>\n","protected":false},"author":2,"featured_media":24799,"comment_status":"closed","ping_status":"closed","sticky":false,"template":"","format":"standard","meta":{"footnotes":""},"categories":[7],"tags":[],"class_list":["post-24797","post","type-post","status-publish","format-standard","has-post-thumbnail","hentry","category-rassegna"],"jetpack_featured_media_url":"https:\/\/www.vincenzopaglia.it\/wp-content\/uploads\/2019\/02\/6fa8493e-2faf-11e9-9516-6327b7720fee_a6f2a0ce93b5dcb3d1faf1462e9f76c4-k3lH-U112022090127350dD-1024x576@LaStampa.it_-e1550670276452.jpg","_links":{"self":[{"href":"https:\/\/www.vincenzopaglia.it\/index.php\/wp-json\/wp\/v2\/posts\/24797","targetHints":{"allow":["GET"]}}],"collection":[{"href":"https:\/\/www.vincenzopaglia.it\/index.php\/wp-json\/wp\/v2\/posts"}],"about":[{"href":"https:\/\/www.vincenzopaglia.it\/index.php\/wp-json\/wp\/v2\/types\/post"}],"author":[{"embeddable":true,"href":"https:\/\/www.vincenzopaglia.it\/index.php\/wp-json\/wp\/v2\/users\/2"}],"replies":[{"embeddable":true,"href":"https:\/\/www.vincenzopaglia.it\/index.php\/wp-json\/wp\/v2\/comments?post=24797"}],"version-history":[{"count":1,"href":"https:\/\/www.vincenzopaglia.it\/index.php\/wp-json\/wp\/v2\/posts\/24797\/revisions"}],"predecessor-version":[{"id":24800,"href":"https:\/\/www.vincenzopaglia.it\/index.php\/wp-json\/wp\/v2\/posts\/24797\/revisions\/24800"}],"wp:featuredmedia":[{"embeddable":true,"href":"https:\/\/www.vincenzopaglia.it\/index.php\/wp-json\/wp\/v2\/media\/24799"}],"wp:attachment":[{"href":"https:\/\/www.vincenzopaglia.it\/index.php\/wp-json\/wp\/v2\/media?parent=24797"}],"wp:term":[{"taxonomy":"category","embeddable":true,"href":"https:\/\/www.vincenzopaglia.it\/index.php\/wp-json\/wp\/v2\/categories?post=24797"},{"taxonomy":"post_tag","embeddable":true,"href":"https:\/\/www.vincenzopaglia.it\/index.php\/wp-json\/wp\/v2\/tags?post=24797"}],"curies":[{"name":"wp","href":"https:\/\/api.w.org\/{rel}","templated":true}]}}