{"id":24759,"date":"2019-01-29T16:01:49","date_gmt":"2019-01-29T15:01:49","guid":{"rendered":"http:\/\/www.vincenzopaglia.it\/?p=24759"},"modified":"2019-01-29T16:03:52","modified_gmt":"2019-01-29T15:03:52","slug":"sanchez-ceren-recibe-a-monsenor-vincenzo-paglia-postulador-de-la-causa-de-monsenor-romero","status":"publish","type":"post","link":"https:\/\/www.vincenzopaglia.it\/index.php\/sanchez-ceren-recibe-a-monsenor-vincenzo-paglia-postulador-de-la-causa-de-monsenor-romero.html","title":{"rendered":"S\u00e1nchez Cer\u00e9n recibe a monse\u00f1or Vincenzo Paglia, postulador de la causa de monse\u00f1or Romero"},"content":{"rendered":"\n<p>En un encuentro realizado en las instalaciones de Casa Presidencial, el presidente de la Rep\u00fablica, Salvador S\u00e1nchez Cer\u00e9n recibi\u00f3 al obispo italiano, monse\u00f1or Vincenzo Paglia, el postulador de la causa de beatificaci\u00f3n del ahora santo, monse\u00f1or Oscar Romero.<\/p>\n\n\n\n<p>La reuni\u00f3n se da en el marco de la visita que Paglia realiza a el Salvador para recibir el reconocimiento como \u201cNoble Amigo de El Salvador\u201d por parte de la Asamblea Legislativa, otorgado en 2016, que debido a su agenda, el prelado recibi\u00f3 hasta ayer.<\/p>\n\n\n\n<blockquote class=\"wp-block-quote is-layout-flow wp-block-quote-is-layout-flow\"><p>Vincenzo Paglia es gran canciller del Instituto Pontificio \u201cJuan Pablo II\u201d para Estudios sobre el Matrimonio y la Familia, adem\u00e1s, presidente de la Pontificia Academia para la Vida, desde 2016, tras nombramiento de Francisco; miembro de la congregaci\u00f3n para la Causa de los Santos y fundador de la Comunidad de San Egidio que tambi\u00e9n tiene representaci\u00f3n en El Salvador.<\/p><\/blockquote>\n\n\n\n<p>El ministro de Relaciones Exteriores, Carlos Castaneda, dijo que monse\u00f1or Paglia expres\u00f3 al presidente Salvador S\u00e1nchez Cer\u00e9n, la admiraci\u00f3n que tiene por El Salvador, que tiene una figura tan grande como San Oscar Romero.<\/p>\n\n\n\n<p>El mandatario y el prelado abordaron&nbsp;las expectativas que se tienen en el caso del sacerdote jesuita Rutilio Grande, asesinado en 1977, para que inicie un proceso de beatificaci\u00f3n, similar al de Romero. Paglia y S\u00e1nchez Cer\u00e9n realizaron votos para que la causa de Rutilio Grande avance conforme a los c\u00e1nones del Vaticano.<\/p>\n\n\n\n<p>\u201cTambi\u00e9n record\u00f3 que la figura del santo fue retomada por el Papa Francisco en Panam\u00e1 como una de las personalidades m\u00e1s grandes del mundo, un gu\u00eda espiritual por excelencia\u201d, a\u00f1adi\u00f3 el canciller.<\/p>\n\n\n\n<figure><iframe src=\"https:\/\/twitter.com\/i\/videos\/tweet\/1088851079960453120?embed_source=clientlib&amp;player_id=0&amp;rpc_init=1&amp;autoplay=1&amp;language_code=es&amp;use_syndication_guest_id=true\" allowfullscreen=\"\"><\/iframe><\/figure>\n\n\n\n<figure class=\"wp-block-image\"><a href=\"https:\/\/twitter.com\/InformaTVX\"><img decoding=\"async\" src=\"https:\/\/pbs.twimg.com\/profile_images\/921506617547546624\/rMx-XRmA_normal.jpg\" alt=\"\"\/><\/a><\/figure>\n\n\n\n<p><a href=\"https:\/\/twitter.com\/InformaTVX\"><strong>InformaTVX<\/strong>@InformaTVX<\/a><a href=\"https:\/\/twitter.com\/InformaTVX\/status\/1088851079960453120\"><\/a><\/p>\n\n\n\n<p>En la reuni\u00f3n, entre el obispo italiano, Vincenzo Paglia (<a href=\"https:\/\/twitter.com\/monspaglia\">@monspaglia<\/a>) y <a href=\"https:\/\/twitter.com\/sanchezceren\">@sanchezceren<\/a> hablaron sobre las expectativas que se tienen en el caso del sacerdote jesuita Rutilio Grande, asesinado en 1977, para que inicie un proceso de beatificaci\u00f3n, similar al de Romero. <a href=\"https:\/\/twitter.com\/hashtag\/ITVX?src=hash\">#ITVX<\/a><a href=\"https:\/\/twitter.com\/intent\/like?tweet_id=1088851079960453120\">1<\/a><a href=\"https:\/\/twitter.com\/InformaTVX\/status\/1088851079960453120\">18:28 &#8211; 25 ene. 2019<\/a><a href=\"https:\/\/twitter.com\/InformaTVX\">Ver los otros Tweets de InformaTVX<\/a><a href=\"https:\/\/support.twitter.com\/articles\/20175256\">Informaci\u00f3n y privacidad de Twitter Ads<\/a><br><\/p>\n","protected":false},"excerpt":{"rendered":"<p>En un encuentro realizado en las instalaciones de Casa Presidencial, el presidente de la Rep\u00fablica, Salvador S\u00e1nchez Cer\u00e9n recibi\u00f3 al obispo italiano, monse\u00f1or Vincenzo Paglia, el postulador de la causa de beatificaci\u00f3n del ahora santo, monse\u00f1or Oscar Romero. La reuni\u00f3n se da en el marco de la visita que Paglia realiza a el Salvador para [&hellip;]<\/p>\n","protected":false},"author":2,"featured_media":24760,"comment_status":"closed","ping_status":"closed","sticky":false,"template":"","format":"standard","meta":{"footnotes":""},"categories":[17,7],"tags":[],"class_list":["post-24759","post","type-post","status-publish","format-standard","has-post-thumbnail","hentry","category-espanol","category-rassegna"],"jetpack_featured_media_url":"https:\/\/www.vincenzopaglia.it\/wp-content\/uploads\/2019\/01\/Encuentro-SC-VP-e1548773597887.jpg","_links":{"self":[{"href":"https:\/\/www.vincenzopaglia.it\/index.php\/wp-json\/wp\/v2\/posts\/24759","targetHints":{"allow":["GET"]}}],"collection":[{"href":"https:\/\/www.vincenzopaglia.it\/index.php\/wp-json\/wp\/v2\/posts"}],"about":[{"href":"https:\/\/www.vincenzopaglia.it\/index.php\/wp-json\/wp\/v2\/types\/post"}],"author":[{"embeddable":true,"href":"https:\/\/www.vincenzopaglia.it\/index.php\/wp-json\/wp\/v2\/users\/2"}],"replies":[{"embeddable":true,"href":"https:\/\/www.vincenzopaglia.it\/index.php\/wp-json\/wp\/v2\/comments?post=24759"}],"version-history":[{"count":1,"href":"https:\/\/www.vincenzopaglia.it\/index.php\/wp-json\/wp\/v2\/posts\/24759\/revisions"}],"predecessor-version":[{"id":24761,"href":"https:\/\/www.vincenzopaglia.it\/index.php\/wp-json\/wp\/v2\/posts\/24759\/revisions\/24761"}],"wp:featuredmedia":[{"embeddable":true,"href":"https:\/\/www.vincenzopaglia.it\/index.php\/wp-json\/wp\/v2\/media\/24760"}],"wp:attachment":[{"href":"https:\/\/www.vincenzopaglia.it\/index.php\/wp-json\/wp\/v2\/media?parent=24759"}],"wp:term":[{"taxonomy":"category","embeddable":true,"href":"https:\/\/www.vincenzopaglia.it\/index.php\/wp-json\/wp\/v2\/categories?post=24759"},{"taxonomy":"post_tag","embeddable":true,"href":"https:\/\/www.vincenzopaglia.it\/index.php\/wp-json\/wp\/v2\/tags?post=24759"}],"curies":[{"name":"wp","href":"https:\/\/api.w.org\/{rel}","templated":true}]}}