{"id":24756,"date":"2019-01-29T15:45:37","date_gmt":"2019-01-29T14:45:37","guid":{"rendered":"http:\/\/www.vincenzopaglia.it\/?p=24756"},"modified":"2019-01-29T15:46:58","modified_gmt":"2019-01-29T14:46:58","slug":"vincenzo-paglia-causa-de-rutilio-grande-avanza-en-el-vaticano","status":"publish","type":"post","link":"https:\/\/www.vincenzopaglia.it\/index.php\/vincenzo-paglia-causa-de-rutilio-grande-avanza-en-el-vaticano.html","title":{"rendered":"Vincenzo Paglia: causa de Rutilio Grande avanza en el Vaticano"},"content":{"rendered":"\n<p>Monse\u00f1or Vincenzo Paglia, el postulador de la causa de Monse\u00f1or Romero para que el Vaticano lo convirtiera en santo, est\u00e1 de visita en el pa\u00eds. El jueves en la noche lanz\u00f3 su libro &#8220;La palabra de Dios cada d\u00eda 2019&#8221; y habl\u00f3 sobre la causa de Rutilio Grande.<\/p>\n\n\n\n<p>&#8220;No tengo el conocimiento directo, pero he escuchado que contin\u00faa hacia adelante. Yo creo que no est\u00e1 muy lejos el momento en el cual (ese proceso) terminar\u00e1. Yo le veo tambi\u00e9n como un m\u00e1rtir, que sin necesidad del milagro llevar\u00e1 el mismo camino de la causa de Monse\u00f1or Romero&#8221;, expres\u00f3 cuando fue consultado sobre los avances en el proceso de beatificaci\u00f3n del padre Grande, asesinado en 1977.<\/p>\n\n\n\n\n\n<p>El obispo cat\u00f3lico, quien es tambi\u00e9n presidente del Pontificio Consejo para la Familia y uno de los fundadores de la Comunidad de San Egidio, recibi\u00f3 el mismo jueves una distinci\u00f3n otorgada por la Asamblea Legislativa, con la que lo declar\u00f3 &#8220;Noble amigo de El Salvador&#8221;.<\/p>\n\n\n\n<ul class=\"wp-block-list\"><li><strong><a href=\"https:\/\/www.laprensagrafica.com\/elsalvador\/Paglia-dice-que-en-proceso-hubo-amenazas-20181011-0129.html\" target=\"_blank\" rel=\"noreferrer noopener\">Paglia dice que en proceso hubo amenazas<\/a><\/strong><\/li><\/ul>\n\n\n\n<p>Paglia, adem\u00e1s, se reuni\u00f3 ayer por la tarde con el presidente de la rep\u00fablica, Salvador S\u00e1nchez Cer\u00e9n, en Casa Presidencial, con el objetivo de conversar sobre los avances de la causa de Rutilio Grande.<\/p>\n\n\n\n<p>&#8220;Monse\u00f1or expres\u00f3 al presidente S\u00e1nchez Cer\u00e9n su admiraci\u00f3n por c\u00f3mo un peque\u00f1o pa\u00eds tiene una figura tan grande como san \u00d3scar Romero. Tambi\u00e9n record\u00f3 que la figura del santo fue retomada por el papa Francisco en Panam\u00e1 (donde la Iglesia cat\u00f3lica desarrolla esta semana la Jornada Mundial de la Juventud) como una de las personalidades m\u00e1s grandes del mundo, un gu\u00eda espiritual por excelencia&#8221;, asegur\u00f3 el ministro de Relaciones Exteriores de El Salvador, Carlos Castaneda, quien acompa\u00f1\u00f3 al jefe de Gobierno durante el encuentro.<\/p>\n\n\n\n<p>El canciller agreg\u00f3 que Paglia y el mandatario hicieron votos para que siga avanzando con normalidad y rapidez la causa de Rutilio Grande.<\/p>\n\n\n\n<p><strong>Un libro para reflexionar<\/strong><\/p>\n\n\n\n<p>Acerca de su libro, Paglia explic\u00f3 que la palabra de Dios debe ser le\u00edda todos los d\u00edas, pero no para aprender curiosidades, sino para poder encontrar una fuente de iluminaci\u00f3n.<\/p>\n\n\n\n<p>Insisti\u00f3 en que cada persona debe buscar cada d\u00eda de su vida qu\u00e9 es lo que quiere, pero a la luz de la palabra de Dios.<\/p>\n\n\n\n<ul class=\"wp-block-list\"><li><strong><a href=\"https:\/\/www.laprensagrafica.com\/elsalvador\/Romero-no-fue-heroe-fue-un-obispo-que-dio-la-vida-por-los-pobres-20180312-0123.html\" target=\"_blank\" rel=\"noreferrer noopener\">\u201cRomero no fue h\u00e9roe, fue un obispo que dio la vida por los pobres\u201d<\/a><\/strong><\/li><\/ul>\n\n\n\n<p>&#8220;Romero era amante de la palabra de Dios. La palabra de Dios es imposible escucharla si no tienen en la otra mano la historia que cada uno vive&#8221;, manifest\u00f3.<\/p>\n\n\n\n<p>Durante la presentaci\u00f3n del libro, en la comunidad Sant\u2019 Egidio, tambi\u00e9n participaron el padre jesuita Jos\u00e9 Mar\u00eda Tojeira y el exministro de Econom\u00eda H\u00e9ctor Dada Hirezi.<\/p>\n","protected":false},"excerpt":{"rendered":"<p>Monse\u00f1or Vincenzo Paglia, el postulador de la causa de Monse\u00f1or Romero para que el Vaticano lo convirtiera en santo, est\u00e1 de visita en el pa\u00eds. El jueves en la noche lanz\u00f3 su libro &#8220;La palabra de Dios cada d\u00eda 2019&#8221; y habl\u00f3 sobre la causa de Rutilio Grande. &#8220;No tengo el conocimiento directo, pero he [&hellip;]<\/p>\n","protected":false},"author":2,"featured_media":24757,"comment_status":"closed","ping_status":"closed","sticky":false,"template":"","format":"standard","meta":{"footnotes":""},"categories":[17,7],"tags":[],"class_list":["post-24756","post","type-post","status-publish","format-standard","has-post-thumbnail","hentry","category-espanol","category-rassegna"],"jetpack_featured_media_url":"https:\/\/www.vincenzopaglia.it\/wp-content\/uploads\/2019\/01\/fnac26012019japag12.jpg_525981578-e1548773170502.jpg","_links":{"self":[{"href":"https:\/\/www.vincenzopaglia.it\/index.php\/wp-json\/wp\/v2\/posts\/24756","targetHints":{"allow":["GET"]}}],"collection":[{"href":"https:\/\/www.vincenzopaglia.it\/index.php\/wp-json\/wp\/v2\/posts"}],"about":[{"href":"https:\/\/www.vincenzopaglia.it\/index.php\/wp-json\/wp\/v2\/types\/post"}],"author":[{"embeddable":true,"href":"https:\/\/www.vincenzopaglia.it\/index.php\/wp-json\/wp\/v2\/users\/2"}],"replies":[{"embeddable":true,"href":"https:\/\/www.vincenzopaglia.it\/index.php\/wp-json\/wp\/v2\/comments?post=24756"}],"version-history":[{"count":1,"href":"https:\/\/www.vincenzopaglia.it\/index.php\/wp-json\/wp\/v2\/posts\/24756\/revisions"}],"predecessor-version":[{"id":24758,"href":"https:\/\/www.vincenzopaglia.it\/index.php\/wp-json\/wp\/v2\/posts\/24756\/revisions\/24758"}],"wp:featuredmedia":[{"embeddable":true,"href":"https:\/\/www.vincenzopaglia.it\/index.php\/wp-json\/wp\/v2\/media\/24757"}],"wp:attachment":[{"href":"https:\/\/www.vincenzopaglia.it\/index.php\/wp-json\/wp\/v2\/media?parent=24756"}],"wp:term":[{"taxonomy":"category","embeddable":true,"href":"https:\/\/www.vincenzopaglia.it\/index.php\/wp-json\/wp\/v2\/categories?post=24756"},{"taxonomy":"post_tag","embeddable":true,"href":"https:\/\/www.vincenzopaglia.it\/index.php\/wp-json\/wp\/v2\/tags?post=24756"}],"curies":[{"name":"wp","href":"https:\/\/api.w.org\/{rel}","templated":true}]}}