{"id":24737,"date":"2019-01-25T14:57:20","date_gmt":"2019-01-25T13:57:20","guid":{"rendered":"http:\/\/www.vincenzopaglia.it\/?p=24737"},"modified":"2019-01-25T14:59:12","modified_gmt":"2019-01-25T13:59:12","slug":"reconocen-a-monsenor-vincenzo-paglia-como-noble-amigo-de-el-salvador","status":"publish","type":"post","link":"https:\/\/www.vincenzopaglia.it\/index.php\/reconocen-a-monsenor-vincenzo-paglia-como-noble-amigo-de-el-salvador.html","title":{"rendered":"Reconocen a monse\u00f1or Vincenzo Paglia como \u201cNoble Amigo de El Salvador\u201d"},"content":{"rendered":"\n<p>En el Sal\u00f3n Jos\u00e9 Mat\u00edas Delgado del edificio administrativo de la Asamblea Legislativa, el postulador de la causa de beatificaci\u00f3n del ahora santo, monse\u00f1or Oscar Arnulfo Romero, Vincenzo Paglia, recibi\u00f3 el reconocimiento como \u201cNoble Amigo de El Salvador\u201d, por su&nbsp;esfuerzo y dedicaci\u00f3n durante el proceso.<\/p>\n\n\n\n<p>El presidente de la Asamblea Legislativa, Norman Quijano junto a los diputados Jorge Schafik Handal y Nidia D\u00edaz participaron de la ceremonia.&nbsp;Quijano, afirm\u00f3 que monse\u00f1or Paglia, como postulador de la causa de beatificaci\u00f3n de Romero, trabaj\u00f3 con mucho empe\u00f1o y en el 2012 fue que logr\u00f3 que se le diera un nuevo impulso a dicho proceso en el Vaticano.<\/p>\n\n\n\n<blockquote class=\"wp-block-quote is-layout-flow wp-block-quote-is-layout-flow\"><p><strong>El presidente de la Asamblea Legislativa, Norman Quijano solicit\u00f3 en la sesi\u00f3n plenaria N\u00b0 32, la autorizaci\u00f3n al Pleno Legislativo para la entrega en forma privada de la distinci\u00f3n honor\u00edfica de \u201cNoble Amigo de El Salvador\u201d al obispo italiano, Vincenzo Paglia.&nbsp;<\/strong><\/p><\/blockquote>\n\n\n\n<p>Asimismo, Quijano expres\u00f3 a Paglia que el galard\u00f3n de \u201cNoble Amigo de el Salvador\u201d es una muestra de la gratitud y amistad de El Salvador hacia su persona y a m\u00faltiples trabajos eclesi\u00e1sticos traducidos en su fe cristiana.<\/p>\n\n\n\n<p>Luego de recibir el reconocimiento, el obispo italiano dijo que \u201cmonse\u00f1or Romero es un ciudadano del mundo; un ciudadano universal. El Salvador y Am\u00e9rica ser\u00e1 ayudada por San Romero para destruir las fronteras para poder sufragar las necesidad de todos\u201d. \u201cEstoy contento de ser llamado: \u2018Amigo de El Salvador&#8217;\u201d, se\u00f1al\u00f3.<\/p>\n\n\n\n<p>El prelado expres\u00f3 su agradecimiento al recibir el reconocimiento y asegur\u00f3 que con la recibi\u00f3 con gran alegr\u00eda, entendiendo la humildad de este pa\u00eds. \u201cEn un mundo de soledad y conflicto, hablar de amistad es el tesoro m\u00e1s grande que todos en el mundo entienden, por ello me siento contento de ser su amigo\u201d, declar\u00f3.<\/p>\n\n\n\n<p>El decreto, con n\u00famero 270, se extendi\u00f3 a los 11 d\u00edas del mes de febrero de 2016.<\/p>\n\n\n\n<p><a href=\"https:\/\/informatvx.com\/reconocen-a-monsenor-vincenzo-paglia-como-noble-amigo-de-el-salvador\/\"><strong>(INFORMATVX)<\/strong><\/a><\/p>\n\n\n\n<figure class=\"wp-block-image is-resized\"><img loading=\"lazy\" decoding=\"async\" src=\"http:\/\/www.vincenzopaglia.it\/wp-content\/uploads\/2019\/01\/Noble-Amigo-de-El-Salvador-696x1170-167x280.jpg\" alt=\"\" class=\"wp-image-24741\" width=\"247\" height=\"414\" srcset=\"https:\/\/www.vincenzopaglia.it\/wp-content\/uploads\/2019\/01\/Noble-Amigo-de-El-Salvador-696x1170-167x280.jpg 167w, https:\/\/www.vincenzopaglia.it\/wp-content\/uploads\/2019\/01\/Noble-Amigo-de-El-Salvador-696x1170-95x160.jpg 95w, https:\/\/www.vincenzopaglia.it\/wp-content\/uploads\/2019\/01\/Noble-Amigo-de-El-Salvador-696x1170.jpg 696w\" sizes=\"auto, (max-width: 247px) 100vw, 247px\" \/><\/figure>\n","protected":false},"excerpt":{"rendered":"<p>En el Sal\u00f3n Jos\u00e9 Mat\u00edas Delgado del edificio administrativo de la Asamblea Legislativa, el postulador de la causa de beatificaci\u00f3n del ahora santo, monse\u00f1or Oscar Arnulfo Romero, Vincenzo Paglia, recibi\u00f3 el reconocimiento como \u201cNoble Amigo de El Salvador\u201d, por su&nbsp;esfuerzo y dedicaci\u00f3n durante el proceso. El presidente de la Asamblea Legislativa, Norman Quijano junto a [&hellip;]<\/p>\n","protected":false},"author":2,"featured_media":24738,"comment_status":"closed","ping_status":"closed","sticky":false,"template":"","format":"standard","meta":{"footnotes":""},"categories":[8,17],"tags":[],"class_list":["post-24737","post","type-post","status-publish","format-standard","has-post-thumbnail","hentry","category-news","category-espanol"],"jetpack_featured_media_url":"https:\/\/www.vincenzopaglia.it\/wp-content\/uploads\/2019\/01\/Asamblea-Legislativa-Vincenzo-Paglia-e1548424597589.jpg","_links":{"self":[{"href":"https:\/\/www.vincenzopaglia.it\/index.php\/wp-json\/wp\/v2\/posts\/24737","targetHints":{"allow":["GET"]}}],"collection":[{"href":"https:\/\/www.vincenzopaglia.it\/index.php\/wp-json\/wp\/v2\/posts"}],"about":[{"href":"https:\/\/www.vincenzopaglia.it\/index.php\/wp-json\/wp\/v2\/types\/post"}],"author":[{"embeddable":true,"href":"https:\/\/www.vincenzopaglia.it\/index.php\/wp-json\/wp\/v2\/users\/2"}],"replies":[{"embeddable":true,"href":"https:\/\/www.vincenzopaglia.it\/index.php\/wp-json\/wp\/v2\/comments?post=24737"}],"version-history":[{"count":3,"href":"https:\/\/www.vincenzopaglia.it\/index.php\/wp-json\/wp\/v2\/posts\/24737\/revisions"}],"predecessor-version":[{"id":24742,"href":"https:\/\/www.vincenzopaglia.it\/index.php\/wp-json\/wp\/v2\/posts\/24737\/revisions\/24742"}],"wp:featuredmedia":[{"embeddable":true,"href":"https:\/\/www.vincenzopaglia.it\/index.php\/wp-json\/wp\/v2\/media\/24738"}],"wp:attachment":[{"href":"https:\/\/www.vincenzopaglia.it\/index.php\/wp-json\/wp\/v2\/media?parent=24737"}],"wp:term":[{"taxonomy":"category","embeddable":true,"href":"https:\/\/www.vincenzopaglia.it\/index.php\/wp-json\/wp\/v2\/categories?post=24737"},{"taxonomy":"post_tag","embeddable":true,"href":"https:\/\/www.vincenzopaglia.it\/index.php\/wp-json\/wp\/v2\/tags?post=24737"}],"curies":[{"name":"wp","href":"https:\/\/api.w.org\/{rel}","templated":true}]}}