{"id":24557,"date":"2018-12-04T11:03:08","date_gmt":"2018-12-04T10:03:08","guid":{"rendered":"http:\/\/www.vincenzopaglia.it\/?p=24557"},"modified":"2018-12-04T11:49:36","modified_gmt":"2018-12-04T10:49:36","slug":"biotecnologie-e-robotica-pongono-problemi-inediti","status":"publish","type":"post","link":"https:\/\/www.vincenzopaglia.it\/index.php\/biotecnologie-e-robotica-pongono-problemi-inediti.html","title":{"rendered":"\u201cBiotecnologie e robotica pongono problemi inediti\u201d"},"content":{"rendered":"<p>\u201cNon \u00e8 sempre facile dirimere le tensioni che nascono quando, ad esempio, dignit\u00e0 e libert\u00e0 della persona si trovano in concorrenza. C\u2019\u00e8 una differenza di approccio al tema nell\u2019Europa mediterranea, dove si tende a dare priorit\u00e0 alla dignit\u00e0, mentre nel mondo anglosassone si tende a far prevalere l\u2019attenzione sull\u2019altro polo della libert\u00e0\u201d. Lo ha detto mons. Vincenzo Paglia, presidente della Pontificia accademia per la vita, intervenuto oggi al Palazzo delle Nazioni, a Ginevra, in un convegno dedicato ai 70 anni dalla Dichiarazione universale dei diritti dell\u2019umani. \u201cNon sempre si trova nel concreto un punto di conciliazione soddisfacente quando la dignit\u00e0 entra in rotta di collisione con altri diritti o esigenze, come nel caso della libert\u00e0 di ricerca o le libert\u00e0 economiche\u201d, ha aggiunto. L\u2019arcivescovo ha poi fatto riferimento agli sviluppi delle biotecnologie, della robotica, delle neuroscienze: \u201cSe da una parte hanno consentito grandi passi avanti nella cura della salute \u2013 ha spiegato -, dall\u2019altra pongono problemi inediti riguardo ai rapporti dell\u2019uomo con il proprio corpo, fin negli aspetti pi\u00f9 profondi della coscienza, della generazione, del giusto rapporto con altri esseri viventi\u201d.<\/p>\n<p><em><strong><a href=\"https:\/\/agensir.it\/quotidiano\/2018\/12\/3\/70-dichiarazione-diritti-delluomo-mons-paglia-pav-biotecnologie-e-robotica-pongono-problemi-inediti\/\">(SIR)<\/a><\/strong><\/em><\/p>\n","protected":false},"excerpt":{"rendered":"<p>\u201cNon \u00e8 sempre facile dirimere le tensioni che nascono quando, ad esempio, dignit\u00e0 e libert\u00e0 della persona si trovano in concorrenza. C\u2019\u00e8 una differenza di approccio al tema nell\u2019Europa mediterranea, dove si tende a dare priorit\u00e0 alla dignit\u00e0, mentre nel mondo anglosassone si tende a far prevalere l\u2019attenzione sull\u2019altro polo della libert\u00e0\u201d. Lo ha detto [&hellip;]<\/p>\n","protected":false},"author":2,"featured_media":24558,"comment_status":"closed","ping_status":"closed","sticky":false,"template":"","format":"standard","meta":{"footnotes":""},"categories":[7],"tags":[],"class_list":["post-24557","post","type-post","status-publish","format-standard","has-post-thumbnail","hentry","category-rassegna"],"jetpack_featured_media_url":"https:\/\/www.vincenzopaglia.it\/wp-content\/uploads\/2018\/12\/accademiavita-4-755x491.jpg.pagespeed.ce_.Lx4tYF3uGZ.jpg","_links":{"self":[{"href":"https:\/\/www.vincenzopaglia.it\/index.php\/wp-json\/wp\/v2\/posts\/24557","targetHints":{"allow":["GET"]}}],"collection":[{"href":"https:\/\/www.vincenzopaglia.it\/index.php\/wp-json\/wp\/v2\/posts"}],"about":[{"href":"https:\/\/www.vincenzopaglia.it\/index.php\/wp-json\/wp\/v2\/types\/post"}],"author":[{"embeddable":true,"href":"https:\/\/www.vincenzopaglia.it\/index.php\/wp-json\/wp\/v2\/users\/2"}],"replies":[{"embeddable":true,"href":"https:\/\/www.vincenzopaglia.it\/index.php\/wp-json\/wp\/v2\/comments?post=24557"}],"version-history":[{"count":1,"href":"https:\/\/www.vincenzopaglia.it\/index.php\/wp-json\/wp\/v2\/posts\/24557\/revisions"}],"predecessor-version":[{"id":24559,"href":"https:\/\/www.vincenzopaglia.it\/index.php\/wp-json\/wp\/v2\/posts\/24557\/revisions\/24559"}],"wp:featuredmedia":[{"embeddable":true,"href":"https:\/\/www.vincenzopaglia.it\/index.php\/wp-json\/wp\/v2\/media\/24558"}],"wp:attachment":[{"href":"https:\/\/www.vincenzopaglia.it\/index.php\/wp-json\/wp\/v2\/media?parent=24557"}],"wp:term":[{"taxonomy":"category","embeddable":true,"href":"https:\/\/www.vincenzopaglia.it\/index.php\/wp-json\/wp\/v2\/categories?post=24557"},{"taxonomy":"post_tag","embeddable":true,"href":"https:\/\/www.vincenzopaglia.it\/index.php\/wp-json\/wp\/v2\/tags?post=24557"}],"curies":[{"name":"wp","href":"https:\/\/api.w.org\/{rel}","templated":true}]}}