{"id":24393,"date":"2018-08-20T13:14:38","date_gmt":"2018-08-20T11:14:38","guid":{"rendered":"http:\/\/www.vincenzopaglia.it\/?p=24393"},"modified":"2019-02-04T13:51:54","modified_gmt":"2019-02-04T12:51:54","slug":"cuidados-paliativos-y-espiritualidad-para-la-vida-la-pontificia-academia-para-la-vida-y-el-centro-metodista-de-houston-organizan-una-conferencia-del-16-al-18-de-septiembre","status":"publish","type":"post","link":"https:\/\/www.vincenzopaglia.it\/index.php\/cuidados-paliativos-y-espiritualidad-para-la-vida-la-pontificia-academia-para-la-vida-y-el-centro-metodista-de-houston-organizan-una-conferencia-del-16-al-18-de-septiembre.html","title":{"rendered":"Cuidados paliativos y espiritualidad para la Vida. La Pontificia Academia para la Vida y el Centro Metodista de Houston organizan una conferencia del 16 al 18 de septiembre"},"content":{"rendered":"<p style=\"font-weight: 400;\">La Conferencia sobre Cuidados paliativos y Espiritualidad para la vida (PCSLife,\u00a0<a href=\"http:\/\/www.pcslife.org\/\" data-saferedirecturl=\"https:\/\/www.google.com\/url?hl=it&amp;q=http:\/\/www.pcslife.org\/&amp;source=gmail&amp;ust=1534848920650000&amp;usg=AFQjCNFQtNtxhzfZmP7MylHA2514NUuqPw\">www.pcslife.org<\/a>) es un proyecto conjunto entre la Pontificia Academia para la Vida del Vaticano, el\u00a0<em>MD<\/em>\u00a0<em>Anderson Cancer Center<\/em>\u00a0de la Universidad de Texas y el Centro de Investigaci\u00f3n Metodista de Houston. Estas diferentes instituciones est\u00e1n conectadas por la misi\u00f3n com\u00fan de promover la difusi\u00f3n de los cuidados paliativos en todo el mundo, ya que es un camino justo, compasivo y accesible para el bien de los enfermos.<\/p>\n<p style=\"font-weight: 400;\">La misi\u00f3n com\u00fan a favor de los cuidados paliativos trasciende las distancias -m\u00e1s de 13.000 kil\u00f3metros entre el Vaticano y Texas- y las diferencias doctrinales. El Papa Francisco subray\u00f3 la importancia de los cuidados paliativos en su mensaje a la Pontificia Academia para la Vida, en febrero de este a\u00f1o. El Papa dijo: \u201cLa complejidad y la delicadeza de los temas presentes en los cuidados paliativos piden proseguir la reflexi\u00f3n y difundir su pr\u00e1ctica para facilitar el acceso: una tarea en la que los creyentes pueden encontrar como compa\u00f1eros de camino a muchas personas de buena voluntad\u201d.<\/p>\n<p style=\"font-weight: 400;\">Mons. Vincenzo Paglia, Presidente de la Pontificia Academia para la Vida, subraya que &#8220;si no podemos curar, podemos aliviar el dolor y el sufrimiento y seguir cuidando del enfermo. El paciente &#8220;incurable&#8221; nunca ha de ser dejado sin &#8220;cuidados&#8221;. Sin esta convicci\u00f3n es f\u00e1cil caer en el abandono terap\u00e9utico (&#8220;como no hay nada m\u00e1s que hacer, no vale la pena hacer nada&#8221;) o en la deriva de la eutanasia (&#8220;vale la pena acabar con ella&#8221;). Los cuidados paliativos, al mismo tiempo contrarrestan estos dos riesgos y ayudan a la medicina a redescubrir su vocaci\u00f3n humanista de defender la dignidad de cada persona en cualquier condici\u00f3n en que se encuentre&#8221;.<\/p>\n<p style=\"font-weight: 400;\">La Conferencia PCSLife es un trabajo conjunto de expertos en cuidados paliativos y expertos espirituales para entender c\u00f3mo integrar estos dos aspectos, desarrollar enfoques ecum\u00e9nicos con el objetivo de mejorar la vida espiritual de los pacientes y cuidadores, e identificar las mejores pr\u00e1cticas en el mundo. La Conferencia incluye una exposici\u00f3n de obras de Lynn Randolph, artista que ha expuesto en museos y hospitales de Estados Unidos.<\/p>\n<p style=\"font-weight: 400;\">Cuidados paliativos y Espiritualidad para la vida &#8211; 16-18 de septiembre.<\/p>\n<p style=\"font-weight: 400;\">Lugar: Houston Methodist Research Institute<\/p>\n<p style=\"font-weight: 400;\">6670 Bertner Avenue, Houston, TX, EE.UU.<\/p>\n<p style=\"font-weight: 400;\">El programa completo est\u00e1 disponible en la p\u00e1gina web\u00a0<strong><a href=\"http:\/\/www.pcslife.org\/\" data-saferedirecturl=\"https:\/\/www.google.com\/url?hl=it&amp;q=http:\/\/www.pcslife.org\/&amp;source=gmail&amp;ust=1534848920650000&amp;usg=AFQjCNFQtNtxhzfZmP7MylHA2514NUuqPw\">www.pcslife.org<\/a><\/strong>\u00a0donde se indican las modalidades de inscripci\u00f3n.<\/p>\n<p style=\"font-weight: 400;\">16 septiembre: reuni\u00f3n de ponentes;<\/p>\n<p style=\"font-weight: 400;\">17 septiembre: Simposio p\u00fablico y C\u00e1tedra Marialuisa por la Vida (Marialuisa Lectureship for Life);<\/p>\n<p style=\"font-weight: 400;\">18 septiembre: reuni\u00f3n de ponentes.<\/p>\n<p style=\"font-weight: 400;\">Notas t\u00e9cnicas:<\/p>\n<p style=\"font-weight: 400;\">&#8211; Mons. Vincenzo Paglia es el Presidente de la Pontificia Academia para la Vida \u2013<a href=\"http:\/\/www.academyforlife.va\/\" data-saferedirecturl=\"https:\/\/www.google.com\/url?hl=it&amp;q=http:\/\/www.academyforlife.va\/&amp;source=gmail&amp;ust=1534848920650000&amp;usg=AFQjCNELwx7-AruaCwAHnpkbXB6QYh_e7g\">www.academyforlife.va<\/a><\/p>\n<p style=\"font-weight: 400;\">&#8211; Prof. Mauro Ferrari, Presidente y Ceo del Centro de Investigaci\u00f3n Metodista de Houston \u2013 Departamento de Cuidados Paliativos, Rehabilitaci\u00f3n, Medicina<\/p>\n<p style=\"font-weight: 400;\"><a href=\"http:\/\/www.houstonmethodist.org\/\" data-saferedirecturl=\"https:\/\/www.google.com\/url?hl=it&amp;q=http:\/\/www.houstonmethodist.org\/&amp;source=gmail&amp;ust=1534848920650000&amp;usg=AFQjCNEydSTneAH4-gG1FvPAgDYq0z9dmA\">www.houstonmethodist.org<\/a><\/p>\n<p style=\"font-weight: 400;\">&#8211; Prof. Eduardo Bruera, Departamento de Cuidados Paliativos, Rehabilitaci\u00f3n, Medicina \u2013 UT MD Anderson Cancer Center \u2013\u00a0<a href=\"http:\/\/www.mdanderson.org\/\" data-saferedirecturl=\"https:\/\/www.google.com\/url?hl=it&amp;q=http:\/\/www.mdanderson.org\/&amp;source=gmail&amp;ust=1534848920650000&amp;usg=AFQjCNGNiY-L8kr5G9g8Zl-3zv88NRAlvQ\">www.mdanderson.org<\/a><\/p>\n","protected":false},"excerpt":{"rendered":"<p>La Conferencia sobre Cuidados paliativos y Espiritualidad para la vida (PCSLife,\u00a0www.pcslife.org) es un proyecto conjunto entre la Pontificia Academia para la Vida del Vaticano, el\u00a0MD\u00a0Anderson Cancer Center\u00a0de la Universidad de Texas y el Centro de Investigaci\u00f3n Metodista de Houston. Estas diferentes instituciones est\u00e1n conectadas por la misi\u00f3n com\u00fan de promover la difusi\u00f3n de los cuidados [&hellip;]<\/p>\n","protected":false},"author":2,"featured_media":24391,"comment_status":"closed","ping_status":"closed","sticky":false,"template":"","format":"standard","meta":{"footnotes":""},"categories":[8,17],"tags":[],"class_list":["post-24393","post","type-post","status-publish","format-standard","has-post-thumbnail","hentry","category-news","category-espanol"],"jetpack_featured_media_url":"https:\/\/www.vincenzopaglia.it\/wp-content\/uploads\/2018\/08\/images.png","_links":{"self":[{"href":"https:\/\/www.vincenzopaglia.it\/index.php\/wp-json\/wp\/v2\/posts\/24393","targetHints":{"allow":["GET"]}}],"collection":[{"href":"https:\/\/www.vincenzopaglia.it\/index.php\/wp-json\/wp\/v2\/posts"}],"about":[{"href":"https:\/\/www.vincenzopaglia.it\/index.php\/wp-json\/wp\/v2\/types\/post"}],"author":[{"embeddable":true,"href":"https:\/\/www.vincenzopaglia.it\/index.php\/wp-json\/wp\/v2\/users\/2"}],"replies":[{"embeddable":true,"href":"https:\/\/www.vincenzopaglia.it\/index.php\/wp-json\/wp\/v2\/comments?post=24393"}],"version-history":[{"count":2,"href":"https:\/\/www.vincenzopaglia.it\/index.php\/wp-json\/wp\/v2\/posts\/24393\/revisions"}],"predecessor-version":[{"id":24767,"href":"https:\/\/www.vincenzopaglia.it\/index.php\/wp-json\/wp\/v2\/posts\/24393\/revisions\/24767"}],"wp:featuredmedia":[{"embeddable":true,"href":"https:\/\/www.vincenzopaglia.it\/index.php\/wp-json\/wp\/v2\/media\/24391"}],"wp:attachment":[{"href":"https:\/\/www.vincenzopaglia.it\/index.php\/wp-json\/wp\/v2\/media?parent=24393"}],"wp:term":[{"taxonomy":"category","embeddable":true,"href":"https:\/\/www.vincenzopaglia.it\/index.php\/wp-json\/wp\/v2\/categories?post=24393"},{"taxonomy":"post_tag","embeddable":true,"href":"https:\/\/www.vincenzopaglia.it\/index.php\/wp-json\/wp\/v2\/tags?post=24393"}],"curies":[{"name":"wp","href":"https:\/\/api.w.org\/{rel}","templated":true}]}}