{"id":24300,"date":"2018-06-27T16:53:03","date_gmt":"2018-06-27T14:53:03","guid":{"rendered":"http:\/\/www.vincenzopaglia.it\/?p=24300"},"modified":"2018-06-27T16:56:52","modified_gmt":"2018-06-27T14:56:52","slug":"vida-humana-papa-francisco-propoe-uma-visao-global-da-bioetica","status":"publish","type":"post","link":"https:\/\/www.vincenzopaglia.it\/index.php\/vida-humana-papa-francisco-propoe-uma-visao-global-da-bioetica.html","title":{"rendered":"Vida humana: Papa Francisco prop\u00f5e uma vis\u00e3o global da bio\u00e9tica"},"content":{"rendered":"<p><b>Bianca Fraccalvieri &#8211; Cidade do Vaticano<\/b><\/p>\n<p>O Papa Francisco concluiu sua s\u00e9rie de audi\u00eancias recebendo os participantes da Plen\u00e1ria da Pontif\u00edcia Academia para a Vida.<\/p>\n<p>A Plen\u00e1ria se realiza no Vaticano de 25 a 27 de junho, sobre o tema \u201cIguais no nascimento? Uma responsabilidade global\u201d.<\/p>\n<h2>Cardeal Elio Sgreccia<\/h2>\n<p>No in\u00edcio do seu discurso, o Pont\u00edfice agradeceu publicamente o empenho e a dedica\u00e7\u00e3o do Cardeal Elio Sgreccia, um dos maiores especialistas em bio\u00e9tica do mundo e presidente da Pontif\u00edcia Academia para a Vida no passado. Hoje, este cargo \u00e9 ocupado pelo arcebispo Vincenzo Paglia.<\/p>\n<p>Para Francisco, quando se fala de vida humana \u00e9 preciso considerar a qualidade \u00e9tica e espiritual da vida em todas as suas fases: desde a concep\u00e7\u00e3o at\u00e9 a morte. Mas n\u00e3o s\u00f3 a vida biol\u00f3gica: existe a vida eterna, existe a vida que \u00e9 fam\u00edlia e comunidade, existe a vida humana fr\u00e1gil e doente, ofendida, marginalizada, descartada. \u201c\u00c9 sempre vida humana\u201d, reiterou o Papa.<\/p>\n<h2>A s\u00edndrome de Narciso<\/h2>\n<p>\u201cQuando entregamos as crian\u00e7as \u00e0 priva\u00e7\u00e3o, os pobres \u00e0 fome, os perseguidos \u00e0 guerra, os idosos ao abandono, n\u00e3o fazemos n\u00f3s mesmos o trabalho \u2018sujo\u2019 da morte?\u201d, questionou o Pont\u00edfice.<\/p>\n<p>Excluindo o outro do nosso horizonte, a vida se fecha em si mesma e se torna bem de consumo. Como Narciso, acrescentou Francisco, nos tornamos homens e mulheres-espelho, que veem somente a si mesmos e nada mais.<\/p>\n<h2>Vis\u00e3o global da bio\u00e9tica<\/h2>\n<p>Por isso, \u00e9 necess\u00e1ria uma\u00a0<b>vis\u00e3o global da bio\u00e9tica<\/b>. Em primeiro lugar, explica o Papa, esta bio\u00e9tica global ser\u00e1 uma modalidade espec\u00edfica para desenvolver a perspectiva da ecologia integral, pr\u00f3pria da Enc\u00edlica Laudato si\u2019. Portanto, temas como a rela\u00e7\u00e3o entre pobreza e fragilidade do planeta, a cr\u00edtica ao novo para\u00acdigma e \u00e0s formas de poder, a cultura do descarte e a proposta de um novo estilo de vida.<\/p>\n<p>Em segundo lugar, um discernimento meticuloso das complexas diferen\u00e7as fundamentais da vida humana: do homem e da mulher, da paternidade da maternidade, a fraternidade, a sexualidade, a doen\u00e7a, o envelhecimento, a viol\u00eancia e guerra.<\/p>\n<h2>Defender a sacralidade da vida<\/h2>\n<p>Para Francisco, a sacralidade da vida embrional deve ser defendida com a mesma paix\u00e3o que a sacralidade da vida dos pobres que j\u00e1 nasceram.<\/p>\n<p>A bio\u00e9tica global, portanto, requer um discernimento profundo e objetivo da valor da vida pessoal e comunit\u00e1ria, que deve ser protegida e promovida tamb\u00e9m nas condi\u00e7\u00f5es mais dif\u00edceis.<\/p>\n<p>Todavia, observou o Papa, a regulamenta\u00e7\u00e3o jur\u00eddica e a t\u00e9cnica n\u00e3o s\u00e3o suficientes para garantir o respeito \u00e0 dignidade da pessoa.<\/p>\n<p>A perspectiva de uma globaliza\u00e7\u00e3o que tende a aumentar a aprofundar as desigualdades pede uma resposta \u00e9tica a favor da justi\u00e7a. Por isso \u00e9 importante estar atentos a fatores sociais e econ\u00f4micos, culturais e ambientais que determinam a qualidade de vida da pessoa humana.<\/p>\n<h2>Destino \u00faltimo da vida humana<\/h2>\n<p>Por fim, \u00e9 preciso se interrogar mais profundamente sobre o destino \u00faltimo da vida.<\/p>\n<p>\u201cA vida do homem, encantadora e fr\u00e1gil, remete al\u00e9m de si mesma: n\u00f3s somos infinitamente mais daquilo que podemos fazer para n\u00f3s mesmos.\u201d<\/p>\n<p>A sabedoria crist\u00e3, concluiu o Papa, deve reabrir com paix\u00e3o e aud\u00e1cia o pensamento do destino do g\u00eanero humano \u00e0 vida de Deus, que prometeu abrir ao amor da vida al\u00e9m da morte.<\/p>\n","protected":false},"excerpt":{"rendered":"<p>Bianca Fraccalvieri &#8211; Cidade do Vaticano O Papa Francisco concluiu sua s\u00e9rie de audi\u00eancias recebendo os participantes da Plen\u00e1ria da Pontif\u00edcia Academia para a Vida. A Plen\u00e1ria se realiza no Vaticano de 25 a 27 de junho, sobre o tema \u201cIguais no nascimento? Uma responsabilidade global\u201d. Cardeal Elio Sgreccia No in\u00edcio do seu discurso, o [&hellip;]<\/p>\n","protected":false},"author":2,"featured_media":24301,"comment_status":"closed","ping_status":"closed","sticky":false,"template":"","format":"standard","meta":{"footnotes":""},"categories":[17,7],"tags":[],"class_list":["post-24300","post","type-post","status-publish","format-standard","has-post-thumbnail","hentry","category-espanol","category-rassegna"],"jetpack_featured_media_url":"https:\/\/www.vincenzopaglia.it\/wp-content\/uploads\/2018\/06\/cq5dam.thumbnail.cropped.750.422-1-e1530311872169.jpeg","_links":{"self":[{"href":"https:\/\/www.vincenzopaglia.it\/index.php\/wp-json\/wp\/v2\/posts\/24300","targetHints":{"allow":["GET"]}}],"collection":[{"href":"https:\/\/www.vincenzopaglia.it\/index.php\/wp-json\/wp\/v2\/posts"}],"about":[{"href":"https:\/\/www.vincenzopaglia.it\/index.php\/wp-json\/wp\/v2\/types\/post"}],"author":[{"embeddable":true,"href":"https:\/\/www.vincenzopaglia.it\/index.php\/wp-json\/wp\/v2\/users\/2"}],"replies":[{"embeddable":true,"href":"https:\/\/www.vincenzopaglia.it\/index.php\/wp-json\/wp\/v2\/comments?post=24300"}],"version-history":[{"count":1,"href":"https:\/\/www.vincenzopaglia.it\/index.php\/wp-json\/wp\/v2\/posts\/24300\/revisions"}],"predecessor-version":[{"id":24302,"href":"https:\/\/www.vincenzopaglia.it\/index.php\/wp-json\/wp\/v2\/posts\/24300\/revisions\/24302"}],"wp:featuredmedia":[{"embeddable":true,"href":"https:\/\/www.vincenzopaglia.it\/index.php\/wp-json\/wp\/v2\/media\/24301"}],"wp:attachment":[{"href":"https:\/\/www.vincenzopaglia.it\/index.php\/wp-json\/wp\/v2\/media?parent=24300"}],"wp:term":[{"taxonomy":"category","embeddable":true,"href":"https:\/\/www.vincenzopaglia.it\/index.php\/wp-json\/wp\/v2\/categories?post=24300"},{"taxonomy":"post_tag","embeddable":true,"href":"https:\/\/www.vincenzopaglia.it\/index.php\/wp-json\/wp\/v2\/tags?post=24300"}],"curies":[{"name":"wp","href":"https:\/\/api.w.org\/{rel}","templated":true}]}}