{"id":24217,"date":"2018-06-15T12:00:24","date_gmt":"2018-06-15T10:00:24","guid":{"rendered":"http:\/\/www.vincenzopaglia.it\/?p=24217"},"modified":"2018-06-15T12:02:56","modified_gmt":"2018-06-15T10:02:56","slug":"el-vaticano-lamento-la-media-sancion-para-la-legalizacion-del-aborto","status":"publish","type":"post","link":"https:\/\/www.vincenzopaglia.it\/index.php\/el-vaticano-lamento-la-media-sancion-para-la-legalizacion-del-aborto.html","title":{"rendered":"El Vaticano lament\u00f3 la media sanci\u00f3n para la legalizaci\u00f3n del aborto"},"content":{"rendered":"<p>El presidente de la\u00a0<i>Pontificia Academia para la Vida<\/i>, monse\u00f1or\u00a0<b>Vincenzo Paglia<\/b>, lament\u00f3 hoy la media sanci\u00f3n que tuvo la legalizaci\u00f3n del aborto en la Argentina y asegur\u00f3 que &#8220;<span style=\"text-decoration: line-through;\">suprimir una vida no es civilidad ni cristiano&#8221;.<\/span><\/p>\n<p>Asimismo, consider\u00f3 que con la legalizaci\u00f3n de la interrumpci\u00f3n del embarazo &#8220;la sociedad se lava las manos dejando solas a las mujeres que toman esta terrible decisi\u00f3n&#8221;.<\/p>\n<p>Paglia dijo a\u00a0<b>T\u00e9lam<\/b>\u00a0en Roma que &#8220;<b>lamentablemente el clima favorable al aborto es un viento helado que sopla en tantas partes del mundo&#8221;.<\/b><\/p>\n<p><i>&#8220;Empuja a sostener el trabajo sucio de la muerte, en vez del debido y jubiloso de la vida. Y obviamente, muestra caracter\u00edsticas de una sociedad que plantea lavarse las manos frente a la responsabilidad de no dejar solas y acompa\u00f1ar a las mujeres que llegan a esta terrible decisi\u00f3n&#8221;<\/i>, agreg\u00f3 la principal voz del Vaticano en temas de aborto y eutanasia.<\/p>\n<p>&#8220;<b>No debemos olvidar que la eliminaci\u00f3n de una vida es siempre un drama, y sobretodo para esas mujeres&#8221;,\u00a0<\/b>destac\u00f3 Paglia, uno de los fundadores de la comunidad cat\u00f3lica San Egidio.<\/p>\n<p>&#8220;Un proyecto que de hecho certifica el trabajo de Poncio Pilatos de lavarse las manos frente a situaciones as\u00ed dolorosas no es una conquista. Suprimir una vida no es civilidad, y tanto menos cristiano&#8221;, critic\u00f3 Paglia,<\/p>\n<p>El prelado de 73 a\u00f1os, quien desde el 2016 es Gran Canciller del Pontificio en el Instituto &#8220;Juan Pablo II&#8221; para la Familia, record\u00f3 las palabras del futuro santo salvadore\u00f1o monse\u00f1or Oscar Romero durante la misa en honor a un sacerdote asesinado por escuadrones de la muerte.<\/p>\n<p><i>&#8220;El Concilio Vaticano II pide a los cristianos de hoy ser m\u00e1rtires, o sea dar la vida, nunca quitarla. Menos a los m\u00e1s d\u00e9biles. Nos pide dar la vida por los otos, como una mujer que queda embarazada, conserva al ni\u00f1o por nueve meses, lo hace nacer, lo amamanta, lo cuida&#8230; esta mujer es una m\u00e1rtir, porque da la vida por otros&#8221;,<\/i>\u00a0recit\u00f3 Paglia parafraseando al m\u00e1rtir centroamericano.<\/p>\n<p>&#8220;Jam\u00e1s hay que abandonar a estas mujeres, y este tipo de leyes favorece el abandono&#8221;, agreg\u00f3.<\/p>\n<p>Las repercusiones en los diarios del Vaticano dieron cuenta hoy del re\u00f1ido debate que deriv\u00f3 en la aprobaci\u00f3n de la legalizaci\u00f3n del aborto.<\/p>\n<p>El diario de la conferencia episcopal italiana &#8220;Avvenire&#8221; dio cuenta de la noticia en su edici\u00f3n online y se\u00f1al\u00f3 que &#8220;por cuatro votos pas\u00f3 el aborto, ahora la ley al Senado&#8221;.<\/p>\n<p>Sin mencionar al papa Francisco en su art\u00edculo, el diario cat\u00f3lico destac\u00f3 que &#8220;el debate dur\u00f3 m\u00e1s de 19 horas&#8221; y remarc\u00f3 que &#8220;la marat\u00f3nica sesi\u00f3n&#8221; fue seguida &#8220;por miles de manifestantes&#8221; en las inmediaciones del Congreso.<\/p>\n<p>El peri\u00f3dico La Repubblica, en tanto, destac\u00f3 en su edici\u00f3n online la &#8220;hist\u00f3rica victoria del movimiento feminista tras una dura batalla&#8221;.<\/p>\n<p>&#8220;Ahora la ley pasa al Senado, donde la discusi\u00f3n ser\u00e1 m\u00e1s dura porque los conservadores son m\u00e1s fuertes&#8221;, agreg\u00f3 el matutino.<\/p>\n<p><a href=\"http:\/\/jornadaonline.com\/contenidos\/192908\">(<strong>Diario JORNADA<\/strong>)<\/a><\/p>\n","protected":false},"excerpt":{"rendered":"<p>El presidente de la\u00a0Pontificia Academia para la Vida, monse\u00f1or\u00a0Vincenzo Paglia, lament\u00f3 hoy la media sanci\u00f3n que tuvo la legalizaci\u00f3n del aborto en la Argentina y asegur\u00f3 que &#8220;suprimir una vida no es civilidad ni cristiano&#8221;. Asimismo, consider\u00f3 que con la legalizaci\u00f3n de la interrumpci\u00f3n del embarazo &#8220;la sociedad se lava las manos dejando solas a [&hellip;]<\/p>\n","protected":false},"author":2,"featured_media":24191,"comment_status":"closed","ping_status":"closed","sticky":false,"template":"","format":"standard","meta":{"footnotes":""},"categories":[8,17,7],"tags":[],"class_list":["post-24217","post","type-post","status-publish","format-standard","has-post-thumbnail","hentry","category-news","category-espanol","category-rassegna"],"jetpack_featured_media_url":"https:\/\/www.vincenzopaglia.it\/wp-content\/uploads\/2018\/05\/1527750271872.jpg","_links":{"self":[{"href":"https:\/\/www.vincenzopaglia.it\/index.php\/wp-json\/wp\/v2\/posts\/24217","targetHints":{"allow":["GET"]}}],"collection":[{"href":"https:\/\/www.vincenzopaglia.it\/index.php\/wp-json\/wp\/v2\/posts"}],"about":[{"href":"https:\/\/www.vincenzopaglia.it\/index.php\/wp-json\/wp\/v2\/types\/post"}],"author":[{"embeddable":true,"href":"https:\/\/www.vincenzopaglia.it\/index.php\/wp-json\/wp\/v2\/users\/2"}],"replies":[{"embeddable":true,"href":"https:\/\/www.vincenzopaglia.it\/index.php\/wp-json\/wp\/v2\/comments?post=24217"}],"version-history":[{"count":1,"href":"https:\/\/www.vincenzopaglia.it\/index.php\/wp-json\/wp\/v2\/posts\/24217\/revisions"}],"predecessor-version":[{"id":24218,"href":"https:\/\/www.vincenzopaglia.it\/index.php\/wp-json\/wp\/v2\/posts\/24217\/revisions\/24218"}],"wp:featuredmedia":[{"embeddable":true,"href":"https:\/\/www.vincenzopaglia.it\/index.php\/wp-json\/wp\/v2\/media\/24191"}],"wp:attachment":[{"href":"https:\/\/www.vincenzopaglia.it\/index.php\/wp-json\/wp\/v2\/media?parent=24217"}],"wp:term":[{"taxonomy":"category","embeddable":true,"href":"https:\/\/www.vincenzopaglia.it\/index.php\/wp-json\/wp\/v2\/categories?post=24217"},{"taxonomy":"post_tag","embeddable":true,"href":"https:\/\/www.vincenzopaglia.it\/index.php\/wp-json\/wp\/v2\/tags?post=24217"}],"curies":[{"name":"wp","href":"https:\/\/api.w.org\/{rel}","templated":true}]}}