{"id":24211,"date":"2018-06-14T22:10:01","date_gmt":"2018-06-14T20:10:01","guid":{"rendered":"http:\/\/www.vincenzopaglia.it\/?p=24211"},"modified":"2018-06-14T22:19:16","modified_gmt":"2018-06-14T20:19:16","slug":"24211","status":"publish","type":"post","link":"https:\/\/www.vincenzopaglia.it\/index.php\/24211.html","title":{"rendered":"&#8220;Morir con dignidad no significa anticipar la muerte&#8221;"},"content":{"rendered":"<p><b>Monse\u00f1or Vincenzo Paglia, presidente de la Pontificia Academia para la Vida, ha impartido la lecci\u00f3n magistral bajo el t\u00edtulo &#8216;La Hermana Muerte&#8217;<\/b><\/p>\n<p><b>La Universidad ha investido esta ma\u00f1ana a 80 nuevos doctores de los casi 200 que han defendido su tesis este a\u00f1o en la UCAM<\/b><\/p>\n<p>La Universidad Cat\u00f3lica de Murcia ha celebrado esta ma\u00f1ana, en el Templo del Monasterio de Los Jer\u00f3nimos, los actos conmemorativos de la festividad de su patr\u00f3n, San Antonio de Padua. El presidente de la UCAM, Jos\u00e9 Luis Mendoza, ha presidido el acto acompa\u00f1ado por la rectora de la Universidad, Josefina Garc\u00eda Lozano; el rector honorario de la instituci\u00f3n, Antonio Montoro; los arzobispos em\u00e9ritos de Burgos y Zaragoza, Francisco Gil Hell\u00edn y Manuel Ure\u00f1a; el obispo de la di\u00f3cesis de Asidonia-Jerez, monse\u00f1or Jos\u00e9 Mazuelos P\u00e9rez; Jos\u00e9 Manuel Lorca Planes, obispo de la Di\u00f3cesis de Cartagena, y el presidente de la Pontificia Academia para la Vida y del Pontificio Instituto Teol\u00f3gico Juan Pablo II para las Ciencias del Matrimonio y de la Familia, monse\u00f1or Vincenzo Paglia, quien ha impartido la lecci\u00f3n magistral.<\/p>\n<p><b>&#8216;La Hermana Muerte&#8217;<\/b><\/p>\n<p>Monse\u00f1or Vincenzo Paglia ha centrado su intervenci\u00f3n en el &#8220;fin de la vida&#8221;, y c\u00f3mo se enfrenta a ella la sociedad. Sobre el debate surgido en torno a la eutanasia afirma que no es prudente acelerar las decisiones sobre esta cuesti\u00f3n sin profundizar en el debate e implicar a toda la sociedad. &#8220;La libertad de la eutanasia pretende convertirse en el caballo de batalla del progreso de los derechos de las libertades&#8221;, ha afirmado. Adem\u00e1s, ha se\u00f1alado que &#8220;es incre\u00edble que no se vea la contradicci\u00f3n de una sociedad que, por un lado, t\u00e9cnicamente prolonga la vida, y por otro, favorece pol\u00edticamente su supresi\u00f3n&#8221;, y se ha preguntado si no ser\u00eda m\u00e1s prudente volver a plantearse seriamente el modo en el que toda una sociedad civil se prepara para apoyar el acompa\u00f1amiento de las personas en condiciones extremas y en el momento final de sus vidas.<\/p>\n<p>El prelado ha lamentado que al afirmar &#8220;morir con dignidad&#8221; a menudo se olvida el &#8220;vivir con dignidad&#8221;. &#8220;El derecho a una muerte digna no puede establecer el derecho a recibir la eutanasia de manos de otros&#8221;, y ha afirmado que &#8220;morir con dignidad no significa anticipar la muerte&#8221;. &#8220;Un lenguaje equ\u00edvoco se transforma en una peligrosa trampa&#8221;, ha a\u00f1adido.<\/p>\n<p>Tambi\u00e9n ha lamentado que &#8220;en una sociedad en la que la autosuficiencia es algo obligatorio, es f\u00e1cil para las personas dependientes sentirse deprimidas o incluso pensar que ya no merecen vivir&#8221;, lo que ha se\u00f1alado, &#8220;nos lleva a interiorizar la exclusi\u00f3n hasta el punto de justificarla&#8221;. Asimismo, ha asegurado: &#8220;La petici\u00f3n de eutanasia o de suicidio asistido es casi siempre un resultado del abandono terap\u00e9utico del enfermo&#8221;.<\/p>\n<p><b>Formaci\u00f3n en Ciencias del Matrimonio y Familia<\/b><\/p>\n<p>En referencia a la tem\u00e1tica de la lecci\u00f3n magistral, el presidente de la UCAM, Jos\u00e9 Luis Mendoza ha destacado, en palabras del Papa Francisco, que la Iglesia siempre est\u00e1 a favor de la vida. Y ha recordado la labor misionera y evangelizador de la UCAM, &#8220;facilitando a nuestros alumnos el encuentro con Dios&#8221;.<\/p>\n<p>Mendoza ha recordado que la UCAM est\u00e1 trabajando con el Pontificio Instituto Teol\u00f3gico Juan Pablo II y con la Universidad Lateranense en la difusi\u00f3n de las ciencias del matrimonio y la familia, llevando esta formaci\u00f3n a las zonas m\u00e1s desfavorecidas del mundo a trav\u00e9s de titulaciones en modalidad online. &#8220;Esto supone un gran beneficio para much\u00edsimos sacerdotes, laicos, etc, que quieran formarse en el \u00e1mbito de las disciplinas eclesi\u00e1sticas y civiles conexas&#8221;. Asimismo, ha asegurado que tambi\u00e9n se impartir\u00e1 el postgrado en Ciencias del Matrimonio y de la Familia como una doble titulaci\u00f3n: titulaci\u00f3n oficial a nivel de ANECA y titulaci\u00f3n eclesi\u00e1stica por el Pontificio Instituto Teol\u00f3gico Juan Pablo II.<\/p>\n<p>Asimismo, Mendoza ha asegurado que la instituci\u00f3n que representa lleva &#8220;21 a\u00f1os trabajando y contribuyendo al desarrollo de la Regi\u00f3n de Murcia&#8221;, y fortaleciendo su imagen en el \u00e1mbito nacional e internacional. Tambi\u00e9n ha hecho hincapi\u00e9 en las dificultades a las que ha tenido que hacer frente la Universidad, tambi\u00e9n desde la Administraci\u00f3n, a la que ha pedido &#8220;soluciones y respeto&#8221;.<\/p>\n<p>El Presidente de la UCAM ha defendido lo derechos humanos y el compromiso por la paz, y la necesidad de ayudar a los refugiados; indicando que la instituci\u00f3n se ha ofrecido al Papa para acogerlos y formarlos tanto en la Universidad como en sus colegios.<\/p>\n<p>Josefina Garc\u00eda Lozano, rectora de la UCAM, ha felicitado a los nuevos doctores por la Universidad, y a los nuevos catedr\u00e1ticos y directores de C\u00e1tedra, a los que ha definido como generadores de conocimiento, y ha mostrado su satisfacci\u00f3n al ver &#8220;que el trabajo realizado ha dado fruto&#8221;. Asimismo, ha resaltado el papel de la investigaci\u00f3n en la UCAM y la ha definido como un pilar, se\u00f1alando el incremento de presupuesto que la instituci\u00f3n destina a este campo. Adem\u00e1s ha indicado, que seg\u00fan los \u00faltimos rankings publicados sobre el sistema universitario espa\u00f1ol, la UCAM se encuentra en tercera posici\u00f3n entre las 28 privadas.<\/p>\n<p>Por su parte, Jos\u00e9 Manuel Lorca Planes, obispo de la Di\u00f3cesis de Cartagena, ha afirmado que &#8220;el creyente tiene un h\u00e1bito especial que se lo da la paciencia y la serenidad&#8221;, y ha incidido en la necesidad de vivir junto con los valores humanos y cristianos.<\/p>\n<p><b>Colorido en el Templo<\/b><\/p>\n<p>Ante un Templo del Monasterio de Los Jer\u00f3nimos repleto de color, otorgado por los birretes de los doctores, que han estados acompa\u00f1ados por el resto de la comunidad universitaria, han ido desfilando los 80 nuevos doctores por la UCAM, pertenecientes a las \u00e1reas de Ciencias de la Actividad F\u00edsica y del Deporte, Odontolog\u00eda, Farmacia, Biolog\u00eda, Medicina, Psicolog\u00eda, Fisioterapia, Nutrici\u00f3n Humana y Diet\u00e9tica, Ciencia y Tecnolog\u00eda de los Alimentos, Enfermer\u00eda, Ingenier\u00eda Civil, Ingenier\u00eda Inform\u00e1tica, Arquitectura, Criminolog\u00eda, Derecho, Administraci\u00f3n y Direcci\u00f3n de Empresas, Ciencias Humanas y Religiosas, Educaci\u00f3n Infantil y Primaria, Periodismo, Publicidad y Relaciones P\u00fablicas y Comunicaci\u00f3n Audiovisual. Asimismo, se ha condecorado a los nuevos catedr\u00e1ticos y directores de C\u00e1tedras en disciplinas como deporte y nutrici\u00f3n, historia de la medicina, derecho can\u00f3nico, cocina diferida, investigaci\u00f3n en cuidados de salud, recursos h\u00eddricos fisiolog\u00eda del ejercicio o neurociencia aplicada. Es notorio el importante incremento en el n\u00famero de tesis doctorales inscritas y defendidas en la UCAM, potenciando la investigaci\u00f3n de calidad.<\/p>\n<p><a href=\"https:\/\/www.murcia.com\/noticias\/2018\/06\/13-festividad-de-san-antonio-de-padua-patron-de-la-ucam.asp\"><em>(<strong>Murcia.com<\/strong>)<\/em><\/a><\/p>\n","protected":false},"excerpt":{"rendered":"<p>Monse\u00f1or Vincenzo Paglia, presidente de la Pontificia Academia para la Vida, ha impartido la lecci\u00f3n magistral bajo el t\u00edtulo &#8216;La Hermana Muerte&#8217; La Universidad ha investido esta ma\u00f1ana a 80 nuevos doctores de los casi 200 que han defendido su tesis este a\u00f1o en la UCAM La Universidad Cat\u00f3lica de Murcia ha celebrado esta ma\u00f1ana, [&hellip;]<\/p>\n","protected":false},"author":2,"featured_media":24212,"comment_status":"closed","ping_status":"closed","sticky":false,"template":"","format":"standard","meta":{"footnotes":""},"categories":[8,17,7],"tags":[],"class_list":["post-24211","post","type-post","status-publish","format-standard","has-post-thumbnail","hentry","category-news","category-espanol","category-rassegna"],"jetpack_featured_media_url":"https:\/\/www.vincenzopaglia.it\/wp-content\/uploads\/2018\/06\/130620181558281.jpg","_links":{"self":[{"href":"https:\/\/www.vincenzopaglia.it\/index.php\/wp-json\/wp\/v2\/posts\/24211","targetHints":{"allow":["GET"]}}],"collection":[{"href":"https:\/\/www.vincenzopaglia.it\/index.php\/wp-json\/wp\/v2\/posts"}],"about":[{"href":"https:\/\/www.vincenzopaglia.it\/index.php\/wp-json\/wp\/v2\/types\/post"}],"author":[{"embeddable":true,"href":"https:\/\/www.vincenzopaglia.it\/index.php\/wp-json\/wp\/v2\/users\/2"}],"replies":[{"embeddable":true,"href":"https:\/\/www.vincenzopaglia.it\/index.php\/wp-json\/wp\/v2\/comments?post=24211"}],"version-history":[{"count":4,"href":"https:\/\/www.vincenzopaglia.it\/index.php\/wp-json\/wp\/v2\/posts\/24211\/revisions"}],"predecessor-version":[{"id":24216,"href":"https:\/\/www.vincenzopaglia.it\/index.php\/wp-json\/wp\/v2\/posts\/24211\/revisions\/24216"}],"wp:featuredmedia":[{"embeddable":true,"href":"https:\/\/www.vincenzopaglia.it\/index.php\/wp-json\/wp\/v2\/media\/24212"}],"wp:attachment":[{"href":"https:\/\/www.vincenzopaglia.it\/index.php\/wp-json\/wp\/v2\/media?parent=24211"}],"wp:term":[{"taxonomy":"category","embeddable":true,"href":"https:\/\/www.vincenzopaglia.it\/index.php\/wp-json\/wp\/v2\/categories?post=24211"},{"taxonomy":"post_tag","embeddable":true,"href":"https:\/\/www.vincenzopaglia.it\/index.php\/wp-json\/wp\/v2\/tags?post=24211"}],"curies":[{"name":"wp","href":"https:\/\/api.w.org\/{rel}","templated":true}]}}