{"id":24105,"date":"2018-05-16T02:24:15","date_gmt":"2018-05-16T00:24:15","guid":{"rendered":"http:\/\/www.vincenzopaglia.it\/?p=24105"},"modified":"2018-05-16T02:35:49","modified_gmt":"2018-05-16T00:35:49","slug":"vincenzo-paglia-la-iglesia-debe-entrar-en-el-debate-etico-y-cultural-contemporaneo","status":"publish","type":"post","link":"https:\/\/www.vincenzopaglia.it\/index.php\/vincenzo-paglia-la-iglesia-debe-entrar-en-el-debate-etico-y-cultural-contemporaneo.html","title":{"rendered":"Vincenzo Paglia: &#8220;La Iglesia debe entrar en el debate \u00e9tico y cultural contempor\u00e1neo&#8221;"},"content":{"rendered":"<p>La Hermana Muerte\u00b4 es el t\u00edtulo del libro que present\u00f3 ayer en la UCAM monse\u00f1or Vincenzo Paglia, presidente de la Pontificia Academia para la Vida y del Pontificio Instituto Teol\u00f3gico Juan Pablo II. Paglia destac\u00f3 en su intervenci\u00f3n que se ha borrado el concepto de muerte del panorama de la cultura, ya no se habla de ella.<\/p>\n<p>El prelado hizo hincapi\u00e9 en la \u00abcampa\u00f1a cultural\u00bb que se ha realizado en torno a la eutanasia con el objetivo de que los propios ancianos la demanden. Asimismo recalc\u00f3 \u00abel problema de la soledad en la sociedad actual por la fuerza que tienen la cultura del individualismo, la fragmentaci\u00f3n y la falta de fraternidad\u00bb.<\/p>\n<p>En el acto tambi\u00e9n intervino Jos\u00e9 Luis Mendoza, presidente de la UCAM, que anunci\u00f3 que la instituci\u00f3n docente organizar\u00e1 un congreso junto a la Academia Pontificia para la Vida que tendr\u00e1 como eje tem\u00e1tico los cuidados paliativos.<\/p>\n<h4>Matrimonio y Familia<\/h4>\n<p>Tambi\u00e9n en el contexto de este acto, Jos\u00e9 Luis Mendoza record\u00f3 que la UCAM est\u00e1 trabajando con el Pontificio Instituto Juan Pablo II en la difusi\u00f3n de las ciencias del matrimonio y la familia, llevando esta formaci\u00f3n a las zonas m\u00e1s desfavorecidas del mundo a trav\u00e9s de titulaciones en modalidad online. Aquellas personas que completan estos estudios obtienen tanto el t\u00edtulo eclesi\u00e1stico del Pontificio Instituto como el civil que otorga la Universidad Cat\u00f3lica. Javier Belda, decano de la Facultad de Ciencias Humanas y Religiosas de la UCAM, est\u00e1 coordinando estos estudios.<\/p>\n<p><img loading=\"lazy\" decoding=\"async\" class=\"alignnone size-full wp-image-24107\" src=\"http:\/\/www.vincenzopaglia.it\/wp-content\/uploads\/2018\/05\/thumb-1.jpg\" alt=\"\" width=\"522\" height=\"282\" srcset=\"https:\/\/www.vincenzopaglia.it\/wp-content\/uploads\/2018\/05\/thumb-1.jpg 522w, https:\/\/www.vincenzopaglia.it\/wp-content\/uploads\/2018\/05\/thumb-1-260x140.jpg 260w, https:\/\/www.vincenzopaglia.it\/wp-content\/uploads\/2018\/05\/thumb-1-280x151.jpg 280w\" sizes=\"auto, (max-width: 522px) 100vw, 522px\" \/><\/p>\n<p><em><a href=\"http:\/\/www.vincenzopaglia.it\/index.php\/vincenzo-paglia-la-iglesia-debe-entrar-en-el-debate-etico-y-cultural-contemporaneo.html\">(<strong>La Opini\u00f2n de Murcia<\/strong>)<\/a><\/em><\/p>\n","protected":false},"excerpt":{"rendered":"<p>La Hermana Muerte\u00b4 es el t\u00edtulo del libro que present\u00f3 ayer en la UCAM monse\u00f1or Vincenzo Paglia, presidente de la Pontificia Academia para la Vida y del Pontificio Instituto Teol\u00f3gico Juan Pablo II. Paglia destac\u00f3 en su intervenci\u00f3n que se ha borrado el concepto de muerte del panorama de la cultura, ya no se habla [&hellip;]<\/p>\n","protected":false},"author":2,"featured_media":24106,"comment_status":"closed","ping_status":"closed","sticky":false,"template":"","format":"standard","meta":{"footnotes":""},"categories":[8,17,7],"tags":[],"class_list":["post-24105","post","type-post","status-publish","format-standard","has-post-thumbnail","hentry","category-news","category-espanol","category-rassegna"],"jetpack_featured_media_url":"https:\/\/www.vincenzopaglia.it\/wp-content\/uploads\/2018\/05\/thumb.jpg","_links":{"self":[{"href":"https:\/\/www.vincenzopaglia.it\/index.php\/wp-json\/wp\/v2\/posts\/24105","targetHints":{"allow":["GET"]}}],"collection":[{"href":"https:\/\/www.vincenzopaglia.it\/index.php\/wp-json\/wp\/v2\/posts"}],"about":[{"href":"https:\/\/www.vincenzopaglia.it\/index.php\/wp-json\/wp\/v2\/types\/post"}],"author":[{"embeddable":true,"href":"https:\/\/www.vincenzopaglia.it\/index.php\/wp-json\/wp\/v2\/users\/2"}],"replies":[{"embeddable":true,"href":"https:\/\/www.vincenzopaglia.it\/index.php\/wp-json\/wp\/v2\/comments?post=24105"}],"version-history":[{"count":3,"href":"https:\/\/www.vincenzopaglia.it\/index.php\/wp-json\/wp\/v2\/posts\/24105\/revisions"}],"predecessor-version":[{"id":24110,"href":"https:\/\/www.vincenzopaglia.it\/index.php\/wp-json\/wp\/v2\/posts\/24105\/revisions\/24110"}],"wp:featuredmedia":[{"embeddable":true,"href":"https:\/\/www.vincenzopaglia.it\/index.php\/wp-json\/wp\/v2\/media\/24106"}],"wp:attachment":[{"href":"https:\/\/www.vincenzopaglia.it\/index.php\/wp-json\/wp\/v2\/media?parent=24105"}],"wp:term":[{"taxonomy":"category","embeddable":true,"href":"https:\/\/www.vincenzopaglia.it\/index.php\/wp-json\/wp\/v2\/categories?post=24105"},{"taxonomy":"post_tag","embeddable":true,"href":"https:\/\/www.vincenzopaglia.it\/index.php\/wp-json\/wp\/v2\/tags?post=24105"}],"curies":[{"name":"wp","href":"https:\/\/api.w.org\/{rel}","templated":true}]}}