{"id":24081,"date":"2018-04-30T19:53:08","date_gmt":"2018-04-30T17:53:08","guid":{"rendered":"http:\/\/www.vincenzopaglia.it\/?p=24081"},"modified":"2018-04-30T19:56:35","modified_gmt":"2018-04-30T17:56:35","slug":"le-sentenze-di-morte-sono-una-sconfitta-serviva-un-consulto","status":"publish","type":"post","link":"https:\/\/www.vincenzopaglia.it\/index.php\/le-sentenze-di-morte-sono-una-sconfitta-serviva-un-consulto.html","title":{"rendered":"&#8220;Le sentenze di morte sono una sconfitta Serviva un consulto&#8221;"},"content":{"rendered":"<p>Monsignor Vincenzo Paglia \u00e8 presidente della Pontificia accademia per la vita, l\u2019organo vaticano che si occupa dei temi della tutela della vita, della bioetica e del dialogo tra scienza e fede.<\/p>\n<p><strong>Oggi \u00e8 una giornata dolorosa per la morte del piccolo Alfie. Quale \u00e8 il suo commento?\u00a0<\/strong><\/p>\n<p>\u00abIl primo pensiero si unisce a quello del Papa di pregare il Signore che certamente \u00e8 stato vicino al piccolo Alfie, lo ha accolto, lo ha accudito e non ha mai staccato nulla, tanto meno il suo abbraccio\u00bb.<\/p>\n<p><strong>Questa vicenda ci mostra ancora una volta, ed \u00e8 bene ribadirlo, che nessuna persona \u00e8 inutile anche se \u00e8 di pochi mesi e destinata a una conclusione tragica della sua malattia.\u00a0<\/strong><\/p>\n<p>\u00abNulla \u00e8 inutile, tutto va tentato. E Alfie, anche se in maniera drammatica, ci insegna che \u00e8 terribile abbandonare o dare sentenze di morte, soprattutto verso i pi\u00f9 deboli e indifesi\u00bb.<\/p>\n<p><strong>Questa vicenda ha creato un forte dibattito su ci\u00f2 che fosse giusto fare.<\/strong><\/p>\n<p>\u00abNessuna sentenza, di nessun tribunale, pu\u00f2 decidere della morte o dell\u2019abbandono delle cure. Ogni decisione deve coinvolgere in maniera radicale anche la volont\u00e0 dei genitori\u00bb.<\/p>\n<p><strong>Che insegnamento possiamo trarne?<\/strong><\/p>\n<p>\u00abQuesta vicenda mostra una sconfitta di tutti: di chi affida a una sentenza una decisione e di chi solo emotivamente afferma una sua idea. Quale \u00e8 stato il vero nodo che purtroppo non \u00e8 stato sciolto se non forse quando era troppo tardi? Quella che io chiamo una alleanza terapeutica, o alleanza d\u2019amore, tra medici, infermieri, malato se pu\u00f2 esprimersi, genitori e familiari che assieme decidano quale \u00e8 il bene migliore del malato. Rinchiudersi nel percorso giuridico \u00e8 a rischio di disumanit\u00e0\u00bb.<\/p>\n<p><strong>Anche lasciarlo morire di stenti \u00e8 un accanimento terapeutico?<\/strong><\/p>\n<p>\u00abMi unisco a quanto detto qualche giorno fa da pap\u00e0 Thomas: aver ritrovato un colloquio, un dialogo, chiedendo la sospensione di comunicati. La delicatezza del rapporto dei genitori con un figlio e con chi lo sta curando deve essere tenuto fuori dalle battaglie procedurali. Questo rapporto, raggiunto l\u2019ultimo giorno, doveva arrivare molto prima. E mi \u00e8 parso particolarmente violento il fatto che non ci sia stata la possibilit\u00e0, anche tra clinici e ospedali, di consultarsi in maniera umile e onesta. Nessuno ha la verit\u00e0 in tasca\u00bb.<\/p>\n<p><strong>Non farlo venire in Italia \u00e8 stata un\u2019occasione persa?<\/strong><\/p>\n<p>\u00abQuesto non lo so, non sono un dottore. Dico per\u00f2 che andava tentato un consulto medico pi\u00f9 ampio, perch\u00e9 il giudizio doveva nascere anche con pi\u00f9 pareri medici\u00bb.<\/p>\n<p><strong>Quale \u00e8 l\u2019impegno della Pontificia accademia per la vita?<\/strong><\/p>\n<p>\u00abConvocheremo studiosi di diverse discipline &#8211; cliniche, psichiatriche, teologiche e giuridiche &#8211; per esaminare come comportarsi in questi casi, per evitare di trovarsi impreparati e reagendo sull\u2019impeto dell\u2019emergenza, che non \u00e8 mai una buona consigliera.<\/p>\n<p><strong>Come commenta l\u2019allontanamento di don Gabriele Brusco, il sacerdote italiano che era al capezzale di Alfie e che due giorni fa \u00e8 stato \u201ccacciato\u201d dall\u2019ospedale?<\/strong><\/p>\n<p>\u00abNon conosco i dettagli, ma certamente impedire una consolazione anche spirituale \u00e8 davvero da condannare con decisione. Il malato, in qualunque condizioni mediche si trovi, deve essere sempre curato in tutti i modi, comprese le carezze dei genitori, il conforto di un amico, la parola spirituale e religiosa. Mi auguro che Alfie possa insegni, forse a sua insaputa, quanto \u00e8 urgente la nascita di una cultura dell\u2019accompagnamento che non viene mai interrotta\u00bb.<\/p>\n","protected":false},"excerpt":{"rendered":"<p>Monsignor Vincenzo Paglia \u00e8 presidente della Pontificia accademia per la vita, l\u2019organo vaticano che si occupa dei temi della tutela della vita, della bioetica e del dialogo tra scienza e fede. Oggi \u00e8 una giornata dolorosa per la morte del piccolo Alfie. Quale \u00e8 il suo commento?\u00a0 \u00abIl primo pensiero si unisce a quello del [&hellip;]<\/p>\n","protected":false},"author":2,"featured_media":24082,"comment_status":"closed","ping_status":"closed","sticky":false,"template":"","format":"standard","meta":{"footnotes":""},"categories":[8,11,7],"tags":[],"class_list":["post-24081","post","type-post","status-publish","format-standard","has-post-thumbnail","hentry","category-news","category-interviste","category-rassegna"],"jetpack_featured_media_url":"https:\/\/www.vincenzopaglia.it\/wp-content\/uploads\/2018\/04\/1524984806-sr.jpg","_links":{"self":[{"href":"https:\/\/www.vincenzopaglia.it\/index.php\/wp-json\/wp\/v2\/posts\/24081","targetHints":{"allow":["GET"]}}],"collection":[{"href":"https:\/\/www.vincenzopaglia.it\/index.php\/wp-json\/wp\/v2\/posts"}],"about":[{"href":"https:\/\/www.vincenzopaglia.it\/index.php\/wp-json\/wp\/v2\/types\/post"}],"author":[{"embeddable":true,"href":"https:\/\/www.vincenzopaglia.it\/index.php\/wp-json\/wp\/v2\/users\/2"}],"replies":[{"embeddable":true,"href":"https:\/\/www.vincenzopaglia.it\/index.php\/wp-json\/wp\/v2\/comments?post=24081"}],"version-history":[{"count":1,"href":"https:\/\/www.vincenzopaglia.it\/index.php\/wp-json\/wp\/v2\/posts\/24081\/revisions"}],"predecessor-version":[{"id":24083,"href":"https:\/\/www.vincenzopaglia.it\/index.php\/wp-json\/wp\/v2\/posts\/24081\/revisions\/24083"}],"wp:featuredmedia":[{"embeddable":true,"href":"https:\/\/www.vincenzopaglia.it\/index.php\/wp-json\/wp\/v2\/media\/24082"}],"wp:attachment":[{"href":"https:\/\/www.vincenzopaglia.it\/index.php\/wp-json\/wp\/v2\/media?parent=24081"}],"wp:term":[{"taxonomy":"category","embeddable":true,"href":"https:\/\/www.vincenzopaglia.it\/index.php\/wp-json\/wp\/v2\/categories?post=24081"},{"taxonomy":"post_tag","embeddable":true,"href":"https:\/\/www.vincenzopaglia.it\/index.php\/wp-json\/wp\/v2\/tags?post=24081"}],"curies":[{"name":"wp","href":"https:\/\/api.w.org\/{rel}","templated":true}]}}