{"id":24057,"date":"2018-04-24T11:54:15","date_gmt":"2018-04-24T09:54:15","guid":{"rendered":"http:\/\/www.vincenzopaglia.it\/?p=24057"},"modified":"2018-04-24T11:58:53","modified_gmt":"2018-04-24T09:58:53","slug":"pais-de-bebe-britanico-perdem-ultimo-recurso-para-salva-lo","status":"publish","type":"post","link":"https:\/\/www.vincenzopaglia.it\/index.php\/pais-de-bebe-britanico-perdem-ultimo-recurso-para-salva-lo.html","title":{"rendered":"Pais de beb\u00ea brit\u00e2nico perdem \u00faltimo recurso para salv\u00e1-lo"},"content":{"rendered":"<p>LONDRES, 23 ABR (ANSA) \u2013 Os pais do beb\u00ea brit\u00e2nico Alfie Evans perderam na noite desta segunda-feira (23) o \u201c\u00faltimo recurso\u201d para manter os aparelhos do filho, que sofre de uma doen\u00e7a degenerativa, ligados. O juiz da Suprema Corte do Reino Unido, Anthony Hayden, rejeitou as novas alega\u00e7\u00f5es dos representantes legais da fam\u00edlia, depois que o Minist\u00e9rio de Rela\u00e7\u00f5es Exteriores da It\u00e1lia concedeu a Alfie cidadania italiana, na esperan\u00e7a de permitir uma \u201ctransfer\u00eancia imediata\u201d para o hospital Bambino Gesu, em Roma.<\/p>\n<p>Este \u00e9 mais um recurso perdido pelos pais de Alfie para manter o tratamento do filho. Em fevereiro, o tribunal decidiu que o Hospital Infantil Alder Hey, em Liverpool, poderia retirar os aparelhos que o mant\u00e9m vivo.<\/p>\n<p>De acordo com o advogado de direitos humanos Pavel Stroilov, do Centro Legal Crist\u00e3o, que representa os pais de Alfie, o juiz Hayden descartou qualquer revers\u00e3o de sua decis\u00e3o. \u201cDepois de uma longa conversa telef\u00f4nica, o juiz disse que n\u00e3o deveria haver mais demora\u201d, explicou.<\/p>\n<p>Alfie est\u00e1 em internado desde dezembro de 2016 com uma condi\u00e7\u00e3o neurol\u00f3gica degenerativa n\u00e3o diagnosticada rara. O hospital argumentou que mant\u00ea-lo em um ventilador n\u00e3o \u00e9 do \u201cinteresse dele\u201d e qualquer tratamento adicional n\u00e3o \u00e9 apenas \u201cf\u00fatil\u201d, mas tamb\u00e9m \u201cindelicado e desumano\u201d.<\/p>\n<p>Nesta segunda, o papa Francisco renovou seu apoio \u00e0 fam\u00edlia, em uma publica\u00e7\u00e3o no Twitter. \u201cEmocionado pelas ora\u00e7\u00f5es e pela grande solidariedade em favor do pequeno Alfie Evans, renovo meu apelo para que seja ouvido o sofrimento de seus pais e seja satisfeito seu desejo de tentar novas possibilidades de tratamento\u201d, escreveu.<\/p>\n<p>Al\u00e9m disso, o presidente da Pontif\u00edcia Academia para a Vida, monsenhor Vincenzo Paglia, disse \u00e0 ANSA que \u00e9 necess\u00e1rio haver um di\u00e1logo para \u201ctornar mais humana a exist\u00eancia\u201d das pessoas.<\/p>\n<p><a href=\"https:\/\/istoe.com.br\/pais-de-bebe-britanico-perdem-ultimo-recurso-para-salva-lo\/\">(<strong>ISTOE<\/strong>&#8216;)<\/a><\/p>\n","protected":false},"excerpt":{"rendered":"<p>LONDRES, 23 ABR (ANSA) \u2013 Os pais do beb\u00ea brit\u00e2nico Alfie Evans perderam na noite desta segunda-feira (23) o \u201c\u00faltimo recurso\u201d para manter os aparelhos do filho, que sofre de uma doen\u00e7a degenerativa, ligados. O juiz da Suprema Corte do Reino Unido, Anthony Hayden, rejeitou as novas alega\u00e7\u00f5es dos representantes legais da fam\u00edlia, depois que [&hellip;]<\/p>\n","protected":false},"author":2,"featured_media":24058,"comment_status":"closed","ping_status":"closed","sticky":false,"template":"","format":"standard","meta":{"footnotes":""},"categories":[17,7],"tags":[],"class_list":["post-24057","post","type-post","status-publish","format-standard","has-post-thumbnail","hentry","category-espanol","category-rassegna"],"jetpack_featured_media_url":"https:\/\/www.vincenzopaglia.it\/wp-content\/uploads\/2018\/04\/cq5damthumbnailcropped1500844_2398974-1.jpg","_links":{"self":[{"href":"https:\/\/www.vincenzopaglia.it\/index.php\/wp-json\/wp\/v2\/posts\/24057","targetHints":{"allow":["GET"]}}],"collection":[{"href":"https:\/\/www.vincenzopaglia.it\/index.php\/wp-json\/wp\/v2\/posts"}],"about":[{"href":"https:\/\/www.vincenzopaglia.it\/index.php\/wp-json\/wp\/v2\/types\/post"}],"author":[{"embeddable":true,"href":"https:\/\/www.vincenzopaglia.it\/index.php\/wp-json\/wp\/v2\/users\/2"}],"replies":[{"embeddable":true,"href":"https:\/\/www.vincenzopaglia.it\/index.php\/wp-json\/wp\/v2\/comments?post=24057"}],"version-history":[{"count":1,"href":"https:\/\/www.vincenzopaglia.it\/index.php\/wp-json\/wp\/v2\/posts\/24057\/revisions"}],"predecessor-version":[{"id":24059,"href":"https:\/\/www.vincenzopaglia.it\/index.php\/wp-json\/wp\/v2\/posts\/24057\/revisions\/24059"}],"wp:featuredmedia":[{"embeddable":true,"href":"https:\/\/www.vincenzopaglia.it\/index.php\/wp-json\/wp\/v2\/media\/24058"}],"wp:attachment":[{"href":"https:\/\/www.vincenzopaglia.it\/index.php\/wp-json\/wp\/v2\/media?parent=24057"}],"wp:term":[{"taxonomy":"category","embeddable":true,"href":"https:\/\/www.vincenzopaglia.it\/index.php\/wp-json\/wp\/v2\/categories?post=24057"},{"taxonomy":"post_tag","embeddable":true,"href":"https:\/\/www.vincenzopaglia.it\/index.php\/wp-json\/wp\/v2\/tags?post=24057"}],"curies":[{"name":"wp","href":"https:\/\/api.w.org\/{rel}","templated":true}]}}