{"id":23968,"date":"2018-03-27T18:50:35","date_gmt":"2018-03-27T16:50:35","guid":{"rendered":"http:\/\/www.vincenzopaglia.it\/?p=23968"},"modified":"2018-03-27T18:52:29","modified_gmt":"2018-03-27T16:52:29","slug":"visita-mexico-el-presidente-de-la-academia-para-la-vida-del-vaticano","status":"publish","type":"post","link":"https:\/\/www.vincenzopaglia.it\/index.php\/visita-mexico-el-presidente-de-la-academia-para-la-vida-del-vaticano.html","title":{"rendered":"Visita M\u00e9xico el Presidente de la Academia para la Vida del Vaticano"},"content":{"rendered":"<p><a href=\"http:\/\/www.cronica.com.mx\/autor.php?id=59\">Carlos Villa Roiz<\/a><\/p>\n<p>Estuvieron en M\u00e9xico dos autoridades del \u00adVaticano: Mons. Vicenzo Paglia, presidente de la Academia para la Vida del Vaticano y Gran Canciller del Pontificio Instituto Teol\u00f3gico Juan Pablo II para las Ciencias del \u00adMatrimonio y de la Familia, y Mons. Pierangelo Sequeri, presidente del organismo en la Sede Central en Roma, quienes ofrecieron conferencias magistrales en el plano acad\u00e9mico.<\/p>\n<p>En coincidencia con los 25 a\u00f1os de la fundaci\u00f3n de \u00adesta instituci\u00f3n, los funcionarios visitaron la sede del Instituto Juan Pablo II en la Ciudad de M\u00e9xico, donde se \u00adreunieron con autoridades, profesores y estudiantes en la Universidad An\u00e1huac Campus Norte.<\/p>\n<p>En posterior conferencia de prensa, Mons. Sequeri \u00addijo que la Iglesia tiene la tarea de recomponer el conocimiento y los afectos de la familia, y record\u00f3 que en el Vaticano se han llevado al cabo en a\u00f1os recientes dos s\u00ednodos dedicados a la familia, en los que han participado obispos y especialistas de todo el mundo. \u201cLa alianza conyugal es un sacramento que no termina simplemente en el Matrimonio; por el contrario, debe influir en todos los sectores de la sociedad\u201d, dijo, y puso en \u00adelieve que la uni\u00f3n sacramental entre el hombre y la mujer debe trascender en las futuras generaciones.<\/p>\n<p>Afirm\u00f3 que el sacramento del Matrimonio a\u00f1ade un valor especial al v\u00ednculo conyugal, pero que al mismo tiempo requiere \u201clidiar con la fragilidad de los v\u00ednculos que son \u00fanicos de la condici\u00f3n humana\u201d. Por ello, consider\u00f3 importante que la Iglesia se equipe con nuevas herramientas conceptuales para responder a los desaf\u00edos de la \u00e9poca, mientras que las comunidades cristianas deben ser vistas como una red de acogida en las relaciones humanas b\u00e1sicas.<\/p>\n<p>Por su parte, Mons. Vincenzo Paglia record\u00f3 que el \u00adpapa Francisco, en continuidad con san Juan Pablo II \u2014quien public\u00f3 en su momento la exhortaci\u00f3n apost\u00f3lica\u00a0<em>Familiaris Consortio<\/em>\u2014, tambi\u00e9n escribi\u00f3 en fechas recientes la exhortaci\u00f3n apost\u00f3lica\u00a0<em>Amoris Laetitia<\/em>, con lo que le dio continuidad cultural y pastoral al magisterio sobre la familia, y cit\u00f3 a Juan XXIII, quien dec\u00eda de la Iglesia que no es un museo, pues la tradici\u00f3n es un cuerpo que crece, y lo hace con sabidur\u00eda: \u201csobre el \u00adtema de la familia \u2013dijo\u2013 la Iglesia es la instituci\u00f3n q\u00adue m\u00e1s ha hablado, que m\u00e1s la ha defendido, y que m\u00e1s la ha comprendido\u201d.<\/p>\n<p>El Pontificio Instituto Teol\u00f3gico Juan Pablo II fue fundado el 13 de mayo de 1981 con el fin de ofrecer a \u00adtoda la Iglesia una reflexi\u00f3n teol\u00f3gica renovada en torno al amor humano, el matrimonio, la familia, y todas sus \u00adimplicaciones pastorales, ayudando as\u00ed a la Iglesia en el cumplimiento de su misi\u00f3n.<\/p>\n<p>La Secci\u00f3n Mexicana del Pontificio Instituto Juan \u00adPablo II para estudios sobre matrimonio y familia fue confiada a los Legionarios de Cristo, y est\u00e1 integrada a la Red de Universidades An\u00e1huac. Su misi\u00f3n es impulsar la investigaci\u00f3n y la formaci\u00f3n integral de la persona, el matrimonio y la familia.<\/p>\n<p>Como parte de la visita, ambos funcionarios recibieron como obsequio una copia al tama\u00f1o natural de la Virgen de Guadalupe, que fue obsequiada por el Movimiento laical Uni\u00f3n de Voluntades.<\/p>\n","protected":false},"excerpt":{"rendered":"<p>Carlos Villa Roiz Estuvieron en M\u00e9xico dos autoridades del \u00adVaticano: Mons. Vicenzo Paglia, presidente de la Academia para la Vida del Vaticano y Gran Canciller del Pontificio Instituto Teol\u00f3gico Juan Pablo II para las Ciencias del \u00adMatrimonio y de la Familia, y Mons. Pierangelo Sequeri, presidente del organismo en la Sede Central en Roma, quienes [&hellip;]<\/p>\n","protected":false},"author":2,"featured_media":23969,"comment_status":"closed","ping_status":"closed","sticky":false,"template":"","format":"standard","meta":{"footnotes":""},"categories":[17,7],"tags":[],"class_list":["post-23968","post","type-post","status-publish","format-standard","has-post-thumbnail","hentry","category-espanol","category-rassegna"],"jetpack_featured_media_url":"https:\/\/www.vincenzopaglia.it\/wp-content\/uploads\/2018\/03\/logo.png","_links":{"self":[{"href":"https:\/\/www.vincenzopaglia.it\/index.php\/wp-json\/wp\/v2\/posts\/23968","targetHints":{"allow":["GET"]}}],"collection":[{"href":"https:\/\/www.vincenzopaglia.it\/index.php\/wp-json\/wp\/v2\/posts"}],"about":[{"href":"https:\/\/www.vincenzopaglia.it\/index.php\/wp-json\/wp\/v2\/types\/post"}],"author":[{"embeddable":true,"href":"https:\/\/www.vincenzopaglia.it\/index.php\/wp-json\/wp\/v2\/users\/2"}],"replies":[{"embeddable":true,"href":"https:\/\/www.vincenzopaglia.it\/index.php\/wp-json\/wp\/v2\/comments?post=23968"}],"version-history":[{"count":2,"href":"https:\/\/www.vincenzopaglia.it\/index.php\/wp-json\/wp\/v2\/posts\/23968\/revisions"}],"predecessor-version":[{"id":23971,"href":"https:\/\/www.vincenzopaglia.it\/index.php\/wp-json\/wp\/v2\/posts\/23968\/revisions\/23971"}],"wp:featuredmedia":[{"embeddable":true,"href":"https:\/\/www.vincenzopaglia.it\/index.php\/wp-json\/wp\/v2\/media\/23969"}],"wp:attachment":[{"href":"https:\/\/www.vincenzopaglia.it\/index.php\/wp-json\/wp\/v2\/media?parent=23968"}],"wp:term":[{"taxonomy":"category","embeddable":true,"href":"https:\/\/www.vincenzopaglia.it\/index.php\/wp-json\/wp\/v2\/categories?post=23968"},{"taxonomy":"post_tag","embeddable":true,"href":"https:\/\/www.vincenzopaglia.it\/index.php\/wp-json\/wp\/v2\/tags?post=23968"}],"curies":[{"name":"wp","href":"https:\/\/api.w.org\/{rel}","templated":true}]}}