{"id":23941,"date":"2018-03-16T21:54:10","date_gmt":"2018-03-16T20:54:10","guid":{"rendered":"http:\/\/www.vincenzopaglia.it\/?p=23941"},"modified":"2018-03-16T21:56:52","modified_gmt":"2018-03-16T20:56:52","slug":"23941","status":"publish","type":"post","link":"https:\/\/www.vincenzopaglia.it\/index.php\/23941.html","title":{"rendered":"\u201cLa Iglesia es la instituci\u00f3n que m\u00e1s ha defendido a la familia\u201d"},"content":{"rendered":"<p><strong>Abimael C\u00e9sar Ju\u00e1rez<\/strong><\/p>\n<p>El presidente de la Academia para la Vida del Vaticano y Gran Canciller del Pontificio Instituto Teol\u00f3gico Juan Pablo II para las Ciencias del Matrimonio y de la Familia, Mons. Vincenzo Paglia, se encuentra en M\u00e9xico.<\/p>\n<p>En d\u00edas pasados visit\u00f3 la sede del Instituto Juan Pablo II en la capital del pa\u00eds, para encontrarse con autoridades, profesores y estudiantes, y el mi\u00e9rcoles dict\u00f3 la conferencia\u00a0\u201cEl esplendor de la vida, el matrimonio y la familia\u201d\u00a0, en el auditorio de la Universidad An\u00e1huac Campus Norte, donde se encuentra la sede del instituto.<\/p>\n<p>Este jueves, Mons. Vicenzo Paglia ofreci\u00f3 tambi\u00e9n una conferencia de prensa ante medios cat\u00f3licos y comerciales, donde estuvo acompa\u00f1ado por el presidente del Instituto Teol\u00f3gico Juan Pablo II en Roma, Mons. Pierangelo Sequeri, quien constat\u00f3 que los j\u00f3venes no pierden el gusto por ser y hacer familia, a pesar de las dificultades que el proyecto familiar tiene actualmente en sus diferentes contextos. En este sentido \u2013dijo\u2013 la Iglesia tiene el deber de acompa\u00f1arlos.<\/p>\n<p>Mons. Sequeri asegur\u00f3 que la Iglesia tiene una tarea hist\u00f3rica muy importante: recomponer el conocimiento y los afectos de la familia con \u00e9xito. \u201cLa alianza conyugal es un sacramento que no termina simplemente en el Matrimonio; por el contrario, debe influir en todos los sectores de la sociedad. Por eso se han llevado a cabo dos s\u00ednodos sobre la familia que revelan el gran deseo que tienen las generaciones m\u00e1s j\u00f3venes por esta instituci\u00f3n\u201d.<\/p>\n<p>Para el tambi\u00e9n Consultor del Consejo Pontificio para la Promoci\u00f3n de la Nueva Evangelizaci\u00f3n y miembro de la Comisi\u00f3n Teol\u00f3gica Internacional, el sacramento del Matrimonio proporciona un valor especial al v\u00ednculo conyugal, pero al mismo tiempo requiere ser capaz de \u201clidiar con la fragilidad de los v\u00ednculos que son \u00fanicos de la condici\u00f3n humana\u201d. Por ello, consider\u00f3 importante que la Iglesia se equipe con nuevas herramientas conceptuales para responder a los desaf\u00edos de la \u00e9poca, mientras que las comunidades cristianas deben ser vistas como una red de acogida en las relaciones humanas b\u00e1sicas.<\/p>\n<p>Por su parte, Mons. Vincenzo Paglia explic\u00f3 que el Papa Francisco, en continuidad con san Juan Pablo II \u2013quien public\u00f3 en su momento la exhortaci\u00f3n apost\u00f3lica\u00a0<i>Familiaris Consortio\u2013<\/i>, escribi\u00f3\u00a0<i>Amoris Laetitia<\/i>, d\u00e1ndole continuidad cultural y pastoral al magisterio sobre la familia, \u201ccomo siempre ha acontecido a los largo de la historia de la Iglesia\u201d.<\/p>\n<p>En este contexto, record\u00f3 lo que dec\u00eda el Papa Juan XXIII de la Iglesia, en el sentido de que \u00e9sta no es un museo que conserve cosas del pasado, pues la tradici\u00f3n\u00a0\u00a0es un cuerpo que crece, y lo hace con mucha sabidur\u00eda: \u201csobre el tema de la familia \u2013dijo\u2013 la Iglesia es la instituci\u00f3n que m\u00e1s ha hablado, que m\u00e1s la ha defendido, y que m\u00e1s la ha comprendi\u00f3\u201d.<\/p>\n<p>El Pontificio Instituto Juan Pablo II fue fundado el 13 de mayo de 1981 por san Juan Pablo II con el fin de ofrecer a toda la Iglesia una reflexi\u00f3n teol\u00f3gica renovada en torno al amor humano, el matrimonio, la familia, y todas sus implicaciones pastorales, ayudando as\u00ed a la Iglesia en el cumplimiento de su misi\u00f3n evangelizadora.<\/p>\n<p>La Secci\u00f3n Mexicana del Pontificio Instituto Juan Pablo II para estudios sobre matrimonio y familia fue confiada a la Legi\u00f3n de Cristo, y est\u00e1 integrada a la Red de Universidades An\u00e1huac. Su misi\u00f3n es impulsar la investigaci\u00f3n y la formaci\u00f3n integral de la persona, el matrimonio y la familia.<\/p>\n<p>En M\u00e9xico, el instituto tiene una sede central en la Ciudad de M\u00e9xico, en la Universidad An\u00e1huac M\u00e9xico Norte y cinco planteles m\u00e1s en Guadalajara,\u00a0\u00a0Monterrey, Puebla, M\u00e9rida y Le\u00f3n, desde donde se ofrecen los programas formativos a m\u00e1s de 20 ciudades de la rep\u00fablica.<\/p>\n<p><strong><a href=\"http:\/\/www.siame.mx\/mons-vicenzo-paglia-la-iglesia-es-la-institucion-que-mas-ha-defendido-a-la-familia\/\">(SIAME)<\/a><\/strong><\/p>\n","protected":false},"excerpt":{"rendered":"<p>Abimael C\u00e9sar Ju\u00e1rez El presidente de la Academia para la Vida del Vaticano y Gran Canciller del Pontificio Instituto Teol\u00f3gico Juan Pablo II para las Ciencias del Matrimonio y de la Familia, Mons. Vincenzo Paglia, se encuentra en M\u00e9xico. En d\u00edas pasados visit\u00f3 la sede del Instituto Juan Pablo II en la capital del pa\u00eds, [&hellip;]<\/p>\n","protected":false},"author":2,"featured_media":23942,"comment_status":"closed","ping_status":"closed","sticky":false,"template":"","format":"standard","meta":{"footnotes":""},"categories":[17,7],"tags":[],"class_list":["post-23941","post","type-post","status-publish","format-standard","has-post-thumbnail","hentry","category-espanol","category-rassegna"],"jetpack_featured_media_url":"https:\/\/www.vincenzopaglia.it\/wp-content\/uploads\/2018\/03\/ZjykY73R.jpg","_links":{"self":[{"href":"https:\/\/www.vincenzopaglia.it\/index.php\/wp-json\/wp\/v2\/posts\/23941","targetHints":{"allow":["GET"]}}],"collection":[{"href":"https:\/\/www.vincenzopaglia.it\/index.php\/wp-json\/wp\/v2\/posts"}],"about":[{"href":"https:\/\/www.vincenzopaglia.it\/index.php\/wp-json\/wp\/v2\/types\/post"}],"author":[{"embeddable":true,"href":"https:\/\/www.vincenzopaglia.it\/index.php\/wp-json\/wp\/v2\/users\/2"}],"replies":[{"embeddable":true,"href":"https:\/\/www.vincenzopaglia.it\/index.php\/wp-json\/wp\/v2\/comments?post=23941"}],"version-history":[{"count":2,"href":"https:\/\/www.vincenzopaglia.it\/index.php\/wp-json\/wp\/v2\/posts\/23941\/revisions"}],"predecessor-version":[{"id":23944,"href":"https:\/\/www.vincenzopaglia.it\/index.php\/wp-json\/wp\/v2\/posts\/23941\/revisions\/23944"}],"wp:featuredmedia":[{"embeddable":true,"href":"https:\/\/www.vincenzopaglia.it\/index.php\/wp-json\/wp\/v2\/media\/23942"}],"wp:attachment":[{"href":"https:\/\/www.vincenzopaglia.it\/index.php\/wp-json\/wp\/v2\/media?parent=23941"}],"wp:term":[{"taxonomy":"category","embeddable":true,"href":"https:\/\/www.vincenzopaglia.it\/index.php\/wp-json\/wp\/v2\/categories?post=23941"},{"taxonomy":"post_tag","embeddable":true,"href":"https:\/\/www.vincenzopaglia.it\/index.php\/wp-json\/wp\/v2\/tags?post=23941"}],"curies":[{"name":"wp","href":"https:\/\/api.w.org\/{rel}","templated":true}]}}