{"id":22042,"date":"2016-08-23T13:49:17","date_gmt":"2016-08-23T11:49:17","guid":{"rendered":"http:\/\/www.vincenzopaglia.it\/?p=22042"},"modified":"2016-08-23T13:49:17","modified_gmt":"2016-08-23T11:49:17","slug":"mons-kevin-farrell-obispo-de-dallas-presidira-el-nuevo-dicasterio-para-los-laicos-la-familia-y-la-vida","status":"publish","type":"post","link":"https:\/\/www.vincenzopaglia.it\/index.php\/mons-kevin-farrell-obispo-de-dallas-presidira-el-nuevo-dicasterio-para-los-laicos-la-familia-y-la-vida.html","title":{"rendered":"Mons. Kevin Farrell obispo de Dallas, presidir\u00e1 el \u00abnuevo\u00bb Dicasterio para los Laicos, la Familia y la Vida"},"content":{"rendered":"<div class=\"encabezado\">\n<p class=\"entrada\">El 15 de agosto el Papa firm\u00f3 la Carta apost\u00f3lica en forma de Motu proprio \u00abSedula Mater\u00bb, por la que instituye el Dicasterio para los Laicos, la Familia y la Vida. Igualmente se han publicado los nombramientos de mons. Kevin Farrell como primer presidente del \u00abnuevo Dicasterio\u00bb y mons. Vincenzo Paglia como Gran canciller del Pontificio Instituto \u00abJuan Pablo II\u00bb para la Familia y presidente de la Academia Pontificia para la Vida.<\/p>\n<p class=\"publicacion\">17\/08\/16 2:24 PM<span class=\"iconos\"> | <a class=\"imprimir\" title=\"Imprimir documento\">Imprimir<\/a> | <a class=\"enviar\" title=\"Enviar a un amigo\">Enviar<\/a><\/span><\/p>\n<\/div>\n<div class=\"extra\">(<strong>Bolletino Sala Stampa \/ InfoCat\u00f3lica<\/strong>) El pasado 4 de junio, el papa Francisco, a propuesta del Consejo de Cardenales, <a href=\"http:\/\/infocatolica.com\/?t=noticia&amp;cod=26788\">aprob\u00f3<em> ad experimentum<\/em> el Estatuto del nuevo Dicasterio para los Laicos, la Familia y la Vida<\/a> en el que cual confluir\u00e1n, desde el 1 de septiembre de 2016, los actuales Pontificios Consejos para los Laicos y Pontificio Consejo para la Familia.<\/div>\n<div class=\"bText\">\n<p>Hoy 17 de agosto se ha hecho p\u00fablico que con fecha 15 de agosto el Papa firm\u00f3 la Carta apost\u00f3lica en forma de Motu proprio \u00abSedula Mater\u00bb, por la que instituye el Dicasterio para los Laicos, la Familia y la Vida, que se ha dado a conocer el 17 de agosto. Igualmente hoy se han publicado los nombramientos de mons. Kevin Farrell como primer presidente del \u00abnuevo Dicasterio\u00bb y de mons. Vincenzo mons. Vicenzo Paglia como Gran canciller del Pontificio Instituto \u00abJuan Pablo II\u00bb para la Familia y presidente de la Academia Pontificia para la Vida<\/p>\n<h3><strong>Mons. Kevin Farrell<\/strong><\/h3>\n<p>Mons. Farrell naci\u00f3 en Dubl\u00edn, en 1947, y desde 1984 trabaja en Estados Unidos. Ha pasado por las di\u00f3cesis de Washington y Dallas, de la que es obispo desde 2007. Adem\u00e1s, es el actual tesorero de la Conferencia Episcopal estadounidense, y habla espa\u00f1ol.<\/p>\n<p>Naci\u00f3 el 2 de septiembre de 1947 en Dubl\u00edn, Irlanda. Ingres\u00f3 en la <strong>Congregaci\u00f3n de los Legionarios de Cristo en 1966<\/strong>, estudi\u00f3 en las Universidades de Salamanca (Espa\u00f1a) y en la Gregoriana y la de Santo Tom\u00e1s de Roma (Italia), en la que obtuvo la licenciatura en Filosof\u00eda y Teolog\u00eda. As\u00edmismo tiene un master en <em>Business administration<\/em> por la Universidad de Notre Dame, en EE.UU.<\/p>\n<p>Fue ordenado sacerdote el 24 de diciembre de 1978.\u00a0Sucesivamente fue Capell\u00e1n de la Universidad de Monterrey, M\u00e9xico, profesor de Estudios Econ\u00f3micos, Administrador General responsable de seminarios y escuelas de la Legi\u00f3n de Cristo en Italia, Espa\u00f1a e Irlanda.<\/p>\n<p>Desde 1983 ejerci\u00f3 su ministerio en la parroquia de San Bartolom\u00e9, en <strong>Washington, diocesis en la que se incardin\u00f3 en 1984<\/strong>, desempe\u00f1ando otros oficios en la parroquia de Santo Tom\u00e1s, el Centro Cat\u00f3lico espa\u00f1ol, las Organizaciones cat\u00f3licas de caridad, los Asuntos financieros y la parroquia de la Anunciaci\u00f3n.<\/p>\n<p>Nombrado obispo auxiliar de Washington el 28 de diciembre de 2001, desempe\u00f1\u00f3 los oficios de Vicario General para asuntos administrativos y Moderador de la Curia.<\/p>\n<p>El 6 de marzo de 2007 fue promovido Obispo de Dallas.<\/p>\n<\/div>\n","protected":false},"excerpt":{"rendered":"<p>El 15 de agosto el Papa firm\u00f3 la Carta apost\u00f3lica en forma de Motu proprio \u00abSedula Mater\u00bb, por la que instituye el Dicasterio para los Laicos, la Familia y la Vida. Igualmente se han publicado los nombramientos de mons. Kevin Farrell como primer presidente del \u00abnuevo Dicasterio\u00bb y mons. Vincenzo Paglia como Gran canciller del [&hellip;]<\/p>\n","protected":false},"author":2,"featured_media":21744,"comment_status":"closed","ping_status":"closed","sticky":false,"template":"","format":"standard","meta":{"footnotes":""},"categories":[17,7],"tags":[],"class_list":["post-22042","post","type-post","status-publish","format-standard","has-post-thumbnail","hentry","category-espanol","category-rassegna"],"jetpack_featured_media_url":"https:\/\/www.vincenzopaglia.it\/wp-content\/uploads\/2016\/05\/ANSA522158_Articolo.jpg","_links":{"self":[{"href":"https:\/\/www.vincenzopaglia.it\/index.php\/wp-json\/wp\/v2\/posts\/22042","targetHints":{"allow":["GET"]}}],"collection":[{"href":"https:\/\/www.vincenzopaglia.it\/index.php\/wp-json\/wp\/v2\/posts"}],"about":[{"href":"https:\/\/www.vincenzopaglia.it\/index.php\/wp-json\/wp\/v2\/types\/post"}],"author":[{"embeddable":true,"href":"https:\/\/www.vincenzopaglia.it\/index.php\/wp-json\/wp\/v2\/users\/2"}],"replies":[{"embeddable":true,"href":"https:\/\/www.vincenzopaglia.it\/index.php\/wp-json\/wp\/v2\/comments?post=22042"}],"version-history":[{"count":0,"href":"https:\/\/www.vincenzopaglia.it\/index.php\/wp-json\/wp\/v2\/posts\/22042\/revisions"}],"wp:featuredmedia":[{"embeddable":true,"href":"https:\/\/www.vincenzopaglia.it\/index.php\/wp-json\/wp\/v2\/media\/21744"}],"wp:attachment":[{"href":"https:\/\/www.vincenzopaglia.it\/index.php\/wp-json\/wp\/v2\/media?parent=22042"}],"wp:term":[{"taxonomy":"category","embeddable":true,"href":"https:\/\/www.vincenzopaglia.it\/index.php\/wp-json\/wp\/v2\/categories?post=22042"},{"taxonomy":"post_tag","embeddable":true,"href":"https:\/\/www.vincenzopaglia.it\/index.php\/wp-json\/wp\/v2\/tags?post=22042"}],"curies":[{"name":"wp","href":"https:\/\/api.w.org\/{rel}","templated":true}]}}