{"id":21918,"date":"2016-07-06T03:07:07","date_gmt":"2016-07-06T01:07:07","guid":{"rendered":"http:\/\/www.vincenzopaglia.it\/?p=21918"},"modified":"2016-07-06T03:07:24","modified_gmt":"2016-07-06T01:07:24","slug":"la-fuerza-vital-de-la-sociedad","status":"publish","type":"post","link":"https:\/\/www.vincenzopaglia.it\/index.php\/la-fuerza-vital-de-la-sociedad.html","title":{"rendered":"La fuerza vital de la sociedad"},"content":{"rendered":"<p>El jueves 23 de junio 2016 Mons. Vincenzo Paglia particip\u00f3 en un acto celebrado en la sede de Ginebra de las Naciones Unidas, llamado: <em>&#8220;La Exhortaci\u00f3n del Papa Francisco Amoris Laetitia. La familia como fuerza vital de la sociedad&#8221;.<\/em><br \/>\nEl evento, organizado por la Misi\u00f3n Permanente de la Santa Sede ante las Naciones Unidas, adem\u00e1s de la realizada por Mons. Paglia, cont\u00f3 con las intervenciones de: Amr Ramad\u00e1n, Embajador Representante Permanente de la Rep\u00fablica \u00c1rabe de Egipto, el Embajador Andrey Nikiforov, Representante Permanente de la Federaci\u00f3n\u00a0 Rusa, el doctor Francesco Belletti, Director del Centro de estudios internacionales sobre la familia y consultor del Pontificio Consejo para la familia.<br \/>\nDespu\u00e9s de los saludos de Mons. Jurkovi\u010d, Observador Permanente de la Santa Sede en la sede de Ginebra de las Naciones Unidas, Mons. Paglia present\u00f3 un breve resumen de <em>Amoris Laetitia<\/em>, subrayando, en primer lugar, que el texto contiene una reflexi\u00f3n teol\u00f3gica fidedigna del Santo Padre, fruto de la colaboraci\u00f3n fraternal de muchos obispos de todo el mundo, en especial aquella que tuvo lugar durante la celebraci\u00f3n de los dos \u00faltimos S\u00ednodos celebrados en Roma.<br \/>\nMons. Paglia tambi\u00e9n afirm\u00f3 que <em>Amoris laetitia<\/em>, al igual que las primeras p\u00e1ginas de la Escritura, sit\u00faa a la familia en el punto crucial de los desaf\u00edos para el nuevo desarrollo del planeta. Finalmente, el Presidente mostr\u00f3 la atenci\u00f3n pastoral de la Exhortaci\u00f3n y la actitud positiva ante la compleja y fecunda realidad de la familia creada por Dios.<br \/>\nEn la segunda parte de su intervenci\u00f3n, Mons. Paglia se\u00f1al\u00f3 que <em>&#8220;el texto papal puede abordar un dialogo, de manera eficaz, con los 17 Objetivos del Desarrollo Sostenible proyectados para el 2030 por las Naciones Unidas. Si queremos un mundo que crezca realmente en la justicia y en la paz, en el cuidado de los recursos y del medio ambiente, en la atenci\u00f3n a los sectores y poblaciones m\u00e1s pobres, en la convivencia pac\u00edfica y en el desarrollo solidario, las diversas instituciones pol\u00edticas, religiosas, culturales y econ\u00f3micas, han de trabajar unidas para que la experiencia que se encuentra al origen de las relaciones &#8211; que es la familia &#8211; sea reconocida y ayudada&#8221;.<\/em><br \/>\nRecordando las aspiraciones y las esperanzas que animan el esp\u00edritu de las Naciones Unidas, Mons. Paglia concluy\u00f3: <em>&#8220;La historia de la humanidad, en todas los siglos y en todas las latitudes, muestra que es solamente a partir de esta escuela primaria de relaciones que se puede imaginar y dar cuerpo al sue\u00f1o que cada humanidad alberga en lo m\u00e1s profundo y que consiste en hacer de todos los pueblos una sola familia. Este sue\u00f1o es precisamente la raz\u00f3n de ser de las Naciones Unidas. Y de vuestro trabajo. Con la Amoris Laetitia, el Papa Francisco da un paso m\u00e1s para ayudar a los pueblos de la tierra \u2013 en el respeto de cada identidad \u2013 a hacer realidad el sue\u00f1o de convertirse en una familia que vive en paz&#8221;.<\/em><\/p>\n","protected":false},"excerpt":{"rendered":"<p>El jueves 23 de junio 2016 Mons. Vincenzo Paglia particip\u00f3 en un acto celebrado en la sede de Ginebra de las Naciones Unidas, llamado: &#8220;La Exhortaci\u00f3n del Papa Francisco Amoris Laetitia. La familia como fuerza vital de la sociedad&#8221;. El evento, organizado por la Misi\u00f3n Permanente de la Santa Sede ante las Naciones Unidas, adem\u00e1s [&hellip;]<\/p>\n","protected":false},"author":2,"featured_media":21914,"comment_status":"closed","ping_status":"closed","sticky":false,"template":"","format":"standard","meta":{"footnotes":""},"categories":[17],"tags":[],"class_list":["post-21918","post","type-post","status-publish","format-standard","has-post-thumbnail","hentry","category-espanol"],"jetpack_featured_media_url":"https:\/\/www.vincenzopaglia.it\/wp-content\/uploads\/2016\/07\/ginevra_COVER.jpg","_links":{"self":[{"href":"https:\/\/www.vincenzopaglia.it\/index.php\/wp-json\/wp\/v2\/posts\/21918","targetHints":{"allow":["GET"]}}],"collection":[{"href":"https:\/\/www.vincenzopaglia.it\/index.php\/wp-json\/wp\/v2\/posts"}],"about":[{"href":"https:\/\/www.vincenzopaglia.it\/index.php\/wp-json\/wp\/v2\/types\/post"}],"author":[{"embeddable":true,"href":"https:\/\/www.vincenzopaglia.it\/index.php\/wp-json\/wp\/v2\/users\/2"}],"replies":[{"embeddable":true,"href":"https:\/\/www.vincenzopaglia.it\/index.php\/wp-json\/wp\/v2\/comments?post=21918"}],"version-history":[{"count":0,"href":"https:\/\/www.vincenzopaglia.it\/index.php\/wp-json\/wp\/v2\/posts\/21918\/revisions"}],"wp:featuredmedia":[{"embeddable":true,"href":"https:\/\/www.vincenzopaglia.it\/index.php\/wp-json\/wp\/v2\/media\/21914"}],"wp:attachment":[{"href":"https:\/\/www.vincenzopaglia.it\/index.php\/wp-json\/wp\/v2\/media?parent=21918"}],"wp:term":[{"taxonomy":"category","embeddable":true,"href":"https:\/\/www.vincenzopaglia.it\/index.php\/wp-json\/wp\/v2\/categories?post=21918"},{"taxonomy":"post_tag","embeddable":true,"href":"https:\/\/www.vincenzopaglia.it\/index.php\/wp-json\/wp\/v2\/tags?post=21918"}],"curies":[{"name":"wp","href":"https:\/\/api.w.org\/{rel}","templated":true}]}}