{"id":21478,"date":"2016-03-04T19:31:20","date_gmt":"2016-03-04T18:31:20","guid":{"rendered":"http:\/\/www.vincenzopaglia.it\/?p=21478"},"modified":"2016-03-04T19:36:26","modified_gmt":"2016-03-04T18:36:26","slug":"il-rinascimento-monsignor-romero-il-suo-popolo-e-papa-francesco","status":"publish","type":"post","link":"https:\/\/www.vincenzopaglia.it\/index.php\/il-rinascimento-monsignor-romero-il-suo-popolo-e-papa-francesco.html","title":{"rendered":"Il Rinascimento &#8211; monsignor Romero, il suo popolo e papa Francesco&#8221;"},"content":{"rendered":"<p><strong>Intervento alla presentazione ad Arezzo del documentario di\u00a0Gianni Beretta e da Patrick Soergel<\/strong><\/p>\n<p>\u201cLa figura di Romero \u00e8 una figura che sconvolge perch\u00e9 le sue parole sono legate alla vita, una vita che lui ha dato fino in fondo. Quando si \u00e8 sentito nel film quell\u2019unico colpo che lo ha centrato al cuore mentre stava celebrando al momento dell\u2019offertorio si \u00e8 avuta davvero l\u2019impressione che l\u2019amore possa arrivare a trafiggere. Era un uomo di Dio ed il film \u00e8 stato molto emozionante perch\u00e9 ha ripercorso nel modo pi\u00f9 vero la sua storia. La figura di Romero deve aiutarci ad affrontare la vita ed il Vangelo con coraggio e io porto al collo la sua croce perch\u00e9 sento ogni giorno questa responsabilit\u00e0\u201d.<\/p>\n<p><em><a href=\"http:\/\/www.valtiberinainforma.it\/news\/sansepolcro-grandi-emozioni-con-il-documentario-il-rinascimento-mons-romero-il-suo-popolo-e-papa-francesco\">Leggi l&#8217;articolo su <strong>Valtiberinainforma<\/strong>.it<\/a><\/em><\/p>\n","protected":false},"excerpt":{"rendered":"<p>Intervento alla presentazione ad Arezzo del documentario di\u00a0Gianni Beretta e da Patrick Soergel \u201cLa figura di Romero \u00e8 una figura che sconvolge perch\u00e9 le sue parole sono legate alla vita, una vita che lui ha dato fino in fondo. Quando si \u00e8 sentito nel film quell\u2019unico colpo che lo ha centrato al cuore mentre stava [&hellip;]<\/p>\n","protected":false},"author":2,"featured_media":21479,"comment_status":"closed","ping_status":"closed","sticky":false,"template":"","format":"standard","meta":{"footnotes":""},"categories":[8,3,7],"tags":[],"class_list":["post-21478","post","type-post","status-publish","format-standard","has-post-thumbnail","hentry","category-news","category-interventi","category-rassegna"],"jetpack_featured_media_url":"https:\/\/www.vincenzopaglia.it\/wp-content\/uploads\/2016\/03\/presentazione-film-romero.jpg","_links":{"self":[{"href":"https:\/\/www.vincenzopaglia.it\/index.php\/wp-json\/wp\/v2\/posts\/21478","targetHints":{"allow":["GET"]}}],"collection":[{"href":"https:\/\/www.vincenzopaglia.it\/index.php\/wp-json\/wp\/v2\/posts"}],"about":[{"href":"https:\/\/www.vincenzopaglia.it\/index.php\/wp-json\/wp\/v2\/types\/post"}],"author":[{"embeddable":true,"href":"https:\/\/www.vincenzopaglia.it\/index.php\/wp-json\/wp\/v2\/users\/2"}],"replies":[{"embeddable":true,"href":"https:\/\/www.vincenzopaglia.it\/index.php\/wp-json\/wp\/v2\/comments?post=21478"}],"version-history":[{"count":0,"href":"https:\/\/www.vincenzopaglia.it\/index.php\/wp-json\/wp\/v2\/posts\/21478\/revisions"}],"wp:featuredmedia":[{"embeddable":true,"href":"https:\/\/www.vincenzopaglia.it\/index.php\/wp-json\/wp\/v2\/media\/21479"}],"wp:attachment":[{"href":"https:\/\/www.vincenzopaglia.it\/index.php\/wp-json\/wp\/v2\/media?parent=21478"}],"wp:term":[{"taxonomy":"category","embeddable":true,"href":"https:\/\/www.vincenzopaglia.it\/index.php\/wp-json\/wp\/v2\/categories?post=21478"},{"taxonomy":"post_tag","embeddable":true,"href":"https:\/\/www.vincenzopaglia.it\/index.php\/wp-json\/wp\/v2\/tags?post=21478"}],"curies":[{"name":"wp","href":"https:\/\/api.w.org\/{rel}","templated":true}]}}