{"id":21416,"date":"2016-02-10T14:11:41","date_gmt":"2016-02-10T13:11:41","guid":{"rendered":"http:\/\/www.vincenzopaglia.it\/?p=21416"},"modified":"2016-02-10T14:11:52","modified_gmt":"2016-02-10T13:11:52","slug":"del-padre-varela-al-papa-francisco-una-iglesia-en-salida","status":"publish","type":"post","link":"https:\/\/www.vincenzopaglia.it\/index.php\/del-padre-varela-al-papa-francisco-una-iglesia-en-salida.html","title":{"rendered":"DEL PADRE VARELA AL PAPA FRANCISCO: UNA IGLESIA EN SALIDA"},"content":{"rendered":"<p>Dal 18 al 21 febbraio 2016 si svolge alla Casa Sacerdotale &#8220;San Juan Mar\u00eca Vianney&#8221; di L&#8217;Avana, a Cuba, il simposio commemorativo <strong><em>Da Padre Varela a Papa Francesco: una Chiesa in salita.<\/em><\/strong><\/p>\n<p><b>F\u00e9lix Varela y Morales<\/b> (<a title=\"L'Avana\" href=\"https:\/\/it.wikipedia.org\/wiki\/L%27Avana\">L&#8217;Avana<\/a>, <a title=\"20 novembre\" href=\"https:\/\/it.wikipedia.org\/wiki\/20_novembre\">20 novembre<\/a> <a title=\"1788\" href=\"https:\/\/it.wikipedia.org\/wiki\/1788\">1788<\/a> \u2013 <a title=\"St. Augustine (Florida)\" href=\"https:\/\/it.wikipedia.org\/wiki\/St._Augustine_(Florida)\">Saint Augustine<\/a>, <a title=\"25 febbraio\" href=\"https:\/\/it.wikipedia.org\/wiki\/25_febbraio\">25 febbraio<\/a> <a title=\"1853\" href=\"https:\/\/it.wikipedia.org\/wiki\/1853\">1853<\/a>) \u00e8 stato un <a class=\"mw-redirect\" title=\"Filosofo\" href=\"https:\/\/it.wikipedia.org\/wiki\/Filosofo\">filosofo<\/a> <a title=\"Cuba\" href=\"https:\/\/it.wikipedia.org\/wiki\/Cuba\">cubano<\/a>.\u00a0Prelato, fu il primo esportatore a <a title=\"Cuba\" href=\"https:\/\/it.wikipedia.org\/wiki\/Cuba\">Cuba<\/a> del pensiero moderno. Esiliato per le sue idee d&#8217;avanguardia, si rifugi\u00f2 a <a title=\"Filadelfia (Stati Uniti d'America)\" href=\"https:\/\/it.wikipedia.org\/wiki\/Filadelfia_(Stati_Uniti_d%27America)\">Philadelphia<\/a> e poi a <a title=\"New York\" href=\"https:\/\/it.wikipedia.org\/wiki\/New_York\">New York<\/a>. E&#8217; attualmente in corso il processo di beatificazione.<\/p>\n<p>Al convegno, cui interverr\u00e0 anche il cardinale\u00a0Jaime Ortega Alamino, arcivescovo di L&#8217;Avana prender\u00e0 parte anche &#8211;\u00a0sabato 20 febbraio alle 10.30 &#8211; l&#8217;arcivescovo Vincenzo Paglia, postulatore della causa di beatificazione di padre Varela.<\/p>\n<p><strong>IL PROGRAMMA INTEGRALE DEL CONVEGNO<\/strong> (ESPANOL)<\/p>\n<p><strong>\u00a0<\/strong><strong>EN EL A\u00d1O SANTO DE LA MISERICORDIA,\u00a0<\/strong><strong>EN EL XXX ANIVERSARIO DEL ENEC\u00a0<\/strong><strong>Y EN LOS 163 A\u00d1OS DE LA MUERTE DEL VENERABLE PADRE F\u00c9LIX VARELA<br \/>\n<\/strong><\/p>\n<p><strong>\u00a0<\/strong><strong>SIMPOSIO CONMEMORATIVO:\u00a0<\/strong><strong>\u00a0\u201cDEL PADRE VARELA AL PAPA FRANCISCO:\u00a0<\/strong><strong>UNA IGLESIA EN SALIDA\u201d.<\/strong><\/p>\n<p><strong>\u00a0<\/strong><strong>18 &#8211; 21 de febrero de 2016.<br \/>\nCasa Sacerdotal \u201cSan Juan Mar\u00eda Vianney\u201d.<\/strong><\/p>\n<p><strong>25 entre A y Paseo, Vedado, La Habana.<\/strong><\/p>\n<p><strong><u>PROGRAMA<\/u><\/strong><\/p>\n<p><strong><u>D\u00cdA 18, JUEVES<\/u><\/strong><\/p>\n<p>(Los invitados que vayan a hospedarse deber\u00e1n inscribirse el jueves 18 desde las 4:00 p.m.)<\/p>\n<p><strong>8:30 p.m. \u00a0Recordando la muerte ejemplar del Venerable Padre F\u00e9lix Varela.<\/strong><\/p>\n<p>Mons. Ram\u00f3n Su\u00e1rez Polcari, Vice-Postulador de la Causa de Beatificaci\u00f3n del P. Varela, presentar\u00e1 el documental de su vida y obra.<\/p>\n<p><strong><u>D\u00cdA 19, VIERNES<\/u><\/strong><\/p>\n<p><strong>9:00 a.m. \u00a0Palabras de apertura del Simposio<\/strong><\/p>\n<p>por \u00a0S. E. R. Mons. Juan de Dios Hern\u00e1ndez Ruiz, Obispo Auxiliar de La Habana.<\/p>\n<p><strong>9:30 a.m. \u00a0El Padre Varela y su influjo en el ENEC.\u00a0 <\/strong><\/p>\n<p>por S.E.R. Cardenal Jaime Ortega Alamino, Arzobispo de La Habana.<\/p>\n<p><strong>10:15 a.m. \u00a0Intervenciones y preguntas de los participantes.<\/strong><\/p>\n<p><strong>10:30 a.m. Receso<\/strong><\/p>\n<p><strong>11:00 a.m. \u00a0Significado actual del ENEC a los 30 a\u00f1os de su celebraci\u00f3n.\u00a0 \u00a0 \u00a0 \u00a0 \u00a0 \u00a0 \u00a0 <\/strong><\/p>\n<p>por Arq. Orlando M\u00e1rquez, Director de la Revista Palabra Nueva.<\/p>\n<p><strong>12:00 m.\u00a0 Intervenciones y preguntas de los participantes.<\/strong><\/p>\n<p><strong>1:00 p.m. Almuerzo.<\/strong><\/p>\n<p><strong>3:00 p.m. Las relaciones Iglesia \u2013 Estado antes y despu\u00e9s del ENEC.<\/strong><\/p>\n<p>por Dr. Roberto M\u00e9ndez.<\/p>\n<p><strong>3:45 p.m. Intervenciones y preguntas de los participantes.<\/strong><\/p>\n<p><strong>4:00 p.m. Caf\u00e9.<\/strong><\/p>\n<p><strong>4:15 p.m. El Venerable Padre Varela, Sacerdote.<\/strong><\/p>\n<p>por S. E. R. Mons. Felipe de Jes\u00fas Est\u00e9vez, Obispo de San Agust\u00edn de la Florida.<\/p>\n<p><strong>5:00 p.m. Intervenciones y preguntas de los participantes.<\/strong><\/p>\n<p><strong>7:00 p.m. Comida.<\/strong><\/p>\n<p><strong>8:30 p.m. Exhibici\u00f3n del documental \u201cEl ENEC\u201d.<\/strong><\/p>\n<p>Al finalizar el documental ser\u00e1 una buena oportunidad de compartir experiencias.<\/p>\n<p><strong><u>D\u00cdA 20, S\u00c1BADO<\/u><\/strong><\/p>\n<p><u><\/u><strong>9:00 a.m. El pensamiento filos\u00f3fico y pol\u00edtico del Padre Varela y su influencia en la formaci\u00f3n de la nacionalidad cubana. <\/strong><\/p>\n<p>por Dr. Eduardo Torres Cuevas, Director de la Biblioteca Nacional \u201cJos\u00e9 Mart\u00ed\u201d.<\/p>\n<p><strong>9:45 a.m. Intervenciones y preguntas de los participantes.<\/strong><\/p>\n<p><strong>10:00 a.m. Receso<\/strong><\/p>\n<p><strong>10:30 a.m. El Padre Varela: su camino de Santidad.<\/strong><\/p>\n<p>por S. E. R. Mons. Vincenzo\u00a0Paglia, Director del Pontificio Consejo para la Familia de la Santa Sede; \u00a0Postulador de la Causa de Beatificaci\u00f3n del Venerable Padre F\u00e9lix Varela Morales.<\/p>\n<p><strong>11:15 a.m. Intervenciones y preguntas de los participantes.<\/strong><\/p>\n<p><strong>11:30 a.m.\u00a0 Labor del Padre Varela en la Iglesia Cat\u00f3lica en los Estados Unidos.\u00a0<\/strong><\/p>\n<p>por S. E. R. Monse\u00f1or Octavio Cisneros, Obispo Auxiliar de la Di\u00f3cesis de Brooklyn.<\/p>\n<p><strong>1:00 p.m. Almuerzo.<\/strong><\/p>\n<p><strong>3:00 p.m. El mensaje del Papa Francisco para el laicado cubano.<\/strong><\/p>\n<p>por Dr. Gustavo And\u00fajar, Director del Centro Cultural \u201cPadre F\u00e9lix Varela\u201d.<\/p>\n<p><strong>3:45 p.m. Intervenciones y preguntas de los participantes.<\/strong><\/p>\n<p><strong>4:00 p.m. Caf\u00e9.<\/strong><\/p>\n<p>4:15 p.m. <strong>P. F\u00e9lix Varela, un camino de santidad. Situaci\u00f3n actual de la causa del Venerable Siervo de Dios Presb\u00edtero F\u00e9lix Varela Morales.<\/strong><\/p>\n<p>por S. E. R. Mons. Vincenzo\u00a0Paglia, Director del Pontificio Consejo para la Familia de la Santa Sede; \u00a0Postulador de la Causa de Beatificaci\u00f3n del Venerable Padre F\u00e9lix Varela Morales.<\/p>\n<p><strong>5:00 p.m. Intervenciones y preguntas de los participantes.<\/strong><\/p>\n<p><strong>6:00 p.m. Salida de los \u00f3mnibus hacia el Centro Cultural \u201cP. F\u00e9lix Varela\u201d<\/strong><\/p>\n<p><strong>6:30 p.m. Remembranzas del Seminario San Carlos y San Ambrosio.<\/strong><\/p>\n<p>por P. Yosvany Carvajal, Director del Instituto de Estudios Eclesi\u00e1sticos \u201cP F\u00e9lix Varela\u201d.<\/p>\n<p><strong>7:30 p.m. Recepci\u00f3n-Brindis.<\/strong><\/p>\n<p><strong>8:30 p.m. Gala Cultural cubana<\/strong><\/p>\n<p>Al finalizar la gala los \u00d3mnibus retornan a la Casa Sacerdotal \u201cSan Juan Mar\u00eda Vianney\u201d<\/p>\n<p><strong><u>D\u00cdA 21, DOMINGO<\/u><\/strong><\/p>\n<p><strong>9:30 a.m. Solemne Sesi\u00f3n de Clausura del Simposio<\/strong><\/p>\n<p><strong>10:30 a.m. Salida en los \u00f3mnibus para el Aula Magna de la Universidad de La Habana.<\/strong><\/p>\n<p><strong>11:00 a.m. Visita al Cenotafio del P. F\u00e9lix Varela en el Aula Magna de la Universidad de La Habana.<\/strong><strong><br \/>\n<\/strong><\/p>\n<p><strong>11:30 a.m. Presencia de Varela en la intelectualidad de Cuba independiente.<\/strong><\/p>\n<p><strong>12:15 p.m. Retorno a la Casa Sacerdotal \u201cSan Juan Mar\u00eda Vianney\u201d.<\/strong><\/p>\n<p><strong>3:00 p.m. Salida en \u00f3mnibus\u00a0 para la S.M.I. Catedral de La Habana<\/strong><\/p>\n<p><strong>4:00 p.m.\u00a0 \u00a0Solemne Concelebraci\u00f3n en la S. M. I. Catedral de La Habana<\/strong>, presidida por \u00a0S. E. R. Cardenal Jaime Ortega Alamino, Arzobispo de La Habana.<\/p>\n<p>Homil\u00eda por S. E. R. Mons. Vincenzo\u00a0Paglia, Director del Pontificio Consejo para la Familia de la Santa Sede; \u00a0Postulador de la Causa de Beatificaci\u00f3n del Venerable Padre F\u00e9lix Varela Morales.<\/p>\n<p>Al finalizar la Misa, regreso en \u00f3mnibus a la Casa Sacerdotal \u201cSan Juan Mar\u00eda Vianney\u201d (aquellas personas que lo necesiten).<\/p>\n<p>Con esta celebraci\u00f3n finaliza el Simposio, los invitados que est\u00e1n hospedados en la Casa Sacerdotal y que tengan pasaje de regreso para el lunes, podr\u00e1n permanecer en la Casa Sacerdotal.<\/p>\n<p>&nbsp;<\/p>\n","protected":false},"excerpt":{"rendered":"<p>Dal 18 al 21 febbraio 2016 si svolge alla Casa Sacerdotale &#8220;San Juan Mar\u00eca Vianney&#8221; di L&#8217;Avana, a Cuba, il simposio commemorativo Da Padre Varela a Papa Francesco: una Chiesa in salita. F\u00e9lix Varela y Morales (L&#8217;Avana, 20 novembre 1788 \u2013 Saint Augustine, 25 febbraio 1853) \u00e8 stato un filosofo cubano.\u00a0Prelato, fu il primo esportatore [&hellip;]<\/p>\n","protected":false},"author":2,"featured_media":21417,"comment_status":"closed","ping_status":"closed","sticky":false,"template":"","format":"standard","meta":{"footnotes":""},"categories":[8,17],"tags":[],"class_list":["post-21416","post","type-post","status-publish","format-standard","has-post-thumbnail","hentry","category-news","category-espanol"],"jetpack_featured_media_url":"https:\/\/www.vincenzopaglia.it\/wp-content\/uploads\/2016\/02\/varela.jpg","_links":{"self":[{"href":"https:\/\/www.vincenzopaglia.it\/index.php\/wp-json\/wp\/v2\/posts\/21416","targetHints":{"allow":["GET"]}}],"collection":[{"href":"https:\/\/www.vincenzopaglia.it\/index.php\/wp-json\/wp\/v2\/posts"}],"about":[{"href":"https:\/\/www.vincenzopaglia.it\/index.php\/wp-json\/wp\/v2\/types\/post"}],"author":[{"embeddable":true,"href":"https:\/\/www.vincenzopaglia.it\/index.php\/wp-json\/wp\/v2\/users\/2"}],"replies":[{"embeddable":true,"href":"https:\/\/www.vincenzopaglia.it\/index.php\/wp-json\/wp\/v2\/comments?post=21416"}],"version-history":[{"count":0,"href":"https:\/\/www.vincenzopaglia.it\/index.php\/wp-json\/wp\/v2\/posts\/21416\/revisions"}],"wp:featuredmedia":[{"embeddable":true,"href":"https:\/\/www.vincenzopaglia.it\/index.php\/wp-json\/wp\/v2\/media\/21417"}],"wp:attachment":[{"href":"https:\/\/www.vincenzopaglia.it\/index.php\/wp-json\/wp\/v2\/media?parent=21416"}],"wp:term":[{"taxonomy":"category","embeddable":true,"href":"https:\/\/www.vincenzopaglia.it\/index.php\/wp-json\/wp\/v2\/categories?post=21416"},{"taxonomy":"post_tag","embeddable":true,"href":"https:\/\/www.vincenzopaglia.it\/index.php\/wp-json\/wp\/v2\/tags?post=21416"}],"curies":[{"name":"wp","href":"https:\/\/api.w.org\/{rel}","templated":true}]}}