{"id":21036,"date":"2015-10-06T23:49:50","date_gmt":"2015-10-06T21:49:50","guid":{"rendered":"http:\/\/www.vincenzopaglia.it\/?p=21036"},"modified":"2015-10-06T23:51:44","modified_gmt":"2015-10-06T21:51:44","slug":"familias-sed-heroes-del-testimonio-y-de-la-santidad","status":"publish","type":"post","link":"https:\/\/www.vincenzopaglia.it\/index.php\/familias-sed-heroes-del-testimonio-y-de-la-santidad.html","title":{"rendered":"\u201cFamilias: Sed h\u00e9roes del testimonio y de la santidad\u201d"},"content":{"rendered":"<div id=\"attachment_21037\" style=\"width: 610px\" class=\"wp-caption alignnone\"><a href=\"http:\/\/www.vincenzopaglia.it\/wp-content\/uploads\/2015\/10\/WMF2015_venerdi_COVER.jpg\"><img loading=\"lazy\" decoding=\"async\" aria-describedby=\"caption-attachment-21037\" class=\"size-full wp-image-21037\" src=\"http:\/\/www.vincenzopaglia.it\/wp-content\/uploads\/2015\/10\/WMF2015_venerdi_COVER.jpg\" alt=\"OLYMPUS DIGITAL CAMERA\" width=\"600\" height=\"250\" srcset=\"https:\/\/www.vincenzopaglia.it\/wp-content\/uploads\/2015\/10\/WMF2015_venerdi_COVER.jpg 600w, https:\/\/www.vincenzopaglia.it\/wp-content\/uploads\/2015\/10\/WMF2015_venerdi_COVER-260x108.jpg 260w, https:\/\/www.vincenzopaglia.it\/wp-content\/uploads\/2015\/10\/WMF2015_venerdi_COVER-280x117.jpg 280w\" sizes=\"auto, (max-width: 600px) 100vw, 600px\" \/><\/a><p id=\"caption-attachment-21037\" class=\"wp-caption-text\">Viernes, 25 de septiembre tuvo lugar la clausura del Congreso del VIII Encuentro Mundial de las Familias en Filadelfia. Muchas familias siguieron llegando a la ciudad para estar all\u00ed a la llegada del Papa Francisco, que asistir\u00eda al festival de las familias el s\u00e1bado 26 de septiembre en el famoso Benjamin Franklin Parkway, tambi\u00e9n conocido como los &#8220;Champs Elysees de la ciudad del amor fraterno&#8221; y celebrar\u00eda la Misa de la ma\u00f1ana siguiente en la que estaba prevista la participaci\u00f3n de un mill\u00f3n y medio de personas.<\/p><\/div>\n<p>La llegada del Papa no ha hecho sino aumentar el entusiasmo que ya se respiraba en los pasillos del Pennsylvania Convention Center, ya muy animado gracias a las actividades programadas para este d\u00eda. En primer lugar, durante la Misa de clausura del Congreso, presidida por Monse\u00f1or Paglia, presidente del Consejo Pontificio para la Familia, \u00e9ste record\u00f3 a todas las familias presentes que el encuentro Mundial de las Familias no es s\u00f3lo un evento que se repite cada tres a\u00f1os sino que &#8220;son d\u00edas en los que se vive un tiempo de gracia, un tiempo para reconstruir, un don de Dios&#8221;. Asimismo las anim\u00f3 a &#8220;ponerse a trabajar&#8221;, para hacer frente a las dificultades que la familia vive cada d\u00eda. &#8220;Ponerse a trabajar &#8211; subray\u00f3 &#8211; significa que no se puede seguir haciendo lo que siempre hemos hecho, que ya no basta con condenar el presente y retirarse en los patios de sus propias casas. Necesitamos una nueva pasi\u00f3n por la familia y un amor m\u00e1s generoso y m\u00e1s creativo que sea capaz de sostenerla&#8221;. Tambi\u00e9n inst\u00f3 a las familias a que se ayudasen rec\u00edprocamente, sobre todo a que ayudasen a las m\u00e1s d\u00e9biles, de modo que puedan superar la soledad y encontrar nuevas fuerzas. Citando a san Ignacio de Antioqu\u00eda, les record\u00f3 que est\u00e1n llamadas al &#8220;hero\u00edsmo del testimonio, el hero\u00edsmo del amor, el hero\u00edsmo de la santidad&#8221;.<\/p>\n<div>As\u00ed mismo, durante la sesi\u00f3n de la ma\u00f1ana, en presencia de nueve mil personas, el Cardenal Se\u00e1n Patrick O&#8217;Malley, Arzobispo de Boston, precedido por el Pastor Rick Warren, pastor y fundador de Saddleback Community Church en Lake Forest, cerr\u00f3 el Congreso con su discurso sobre &#8220;La Alegr\u00eda del Evangelio de la Vida&#8221;, y cont\u00f3 las historias de muchas familias que a pesar de vivir situaciones dif\u00edciles y a veces desalentadoras, encuentran en la presencia de Cristo la fuente generadora de alegr\u00eda para sus vidas y para sus familias. Tambi\u00e9n inst\u00f3 a las familias \u2013 al igual que Monse\u00f1or Paglia &#8211; a encontrar &#8220;una nueva forma de anunciar el Evangelio en el mundo contempor\u00e1neo&#8221; y a estar unidas con el objetivo de transformar &#8220;las multitudes en comunidades vivas&#8221;, para que as\u00ed puedan ser testigos de la belleza y de la alegr\u00eda del Evangelio.<\/div>\n<div><\/div>\n","protected":false},"excerpt":{"rendered":"<p>La llegada del Papa no ha hecho sino aumentar el entusiasmo que ya se respiraba en los pasillos del Pennsylvania Convention Center, ya muy animado gracias a las actividades programadas para este d\u00eda. En primer lugar, durante la Misa de clausura del Congreso, presidida por Monse\u00f1or Paglia, presidente del Consejo Pontificio para la Familia, \u00e9ste [&hellip;]<\/p>\n","protected":false},"author":2,"featured_media":27566,"comment_status":"closed","ping_status":"closed","sticky":false,"template":"","format":"standard","meta":{"footnotes":""},"categories":[17,7],"tags":[],"class_list":["post-21036","post","type-post","status-publish","format-standard","has-post-thumbnail","hentry","category-espanol","category-rassegna"],"jetpack_featured_media_url":"https:\/\/www.vincenzopaglia.it\/wp-content\/uploads\/2026\/04\/default.jpg","_links":{"self":[{"href":"https:\/\/www.vincenzopaglia.it\/index.php\/wp-json\/wp\/v2\/posts\/21036","targetHints":{"allow":["GET"]}}],"collection":[{"href":"https:\/\/www.vincenzopaglia.it\/index.php\/wp-json\/wp\/v2\/posts"}],"about":[{"href":"https:\/\/www.vincenzopaglia.it\/index.php\/wp-json\/wp\/v2\/types\/post"}],"author":[{"embeddable":true,"href":"https:\/\/www.vincenzopaglia.it\/index.php\/wp-json\/wp\/v2\/users\/2"}],"replies":[{"embeddable":true,"href":"https:\/\/www.vincenzopaglia.it\/index.php\/wp-json\/wp\/v2\/comments?post=21036"}],"version-history":[{"count":0,"href":"https:\/\/www.vincenzopaglia.it\/index.php\/wp-json\/wp\/v2\/posts\/21036\/revisions"}],"wp:featuredmedia":[{"embeddable":true,"href":"https:\/\/www.vincenzopaglia.it\/index.php\/wp-json\/wp\/v2\/media\/27566"}],"wp:attachment":[{"href":"https:\/\/www.vincenzopaglia.it\/index.php\/wp-json\/wp\/v2\/media?parent=21036"}],"wp:term":[{"taxonomy":"category","embeddable":true,"href":"https:\/\/www.vincenzopaglia.it\/index.php\/wp-json\/wp\/v2\/categories?post=21036"},{"taxonomy":"post_tag","embeddable":true,"href":"https:\/\/www.vincenzopaglia.it\/index.php\/wp-json\/wp\/v2\/tags?post=21036"}],"curies":[{"name":"wp","href":"https:\/\/api.w.org\/{rel}","templated":true}]}}