{"id":20892,"date":"2015-08-14T23:41:04","date_gmt":"2015-08-14T21:41:04","guid":{"rendered":"http:\/\/www.vincenzopaglia.it\/?p=20892"},"modified":"2015-08-14T23:46:06","modified_gmt":"2015-08-14T21:46:06","slug":"no-tengan-miedo-al-matrimonio-cristo-los-acompana-con-su-gracia","status":"publish","type":"post","link":"https:\/\/www.vincenzopaglia.it\/index.php\/no-tengan-miedo-al-matrimonio-cristo-los-acompana-con-su-gracia.html","title":{"rendered":"\u201cNo tengan miedo al matrimonio, Cristo los acompa\u00f1a con su gracia&#8221;"},"content":{"rendered":"<audio class=\"wp-audio-shortcode\" id=\"audio-20892-1\" preload=\"none\" style=\"width: 100%;\" controls=\"controls\"><source type=\"audio\/mpeg\" src=\"http:\/\/www.vincenzopaglia.it\/wp-content\/uploads\/2015\/08\/00488072.mp3?_=1\" \/><a href=\"http:\/\/www.vincenzopaglia.it\/wp-content\/uploads\/2015\/08\/00488072.mp3\">http:\/\/www.vincenzopaglia.it\/wp-content\/uploads\/2015\/08\/00488072.mp3<\/a><\/audio>\n<p>\u201cQueridos j\u00f3venes, no tengan miedo del matrimonio: Cristo acompa\u00f1a con su gracia a los esposos que permanecen unidos a \u00e9l\u201d. Escribe esta ma\u00f1ana el Papa Francisco en su cuenta oficial de Twitter @Pontifex, seguido por m\u00e1s de 22 millones de usuarios en todo el mundo. Sobre la exhortaci\u00f3n del Santo Padre a los j\u00f3venes de hoy y a menos de tres meses del inicio del S\u00ednodo sobre la Familia, el Presidente del Pontificio Consejo para la Familia, el Arzobispo Vincenzo Paglia, explica las palabras del Pont\u00edfice ante los micr\u00f3fonos de Radio Vaticano, el servicio es de nuestro compa\u00f1ero Alessandro Gisotti.<\/p>\n<p>&#8220;Como muchas veces sucede, el Papa Francisco ha acertado. Todos nosotros, en proximidad del S\u00ednodo, sabemos cu\u00e1ntos problemas giran alrededor de este tema del matrimonio, de la familia. Pero el n\u00facleo de fondo es exactamente este: lamentablemente muchos j\u00f3venes tienen miedo de casarse, no porque ellos sean \u2013 como decir \u2013 peores de ayer, \u00a1absolutamente no! Existe una cultura que induce a tener miedo, que provoca este desconcierto sobre las decisiones definitivas por lo cual es f\u00e1cil retroceder. El Papa Francisco repite a los j\u00f3venes hoy: \u201c!NO tengan miedo!\u201d. Es interesante ver que esta afirmaci\u00f3n se repite en la Biblia 365 veces, una al d\u00eda. Entonces, dir\u00eda que esta insistencia cotidiana debe ser el coro que debe resonar en el coraz\u00f3n y en la mente de los j\u00f3venes porque \u2013 de verdad \u2013 si se est\u00e1 unido a Jes\u00fas, el matrimonio, la uni\u00f3n para siempre, logra dar esta estabilidad que en cambio una sociedad demasiado liquida lo impide&#8221;.<\/p>\n<p><strong>Es muy bello que el Papa Francisco utilice el tweet, para animar a los j\u00f3venes, es decir una \u201cmodalidad joven\u201d que viene justamente usada por la juventud, entonces es una modalidad para conectarse con quienes escuchan.<\/strong><\/p>\n<p>Si justamente, en este sentido todav\u00eda una vez m\u00e1s se percibe a un Papa que sale de los esquemas ordinarios, un poco pomposos y solemnes para hacerse cercano a todos. En definitiva, el Papa Francisco cuando nos pide \u201csalir\u201d no lo dice solo en palabras, lo dice tambi\u00e9n con los hechos y tambi\u00e9n con este peque\u00f1o y extraordinario medio que es el tweet, que de todos modos logra tocar un poco la mente y el coraz\u00f3n. \u00a1Esperamos de verdad que llegue al coraz\u00f3n con este tweet!<\/p>\n<p><strong>\u00bfQu\u00e9 cosa puede hacer la Iglesia para evidenciar la belleza del matrimonio en un periodo en el cual, tal vez la cultura muestra m\u00e1s los peligros y las dificultades de formar una familia?<\/strong><\/p>\n<p>S\u00ed, creo yo que la Iglesia tiene un tesoro en este campo: un tesoro espiritual, human\u00edstico, de una incre\u00edble riqueza. Pienso que sea poco conocido y tal vez tambi\u00e9n olvidado. Hoy se tiene necesidad de sacarlo fuera, y representar el matrimonio y la familia no como una opci\u00f3n simplemente por s\u00ed misma, sino como el modo para cambiar el mundo. El matrimonio y la familia no es una opci\u00f3n cerrada en el c\u00edrculo de los propios afectos: es una opci\u00f3n para la sociedad, para el mundo.<\/p>\n<p><a href=\"http:\/\/es.radiovaticana.va\/news\/2015\/07\/28\/%E2%80%9Cno_tengan_miedo_al_matrimonio,_cristo_los_acompa%C3%B1a_con_su\/1161465\">(Renato Martinez &#8211; <strong>Radio Vaticana<\/strong>)<\/a><\/p>\n<p>&nbsp;<\/p>\n","protected":false},"excerpt":{"rendered":"<p>\u201cQueridos j\u00f3venes, no tengan miedo del matrimonio: Cristo acompa\u00f1a con su gracia a los esposos que permanecen unidos a \u00e9l\u201d. Escribe esta ma\u00f1ana el Papa Francisco en su cuenta oficial de Twitter @Pontifex, seguido por m\u00e1s de 22 millones de usuarios en todo el mundo. Sobre la exhortaci\u00f3n del Santo Padre a los j\u00f3venes de [&hellip;]<\/p>\n","protected":false},"author":2,"featured_media":20893,"comment_status":"closed","ping_status":"closed","sticky":false,"template":"","format":"standard","meta":{"footnotes":""},"categories":[17,11],"tags":[],"class_list":["post-20892","post","type-post","status-publish","format-standard","has-post-thumbnail","hentry","category-espanol","category-interviste"],"jetpack_featured_media_url":"https:\/\/www.vincenzopaglia.it\/wp-content\/uploads\/2015\/08\/AFP3864220_Articolo-1.jpg","_links":{"self":[{"href":"https:\/\/www.vincenzopaglia.it\/index.php\/wp-json\/wp\/v2\/posts\/20892","targetHints":{"allow":["GET"]}}],"collection":[{"href":"https:\/\/www.vincenzopaglia.it\/index.php\/wp-json\/wp\/v2\/posts"}],"about":[{"href":"https:\/\/www.vincenzopaglia.it\/index.php\/wp-json\/wp\/v2\/types\/post"}],"author":[{"embeddable":true,"href":"https:\/\/www.vincenzopaglia.it\/index.php\/wp-json\/wp\/v2\/users\/2"}],"replies":[{"embeddable":true,"href":"https:\/\/www.vincenzopaglia.it\/index.php\/wp-json\/wp\/v2\/comments?post=20892"}],"version-history":[{"count":0,"href":"https:\/\/www.vincenzopaglia.it\/index.php\/wp-json\/wp\/v2\/posts\/20892\/revisions"}],"wp:featuredmedia":[{"embeddable":true,"href":"https:\/\/www.vincenzopaglia.it\/index.php\/wp-json\/wp\/v2\/media\/20893"}],"wp:attachment":[{"href":"https:\/\/www.vincenzopaglia.it\/index.php\/wp-json\/wp\/v2\/media?parent=20892"}],"wp:term":[{"taxonomy":"category","embeddable":true,"href":"https:\/\/www.vincenzopaglia.it\/index.php\/wp-json\/wp\/v2\/categories?post=20892"},{"taxonomy":"post_tag","embeddable":true,"href":"https:\/\/www.vincenzopaglia.it\/index.php\/wp-json\/wp\/v2\/tags?post=20892"}],"curies":[{"name":"wp","href":"https:\/\/api.w.org\/{rel}","templated":true}]}}