{"id":20388,"date":"2014-04-01T11:03:08","date_gmt":"2014-04-01T09:03:08","guid":{"rendered":"http:\/\/www.vincenzopaglia.it\/?p=20388"},"modified":"2015-04-16T11:04:36","modified_gmt":"2015-04-16T09:04:36","slug":"la-famiglia-e-leducazione","status":"publish","type":"post","link":"https:\/\/www.vincenzopaglia.it\/index.php\/la-famiglia-e-leducazione.html","title":{"rendered":"La famiglia e l&#8217;educazione"},"content":{"rendered":"<p>Una ragazza rispondeva cos\u00ec ad una intervista qualche tempo fa: \u201c<em>Se sei bella e ti vuoi vendere lo devi poter fare \u2026 perch\u00e9 la bellezza ha un valore, se sei racchia e fai schifo te ne devi stare a casa \u2026 \u00e8 la legge del pi\u00f9 forte, di chi \u00e8 leone. Se sei pecora rimani a casa con 2.000 euro al mese, se vuoi 20.000 euro ti devi mettere sul campo \u2026<\/em>\u201d. Sono parole che rattristano ma che \u2013 nell\u2019epoca della democrazia digitale &#8211; rischiano di rappresentare un qualche modello di libera espressione e quindi di educazione alla vita. E\u2019 urgente raccogliere la sfida educativa. Purtroppo \u00e8 facile oggi lasciare i ragazzi e i giovani a loro stessi con la convinzione che non si debbono imporre regole e comportamenti. Senza dubbio \u00e8 vero. E\u2019 necessario che i ragazzi si convincano dei comportamenti da avere. Ma il problema scoppia quando la libert\u00e0 supera ogni argine. E questo accade spesso oggi e non solo ai ragazzi. Anzi sono i pi\u00f9 grandi spesso a evidenziare il primato dell\u2019io su tutto. Quel che conta \u00e8 ci\u00f2 che desidero e ci\u00f2 che voglio. E\u2019 come scomparsa l\u2019educazione alla responsabilit\u00e0 verso gli altri. La vertigine dell\u2019egoismo ha messo in ombra chi ci sta intorno, dei legami che abbiamo costruito, il rispetto che dobbiamo agli altri. Mi fece impressione un libretto di un sociologo tedesco scritto negli anni Settanta dal titolo molto significativo: \u201cVerso una societ\u00e0 senza padre\u201d. Dopo alcuni decenni \u00e8 diventato realt\u00e0. Uno studioso come Lacan afferma che viviamo ormai in una societ\u00e0 dove \u201c\u00e8 evaporato il padre\u201d, dove non si trova pi\u00f9 un punto autorevole a cui far riferimento e a cui in qualche modo rispondere. In sintesi, si potrebbe dire che siamo diventati tutti pi\u00f9 liberi, ma anche pi\u00f9 soli, appunto senza \u201cpadri\u201d. L\u2019educazione ha bisogno di una figura di riferimento. Abbiamo tutti bisogno di un \u201cpadre\u201d \u2013 e di una \u201cmadre\u201d &#8211; che ci aiutino a crescere in una societ\u00e0 fraterna. In questa prospettiva la famiglia ritrova tutta la sua centralit\u00e0. La famiglia \u00e8 la prima scuola del convivere tra diversi, a partire dai genitori, dalla madre e dal padre. Essi sono due persone diverse che scelgono di unire i loro destini per fare una famiglia ove generare dei figli. E\u2019 la struttura educativa fondamentale. Indebolirla, come oggi spesso in tanti modi accade, \u00e8 pericolosissimo. La famiglia, a motivo della diversit\u00e0 delle presenze e dei compiti, \u00e8 il luogo ideale per crescere come soggetti liberi e allo stesso tempo responsabili degli altri. L\u2019educazione infatti si sostanzia nel coniugare appunto libert\u00e0 e responsabilit\u00e0 per l\u2019edificazione di una societ\u00e0 solidale. E la responsabilit\u00e0 non \u00e8 solo tra genitori e figli, ma anche tra le generazioni con la presenza dei nonni e dei figli dei figli. Nonostante tutte le imperfezioni, nonni e genitori, figli e nipoti, sono chiamati a tessere una tela di relazioni nel rispetto reciproco. E\u2019 ci\u00f2 di cui abbiamo bisogno. Dobbiamo aiutare i nostri ragazzi e i nostri giovani a continuare a tessere questa rete di amicizia e di rispetto. E\u2019 la grande sfida educativo che sta davanti a tutti noi. E la famiglia ne \u00e8 la palestra principale e indispensabile.<\/p>\n<p>&nbsp;<\/p>\n","protected":false},"excerpt":{"rendered":"<p>Una ragazza rispondeva cos\u00ec ad una intervista qualche tempo fa: \u201cSe sei bella e ti vuoi vendere lo devi poter fare \u2026 perch\u00e9 la bellezza ha un valore, se sei racchia e fai schifo te ne devi stare a casa \u2026 \u00e8 la legge del pi\u00f9 forte, di chi \u00e8 leone. Se sei pecora rimani [&hellip;]<\/p>\n","protected":false},"author":2,"featured_media":27566,"comment_status":"closed","ping_status":"closed","sticky":false,"template":"","format":"standard","meta":{"footnotes":""},"categories":[3],"tags":[],"class_list":["post-20388","post","type-post","status-publish","format-standard","has-post-thumbnail","hentry","category-interventi"],"jetpack_featured_media_url":"https:\/\/www.vincenzopaglia.it\/wp-content\/uploads\/2026\/04\/default.jpg","_links":{"self":[{"href":"https:\/\/www.vincenzopaglia.it\/index.php\/wp-json\/wp\/v2\/posts\/20388","targetHints":{"allow":["GET"]}}],"collection":[{"href":"https:\/\/www.vincenzopaglia.it\/index.php\/wp-json\/wp\/v2\/posts"}],"about":[{"href":"https:\/\/www.vincenzopaglia.it\/index.php\/wp-json\/wp\/v2\/types\/post"}],"author":[{"embeddable":true,"href":"https:\/\/www.vincenzopaglia.it\/index.php\/wp-json\/wp\/v2\/users\/2"}],"replies":[{"embeddable":true,"href":"https:\/\/www.vincenzopaglia.it\/index.php\/wp-json\/wp\/v2\/comments?post=20388"}],"version-history":[{"count":0,"href":"https:\/\/www.vincenzopaglia.it\/index.php\/wp-json\/wp\/v2\/posts\/20388\/revisions"}],"wp:featuredmedia":[{"embeddable":true,"href":"https:\/\/www.vincenzopaglia.it\/index.php\/wp-json\/wp\/v2\/media\/27566"}],"wp:attachment":[{"href":"https:\/\/www.vincenzopaglia.it\/index.php\/wp-json\/wp\/v2\/media?parent=20388"}],"wp:term":[{"taxonomy":"category","embeddable":true,"href":"https:\/\/www.vincenzopaglia.it\/index.php\/wp-json\/wp\/v2\/categories?post=20388"},{"taxonomy":"post_tag","embeddable":true,"href":"https:\/\/www.vincenzopaglia.it\/index.php\/wp-json\/wp\/v2\/tags?post=20388"}],"curies":[{"name":"wp","href":"https:\/\/api.w.org\/{rel}","templated":true}]}}