{"id":20352,"date":"2015-03-24T14:20:32","date_gmt":"2015-03-24T13:20:32","guid":{"rendered":"http:\/\/www.vincenzopaglia.it\/?p=20352"},"modified":"2015-03-24T14:22:39","modified_gmt":"2015-03-24T13:22:39","slug":"el-23-de-mayo-sera-beatificado-oscar-romero-en-el-salvador","status":"publish","type":"post","link":"https:\/\/www.vincenzopaglia.it\/index.php\/el-23-de-mayo-sera-beatificado-oscar-romero-en-el-salvador.html","title":{"rendered":"El 23 de mayo ser\u00e1 beatificado Oscar Romero en El Salvador"},"content":{"rendered":"<p>La beatificaci\u00f3n de monse\u00f1or<a href=\"http:\/\/www.elmundo.es\/america\/2009\/11\/06\/noticias\/1257548096.html\"> \u00d3scar Arnulfo Romero y Gald\u00e1mez<\/a>, asesinado en 1980, ser\u00e1 el 23 de mayo pr\u00f3ximo en una plaza de la capital salvadore\u00f1a, seg\u00fan ha anunciado este mi\u00e9rcoles Vincenzo Paglia, enviado del Vaticano y postulador de la causa de Romero ante la Santa Sede.<\/p>\n<p>&#8220;\u00d3scar Arnulfo Romero ser\u00e1 beato y m\u00e1rtir de todos los salvadore\u00f1os y de la Iglesia Universal&#8221;, apunt\u00f3 en conferencia de prensa Paglia, quien antes le inform\u00f3 al presidente Salvador S\u00e1nchez Cer\u00e9n de la decisi\u00f3n del Vaticano. Romero, nacido en 1917, fue <strong>asesinado por escuadrones de la muerte de ultraderecha<\/strong> el 24 de marzo de 1980 al considerarlo &#8220;cura comunista y subversivo&#8221;. Un tiro certero al coraz\u00f3n mat\u00f3 al instante a Romero cuando daba una misa en la capilla de un hospitalito de cancerosos en San Salvador.<\/p>\n<p>Paglia agradeci\u00f3 al papa Francisco por haber declarado a Romero beato y m\u00e1rtir de la Iglesia. Tambi\u00e9n consider\u00f3 a Romero &#8220;un milagro para El Salvador&#8221;, porque hoy es s\u00edmbolo de unidad y de amor a los pobres, para qui\u00e9nes trabaj\u00f3 &#8220;sin l\u00edmites&#8221;.<\/p>\n<p>Por su parte, el presidente S\u00e1nchez Cer\u00e9n recalc\u00f3 que Romero, nacido el 15 de agosto de 1917, es un <strong>s\u00edmbolo de unidad de todos los salvadore\u00f1os<\/strong>, por lo que el gobierno har\u00e1 todas las acciones para garantizar que la ceremonia de beatificaci\u00f3n sea un acontecimiento nacional e internacional de envergadura.<\/p>\n<p>&#8220;Se dar\u00e1n todas las facilidades migratorias y de transporte para todas las peregrinaciones que llegar\u00e1n a El Salvador&#8221;, dijo el presidente S\u00e1nchez Cer\u00e9n.<\/p>\n<p>Romero est\u00e1 sepultado en la cripta de la Catedral Metropolitana desde donde siendo el arzobispo de la di\u00f3cesis de San Salvador denunciaba las violaciones a los derechos humanos que comet\u00edan tanto el ej\u00e9rcito como las guerrillas en la d\u00e9cada de 1970.<\/p>\n<p>(da\u00a0<em><span style=\"text-decoration: underline;\">EL MUNDO)<\/span><\/em><\/p>\n","protected":false},"excerpt":{"rendered":"<p>La beatificaci\u00f3n de monse\u00f1or \u00d3scar Arnulfo Romero y Gald\u00e1mez, asesinado en 1980, ser\u00e1 el 23 de mayo pr\u00f3ximo en una plaza de la capital salvadore\u00f1a, seg\u00fan ha anunciado este mi\u00e9rcoles Vincenzo Paglia, enviado del Vaticano y postulador de la causa de Romero ante la Santa Sede. &#8220;\u00d3scar Arnulfo Romero ser\u00e1 beato y m\u00e1rtir de todos [&hellip;]<\/p>\n","protected":false},"author":2,"featured_media":20353,"comment_status":"closed","ping_status":"closed","sticky":false,"template":"","format":"standard","meta":{"footnotes":""},"categories":[17,7],"tags":[],"class_list":["post-20352","post","type-post","status-publish","format-standard","has-post-thumbnail","hentry","category-espanol","category-rassegna"],"jetpack_featured_media_url":"https:\/\/www.vincenzopaglia.it\/wp-content\/uploads\/2015\/03\/clip_image002.jpg","_links":{"self":[{"href":"https:\/\/www.vincenzopaglia.it\/index.php\/wp-json\/wp\/v2\/posts\/20352","targetHints":{"allow":["GET"]}}],"collection":[{"href":"https:\/\/www.vincenzopaglia.it\/index.php\/wp-json\/wp\/v2\/posts"}],"about":[{"href":"https:\/\/www.vincenzopaglia.it\/index.php\/wp-json\/wp\/v2\/types\/post"}],"author":[{"embeddable":true,"href":"https:\/\/www.vincenzopaglia.it\/index.php\/wp-json\/wp\/v2\/users\/2"}],"replies":[{"embeddable":true,"href":"https:\/\/www.vincenzopaglia.it\/index.php\/wp-json\/wp\/v2\/comments?post=20352"}],"version-history":[{"count":0,"href":"https:\/\/www.vincenzopaglia.it\/index.php\/wp-json\/wp\/v2\/posts\/20352\/revisions"}],"wp:featuredmedia":[{"embeddable":true,"href":"https:\/\/www.vincenzopaglia.it\/index.php\/wp-json\/wp\/v2\/media\/20353"}],"wp:attachment":[{"href":"https:\/\/www.vincenzopaglia.it\/index.php\/wp-json\/wp\/v2\/media?parent=20352"}],"wp:term":[{"taxonomy":"category","embeddable":true,"href":"https:\/\/www.vincenzopaglia.it\/index.php\/wp-json\/wp\/v2\/categories?post=20352"},{"taxonomy":"post_tag","embeddable":true,"href":"https:\/\/www.vincenzopaglia.it\/index.php\/wp-json\/wp\/v2\/tags?post=20352"}],"curies":[{"name":"wp","href":"https:\/\/api.w.org\/{rel}","templated":true}]}}