{"id":20349,"date":"2015-03-24T14:16:45","date_gmt":"2015-03-24T13:16:45","guid":{"rendered":"http:\/\/www.vincenzopaglia.it\/?p=20349"},"modified":"2015-03-24T14:16:45","modified_gmt":"2015-03-24T13:16:45","slug":"el-arzobispo-salvadoreno-oscar-romero-sera-beatificado-el-23-de-mayo-2","status":"publish","type":"post","link":"https:\/\/www.vincenzopaglia.it\/index.php\/el-arzobispo-salvadoreno-oscar-romero-sera-beatificado-el-23-de-mayo-2.html","title":{"rendered":"El arzobispo salvadore\u00f1o Oscar Romero ser\u00e1 beatificado el 23 de mayo"},"content":{"rendered":"<p>El arzobispo de San Salvador Oscar Arnulfo Romero, asesinado en 1980, ser\u00e1 beatificado el 23 de mayo pr\u00f3ximo, confirm\u00f3 hoy en la capital salvadore\u00f1a el postulador de su causa en el Vaticano, Vincenzo Paglia.<\/p>\n<p>\u201cEl 23 de mayo de este a\u00f1o, monse\u00f1or Romero ser\u00e1 proclamado beato en San Salvador\u201d, expres\u00f3 Paglia ante la prensa junto al presidente salvadore\u00f1o, Salvador S\u00e1nchez Cer\u00e9n, despu\u00e9s de que ambos se reunieran en privado en la Casa Presidencial, informa Efe<\/p>\n<p>La ceremonia de beatificaci\u00f3n de Romero se celebrar\u00e1 en la plaza del Divino Salvador del Mundo, de la capital salvadore\u00f1a, seg\u00fan anunci\u00f3 la Conferencia Episcopal de El Salvador el mes pasado.<\/p>\n<p>El acto religioso se celebrar\u00e1 con una eucarist\u00eda presidida por el cardenal Angelo Amato, prefecto de la Congregaci\u00f3n para la Causa de los Santos del Vaticano.<\/p>\n<p>Paglia manifest\u00f3 que esta beatificaci\u00f3n es un don extraordinario para toda la iglesia en el mundo y en especial para todo El Salvador, porque \u201cRomero desde el cielo se ha convertido en el pastor bueno y beato que une hoy a todo su pueblo, por el cual dio su propia vida\u201d.<\/p>\n<p>Calific\u00f3 como un \u201csigno de la providencia\u201d el hecho de que la Congregaci\u00f3n para la Causa de los Santos haya dado el consentimiento un\u00e1nime a la tesis de que monse\u00f1or Romero fue asesinado por odio a la fe.<\/p>\n<p>Paglia a\u00f1adi\u00f3 que \u201cel simbolismo de la muerte de monse\u00f1or Romero \u201cha hecho de \u00e9l un testigo elocuente de que el amor por los pobres no conoce l\u00edmites\u201d.<\/p>\n<p>Por su parte, el presidente S\u00e1nchez Cer\u00e9n destac\u00f3 que \u201cen El Salvador del Mundo lo que existir\u00e1 el pr\u00f3ximo 23 de mayo ser\u00e1 una alegr\u00eda profunda, una gran muestra de fe\u201d, por la beatificaci\u00f3n del arzobispo m\u00e1rtir.<\/p>\n<p>Subray\u00f3 que \u201cen El Salvador hay un proceso de reconciliaci\u00f3n\u201d, y que la figura de monse\u00f1or Romero es la que \u201creconcilia a la sociedad\u201d, despu\u00e9s de la guerra civil que vivi\u00f3 el pa\u00eds entre 1980 y 1992.<\/p>\n<p>S\u00e1nchez Cer\u00e9n calific\u00f3 de \u201chist\u00f3rico\u201d este \u201cglorioso suceso\u201d y reconoci\u00f3 el trabajo realizado por monse\u00f1or Paglia para hacer realidad la beatificaci\u00f3n del m\u00e1s universal de los salvadore\u00f1os y gu\u00eda espiritual de la naci\u00f3n.<\/p>\n<p>\u201cA trav\u00e9s de su fe (de monse\u00f1or Romero) y de esa labor hacia las personas m\u00e1s necesitadas se puede construir un mundo nuevo de esperanza y de optimismo\u201d, dijo el presidente salvadore\u00f1o en la conferencia realizada en el Sal\u00f3n de Honor Presidencial Monse\u00f1or \u00d3scar Arnulfo Romero, en la sede del Gobierno.<\/p>\n<p>El gobernante salvadore\u00f1o subray\u00f3 que \u201cesta beatificaci\u00f3n tambi\u00e9n se convierte en un milagro para El Salvador, porque esto nos permite, a partir de su pensamiento, tratar de unir el pa\u00eds y enfrentar los nuevos retos que tenemos\u201d.<\/p>\n<p>Agreg\u00f3 que \u201cno dudo que si monse\u00f1or estuviera vivo, as\u00ed como est\u00e1 su obra, \u00e9l estuviera al frente de esa b\u00fasqueda de unir voluntades para llevar paz a nuestras familia\u201d.<\/p>\n<p>\u201cMonse\u00f1or Romero es un hijo que engrandece a este pa\u00eds. Su obra y doctrina ha llegado a rincones m\u00e1s alejados del mundo y ha convertido su vida en una esperanza para la humanidad\u201d, asegur\u00f3 el jefe de Estado.<\/p>\n<p>S\u00e1nchez Cer\u00e9n mostr\u00f3 el compromiso de respaldar a la iglesia Cat\u00f3lica \u201cpara garantizar que la ceremonia de beatificaci\u00f3n sea una fiesta nacional e internacional, de tal forma que todas las personas que quieran participar puedan recibir la bendici\u00f3n que significa la beatificaci\u00f3n de monse\u00f1or Romero\u201d.<\/p>\n<p>Junto al Presidente y monse\u00f1or Paglia estuvieron presentes durante la conferencia el arzobispo de San Salvador, monse\u00f1or Jos\u00e9 Luis Escobar Alas, el nuncio apost\u00f3lico, L\u00e9on Kalenga, y el canciller Hugo Mart\u00ednez.<\/p>\n<p>Romero, que se caracteriz\u00f3 por defender a los m\u00e1s pobres y desprotegidos, fue asesinado el 24 de marzo de 1980 por un francotirador desconocido cuando celebraba una misa en la capilla del hospital de c\u00e1ncer La Divina Providencia de San Salvador, meses antes del estallido del conflicto armado.<\/p>\n<p>El papa Francisco aprob\u00f3 el pasado 3 de febrero el decreto para la beatificaci\u00f3n del arzobispo Romero, en el que se reconoce el \u201cmartirio\u201d del arzobispo \u201cin odium fidei\u201d, es decir, que fue asesinado por \u201codio a la fe\u201d.<em> EFE<\/em><\/p>\n<p>(da\u00a0<span style=\"text-decoration: underline;\">LA RAZ\u00d3N)<\/span><\/p>\n","protected":false},"excerpt":{"rendered":"<p>El arzobispo de San Salvador Oscar Arnulfo Romero, asesinado en 1980, ser\u00e1 beatificado el 23 de mayo pr\u00f3ximo, confirm\u00f3 hoy en la capital salvadore\u00f1a el postulador de su causa en el Vaticano, Vincenzo Paglia. \u201cEl 23 de mayo de este a\u00f1o, monse\u00f1or Romero ser\u00e1 proclamado beato en San Salvador\u201d, expres\u00f3 Paglia ante la prensa junto [&hellip;]<\/p>\n","protected":false},"author":2,"featured_media":20350,"comment_status":"closed","ping_status":"closed","sticky":false,"template":"","format":"standard","meta":{"footnotes":""},"categories":[17,7],"tags":[],"class_list":["post-20349","post","type-post","status-publish","format-standard","has-post-thumbnail","hentry","category-espanol","category-rassegna"],"jetpack_featured_media_url":"https:\/\/www.vincenzopaglia.it\/wp-content\/uploads\/2015\/03\/clip_image0011.jpg","_links":{"self":[{"href":"https:\/\/www.vincenzopaglia.it\/index.php\/wp-json\/wp\/v2\/posts\/20349","targetHints":{"allow":["GET"]}}],"collection":[{"href":"https:\/\/www.vincenzopaglia.it\/index.php\/wp-json\/wp\/v2\/posts"}],"about":[{"href":"https:\/\/www.vincenzopaglia.it\/index.php\/wp-json\/wp\/v2\/types\/post"}],"author":[{"embeddable":true,"href":"https:\/\/www.vincenzopaglia.it\/index.php\/wp-json\/wp\/v2\/users\/2"}],"replies":[{"embeddable":true,"href":"https:\/\/www.vincenzopaglia.it\/index.php\/wp-json\/wp\/v2\/comments?post=20349"}],"version-history":[{"count":0,"href":"https:\/\/www.vincenzopaglia.it\/index.php\/wp-json\/wp\/v2\/posts\/20349\/revisions"}],"wp:featuredmedia":[{"embeddable":true,"href":"https:\/\/www.vincenzopaglia.it\/index.php\/wp-json\/wp\/v2\/media\/20350"}],"wp:attachment":[{"href":"https:\/\/www.vincenzopaglia.it\/index.php\/wp-json\/wp\/v2\/media?parent=20349"}],"wp:term":[{"taxonomy":"category","embeddable":true,"href":"https:\/\/www.vincenzopaglia.it\/index.php\/wp-json\/wp\/v2\/categories?post=20349"},{"taxonomy":"post_tag","embeddable":true,"href":"https:\/\/www.vincenzopaglia.it\/index.php\/wp-json\/wp\/v2\/tags?post=20349"}],"curies":[{"name":"wp","href":"https:\/\/api.w.org\/{rel}","templated":true}]}}