{"id":20346,"date":"2015-03-24T14:14:05","date_gmt":"2015-03-24T13:14:05","guid":{"rendered":"http:\/\/www.vincenzopaglia.it\/?p=20346"},"modified":"2015-03-24T14:14:33","modified_gmt":"2015-03-24T13:14:33","slug":"exarzobispo-salvadoreno-monsenor-romero-sera-beato-el-23-de-mayo","status":"publish","type":"post","link":"https:\/\/www.vincenzopaglia.it\/index.php\/exarzobispo-salvadoreno-monsenor-romero-sera-beato-el-23-de-mayo.html","title":{"rendered":"Exarzobispo salvadore\u00f1o monse\u00f1or Romero ser\u00e1 beato el 23 de mayo"},"content":{"rendered":"<p>San Salvador. ACAN-EFE. El arzobispo de San Salvador \u00d3scar Arnulfo Romero, asesinado en 1980, <a href=\"http:\/\/www.nacion.com\/mundo\/centroamerica\/Salvador-celebra-pronta-beatificacion-Romero_0_1467653236.html\">ser\u00e1 beatificado<\/a> el 23 de mayo , confirm\u00f3 ayer en la capital salvadore\u00f1a el postulador de su causa en el Vaticano, Vincenzo Paglia.<\/p>\n<p>\u201cEl 23 de mayo de este a\u00f1o, monse\u00f1or Romero ser\u00e1 proclamado beato en San Salvador\u201d, expres\u00f3 Paglia ante la prensa, junto al presidente salvadore\u00f1o, Salvador S\u00e1nchez Cer\u00e9n, luego de que ambos se reunieran en privado en la Casa Presidencial.<\/p>\n<p>La ceremonia de beatificaci\u00f3n de Romero se celebrar\u00e1 en la plaza del Divino Salvador del Mundo, de la capital salvadore\u00f1a, anunci\u00f3 la Conferencia Episcopal el 22 de febrero.<\/p>\n<p>El acto se celebrar\u00e1 con una eucarist\u00eda presidida por el cardenal Angelo Amato, prefecto de la <a href=\"http:\/\/www.aciprensa.com\/santasede\/causasantos.htm\">Congregaci\u00f3n para las Causas de los Santos del Vaticano<\/a> .<\/p>\n<p>Monse\u00f1or Paglia manifest\u00f3 que esta beatificaci\u00f3n es un don extraordinario para toda la Iglesia en el mundo y en especial para todo El Salvador, porque \u201cRomero desde el cielo se ha convertido en el pastor bueno y beato que une hoy a todo su pueblo, por el cual dio su propia vida\u201d.<\/p>\n<p>Calific\u00f3 como un \u201csigno de la providencia\u201d el hecho de que la Congregaci\u00f3n para las Causas de los Santos haya dado el consentimiento un\u00e1nime a la tesis de que monse\u00f1or Romero fue asesinado por odio a la fe.<\/p>\n<p>S\u00e1nchez y Vincenzo Plagia observan un retrato de Romero. | AFP<\/p>\n<p>Paglia a\u00f1adi\u00f3 que \u201cel simbolismo de la muerte de monse\u00f1or Romero ha hecho de \u00e9l un testigo elocuente de que el amor por los pobres no conoce l\u00edmites\u201d.<\/p>\n<p>Por su parte, S\u00e1nchez destac\u00f3 que \u201cen El Salvador del Mundo lo que existir\u00e1 el 23 de mayo ser\u00e1 una alegr\u00eda profunda, una gran muestra de fe\u201d.<\/p>\n<p>Subray\u00f3 que \u201cen El Salvador hay un proceso de reconciliaci\u00f3n\u201d, y que \u201cla figura de monse\u00f1or Romero es la figura que reconcilia a la sociedad\u201d, despu\u00e9s de la guerra civil que vivi\u00f3 el pa\u00eds entre 1980 y 1992.<\/p>\n<p>S\u00e1nchez Cer\u00e9n calific\u00f3 de \u201chist\u00f3rico\u201d este \u201cglorioso suceso\u201d y reconoci\u00f3 el trabajo realizado por monse\u00f1or Paglia para hacer realidad la beatificaci\u00f3n del m\u00e1s universal de los salvadore\u00f1os<\/p>\n<p>Romero, quien se caracteriz\u00f3 por defender a los m\u00e1s pobres y desprotegidos, fue asesinado el 24 de marzo de 1980 por un francotirador desconocido cuando celebraba una misa en la capilla del hospital de c\u00e1ncer La Divina Providencia de San Salvador, meses antes del estallido del conflicto armado.<\/p>\n<p>El papa Francisco aprob\u00f3 el 3 de febrero el decreto para la beatificaci\u00f3n del arzobispo Romero, y en el que se reconoc\u00eda el \u201cmartirio\u201d del arzobispo in odium fidei ; es decir, que fue asesinado por \u201codio a la fe\u201d.<\/p>\n<p>(da\u00a0<strong><em><span style=\"text-decoration: underline;\">LA NACI\u00d3N COSTARICA)<\/span><\/em><\/strong><\/p>\n","protected":false},"excerpt":{"rendered":"<p>San Salvador. ACAN-EFE. El arzobispo de San Salvador \u00d3scar Arnulfo Romero, asesinado en 1980, ser\u00e1 beatificado el 23 de mayo , confirm\u00f3 ayer en la capital salvadore\u00f1a el postulador de su causa en el Vaticano, Vincenzo Paglia. \u201cEl 23 de mayo de este a\u00f1o, monse\u00f1or Romero ser\u00e1 proclamado beato en San Salvador\u201d, expres\u00f3 Paglia ante [&hellip;]<\/p>\n","protected":false},"author":2,"featured_media":20347,"comment_status":"closed","ping_status":"closed","sticky":false,"template":"","format":"standard","meta":{"footnotes":""},"categories":[17,7],"tags":[],"class_list":["post-20346","post","type-post","status-publish","format-standard","has-post-thumbnail","hentry","category-espanol","category-rassegna"],"jetpack_featured_media_url":"https:\/\/www.vincenzopaglia.it\/wp-content\/uploads\/2015\/03\/clip_image001.jpg","_links":{"self":[{"href":"https:\/\/www.vincenzopaglia.it\/index.php\/wp-json\/wp\/v2\/posts\/20346","targetHints":{"allow":["GET"]}}],"collection":[{"href":"https:\/\/www.vincenzopaglia.it\/index.php\/wp-json\/wp\/v2\/posts"}],"about":[{"href":"https:\/\/www.vincenzopaglia.it\/index.php\/wp-json\/wp\/v2\/types\/post"}],"author":[{"embeddable":true,"href":"https:\/\/www.vincenzopaglia.it\/index.php\/wp-json\/wp\/v2\/users\/2"}],"replies":[{"embeddable":true,"href":"https:\/\/www.vincenzopaglia.it\/index.php\/wp-json\/wp\/v2\/comments?post=20346"}],"version-history":[{"count":0,"href":"https:\/\/www.vincenzopaglia.it\/index.php\/wp-json\/wp\/v2\/posts\/20346\/revisions"}],"wp:featuredmedia":[{"embeddable":true,"href":"https:\/\/www.vincenzopaglia.it\/index.php\/wp-json\/wp\/v2\/media\/20347"}],"wp:attachment":[{"href":"https:\/\/www.vincenzopaglia.it\/index.php\/wp-json\/wp\/v2\/media?parent=20346"}],"wp:term":[{"taxonomy":"category","embeddable":true,"href":"https:\/\/www.vincenzopaglia.it\/index.php\/wp-json\/wp\/v2\/categories?post=20346"},{"taxonomy":"post_tag","embeddable":true,"href":"https:\/\/www.vincenzopaglia.it\/index.php\/wp-json\/wp\/v2\/tags?post=20346"}],"curies":[{"name":"wp","href":"https:\/\/api.w.org\/{rel}","templated":true}]}}