{"id":20273,"date":"2015-03-11T14:40:46","date_gmt":"2015-03-11T13:40:46","guid":{"rendered":"http:\/\/www.vincenzopaglia.it\/?p=20273"},"modified":"2015-03-20T14:44:25","modified_gmt":"2015-03-20T13:44:25","slug":"romero-testimone-dellamore-per-i-poveri","status":"publish","type":"post","link":"https:\/\/www.vincenzopaglia.it\/index.php\/romero-testimone-dellamore-per-i-poveri.html","title":{"rendered":"Romero testimone dell&#8217;amore per i poveri"},"content":{"rendered":"<p>SAN SALVADOR &#8211; L&#8217;applauso esplode improvviso, spontaneo, fragoroso. Monsignor Vincenzo Paglia, postulatore della causa di Oscar Arnulfo Romero non riesce a terminare la frase. Il presidente del Pontificio consiglio per la famiglia fa una lunga pausa mentre la folla di giornalisti ripete: \u201c23 maggio, 23, maggio\u201d.<\/p>\n<p>L\u2019annuncio ufficiale della data della beatificazione dell\u2019arcivescovo martire \u00e8 stato pronunciato in un luogo simbolico: il salone d\u00b4onore del Palazzo presidenziale che l\u2019ex presidente Mauricio Funes volle dedicare a monsignor Romero. L\u00e0 spicca un enorme ritratto di \u201cMonse\u00f1or\u201d \u2013 come i salvadoregni chiamano Romero -, vestito di bianco, come spesso faceva per proteggersi dal caldo avvolgente di El Salvador. Sotto il suo sguardo dipinto, si sono riuniti \u2013 insieme al postulatore Paglia \u2013 l\u2019attuale arcivescovo, Jos\u00e9 Luis Escobar Alas, il nunzio, Le\u00f3n Kalenga, il presidente, Salvador Santos Cer\u00e9n e il ministro degli Esteri Hugo Mart\u00ednez per comunicare al pi\u00f9 piccolo Paese d\u2019America l\u00b4atteso giorno in cui Romero \u201csar\u00e0 sugli altari, come martire della Chiesa universale \u2013 ha detto monsignor Paglia. La celebrazione si svolger\u00e0 in El Salvador e sar\u00e0 presieduta dal cardinale Angelo Amato\u201d.<\/p>\n<p>Il presidente del Pontificio consiglio per la famiglia ha voluto sottolineare come la scelta della beatificazione dell\u00b4arcivescovo, assassinato mentre celebrava la Messa il 24 marzo 1980, abbia ottenuto il consenso unanime sia nelle due commissioni, dei teologi e dei cardinali, nella Congregazione per la causa dei santi. Segno di come la figura di questo \u201ctestimone eloquente dell\u2019amore per i poveri\u201d sia patrimonio dell\u2019intera Chiesa.<\/p>\n<p><a href=\"http:\/\/www.avvenire.it\/Chiesa\/Pagine\/romero-beato-conferenza-stampa-paglia-el-salvador.aspx\"><em>(da <strong>Avvenire<\/strong>)<\/em><\/a><\/p>\n","protected":false},"excerpt":{"rendered":"<p>SAN SALVADOR &#8211; L&#8217;applauso esplode improvviso, spontaneo, fragoroso. Monsignor Vincenzo Paglia, postulatore della causa di Oscar Arnulfo Romero non riesce a terminare la frase. Il presidente del Pontificio consiglio per la famiglia fa una lunga pausa mentre la folla di giornalisti ripete: \u201c23 maggio, 23, maggio\u201d. L\u2019annuncio ufficiale della data della beatificazione dell\u2019arcivescovo martire \u00e8 [&hellip;]<\/p>\n","protected":false},"author":2,"featured_media":20274,"comment_status":"closed","ping_status":"closed","sticky":false,"template":"","format":"standard","meta":{"footnotes":""},"categories":[7],"tags":[],"class_list":["post-20273","post","type-post","status-publish","format-standard","has-post-thumbnail","hentry","category-rassegna"],"jetpack_featured_media_url":"https:\/\/www.vincenzopaglia.it\/wp-content\/uploads\/2015\/03\/Romero375annuncio9_300.jpg","_links":{"self":[{"href":"https:\/\/www.vincenzopaglia.it\/index.php\/wp-json\/wp\/v2\/posts\/20273","targetHints":{"allow":["GET"]}}],"collection":[{"href":"https:\/\/www.vincenzopaglia.it\/index.php\/wp-json\/wp\/v2\/posts"}],"about":[{"href":"https:\/\/www.vincenzopaglia.it\/index.php\/wp-json\/wp\/v2\/types\/post"}],"author":[{"embeddable":true,"href":"https:\/\/www.vincenzopaglia.it\/index.php\/wp-json\/wp\/v2\/users\/2"}],"replies":[{"embeddable":true,"href":"https:\/\/www.vincenzopaglia.it\/index.php\/wp-json\/wp\/v2\/comments?post=20273"}],"version-history":[{"count":0,"href":"https:\/\/www.vincenzopaglia.it\/index.php\/wp-json\/wp\/v2\/posts\/20273\/revisions"}],"wp:featuredmedia":[{"embeddable":true,"href":"https:\/\/www.vincenzopaglia.it\/index.php\/wp-json\/wp\/v2\/media\/20274"}],"wp:attachment":[{"href":"https:\/\/www.vincenzopaglia.it\/index.php\/wp-json\/wp\/v2\/media?parent=20273"}],"wp:term":[{"taxonomy":"category","embeddable":true,"href":"https:\/\/www.vincenzopaglia.it\/index.php\/wp-json\/wp\/v2\/categories?post=20273"},{"taxonomy":"post_tag","embeddable":true,"href":"https:\/\/www.vincenzopaglia.it\/index.php\/wp-json\/wp\/v2\/tags?post=20273"}],"curies":[{"name":"wp","href":"https:\/\/api.w.org\/{rel}","templated":true}]}}