{"id":20075,"date":"2014-07-19T13:50:15","date_gmt":"2014-07-19T11:50:15","guid":{"rendered":"http:\/\/www.vincenzopaglia.it\/?p=20075"},"modified":"2015-01-29T13:57:05","modified_gmt":"2015-01-29T12:57:05","slug":"il-sinodo-non-ribadira-dottrine-ma-trovera-soluzioni","status":"publish","type":"post","link":"https:\/\/www.vincenzopaglia.it\/index.php\/il-sinodo-non-ribadira-dottrine-ma-trovera-soluzioni.html","title":{"rendered":"&#8220;Il sinodo? Non ribadir\u00e0 dottrine, ma trover\u00e0 soluzioni&#8221;"},"content":{"rendered":"<p>di <strong>Giacomo Galeazzi<\/strong><\/p>\n<p>&#8220;Al Sinodo dei vescovi sulla famiglia\u00a0non si tratta semplicemente di ribadire dottrine ma di trovare soluzioni: per i divorziati risposati e per tutti&#8221;. L&#8217;arcivescovo Vincenzo Paglia, presidente del Pontificio Consiglio per la Famiglia indica a &#8220;Vatican Insider&#8221; obiettivi e significati della storica assise di ottobre dedicata alla famiglia e alle sue sfide.<\/p>\n<p><b>Quali sono le prospettive per il Sinodo sulla famiglia?<\/b><\/p>\n<p>&#8220;Il Sinodo deve attrezzarsi come un ospedale da campo per sanare le tante ferite aperte e per sostenere un futuro pi\u00f9 robusto. All&#8217;insegna della misericordia. Sono in campo questioni fondamentali, non pi\u00f9 rinviabili. Quando fu eletto Papa, Karol Wojtyla convoc\u00f2 il suo primo sinodo proprio sulla famiglia poi il 13 maggio 1981 istitu\u00ec il pontificio consiglio per la famiglia e non fu in grado di darne l&#8217;annuncio perch\u00e9 ci fu l&#8217;attentato in piazza San Pietro. Fu come un sigillo. E il giorno della canonizzazione, Francesco ha affidato il sinodo sulla famiglia a Giovanni Paolo II&#8221;.<b><br \/>\n<\/b><\/p>\n<p><b>Perch\u00e9 la famiglia \u00e8 una priorit\u00e0 per la Chiesa?<\/b><\/p>\n<p>&#8220;La famiglia \u00e8 un tema che in qualche modo si impone ai Papi. E i Pontefici lo rilanciano. Benedetto XVI ha aperto il sinodo sulla nuova evangelizzazione con una fondamentale omelia sulla famiglia. Inoltre pi\u00f9 di cento padri sinodali sostennero che la famiglia \u00e8 uno dei soggetti principali della nuova evangelizzazione. Appena ha preso possesso del pontificato, Francesco\u00a0 si \u00e8 trovato sul tavolo il tema della famiglia, esploso proprio durante i lavori del sinodo sulla nuova evangelizzazione. \u00a0E ha deciso di celebrare non uno ma due sinodi sulla famiglia&#8221;.<b><br \/>\n<\/b><\/p>\n<p><b>Base e vertice sono spaccati sulle possibili soluzioni alla questione dei divorziati risposati?<\/b><\/p>\n<p>&#8220;Si tratta evidentemente di una questione che coglie la sensibilit\u00e0 ecclesiale dal basso e che non \u00e8 imposta dall&#8217;alto. In maniera assolutamente inaspettata, i questionati inviati nelle conferenze episcopali hanno ottenuto una grandissima partecipazione da parte dei fedeli di tutto il mondo. Occorre partire da quelle molte migliaia di risposte. Senza dubbio l&#8217;interesse per la famiglia riflette la centralit\u00e0 di questo tema nella vita concreta delle persone. Le attese da parte dei fedeli sono fortissime&#8221;.<\/p>\n<p><b>E&#8217; una discussione tutta interna al mondo cattolico?<\/b><\/p>\n<p>&#8220;Tutt&#8217;altro. E&#8217; singolare ed estremamente significativo che sia le attese sia l&#8217;interesse per il sinodo sulla famiglia vadano ben oltre i confini ecclesiali al punto da incontrare l&#8217;attenzione delle altre Chiese cristiane, delle altre religioni e dello stesso mondo laico. Ovviamente l&#8217;intenzione pastorale di papa Francesco colora il Sinodo di una dimensione di concretezza e suscita attese inusitate prima d&#8217;ora&#8221;.<\/p>\n<p><b>Come reagiranno i vescovi a questa sfida?<\/b><\/p>\n<p>&#8220;Certamente i vescovi si trovano di fronte ad una sfida che \u00e8 eminentemente pastorale e quindi con risvolti, decisioni e linee operative che toccano e riguardano i tanti aspetti della vita che ruotano intorno al matrimonio, alla famiglia e alla vita. Sono fiducioso che saremo all&#8217;altezza della missione che ci attende&#8221;.<\/p>\n<p><a href=\"http:\/\/vaticaninsider.lastampa.it\/inchieste-ed-interviste\/dettaglio-articolo\/articolo\/sinodo-35354\/\"><em>(da <strong>Vatican Insider<\/strong>)<\/em><\/a><\/p>\n","protected":false},"excerpt":{"rendered":"<p>di Giacomo Galeazzi &#8220;Al Sinodo dei vescovi sulla famiglia\u00a0non si tratta semplicemente di ribadire dottrine ma di trovare soluzioni: per i divorziati risposati e per tutti&#8221;. L&#8217;arcivescovo Vincenzo Paglia, presidente del Pontificio Consiglio per la Famiglia indica a &#8220;Vatican Insider&#8221; obiettivi e significati della storica assise di ottobre dedicata alla famiglia e alle sue sfide. [&hellip;]<\/p>\n","protected":false},"author":2,"featured_media":19586,"comment_status":"closed","ping_status":"closed","sticky":false,"template":"","format":"standard","meta":{"footnotes":""},"categories":[11,7],"tags":[],"class_list":["post-20075","post","type-post","status-publish","format-standard","has-post-thumbnail","hentry","category-interviste","category-rassegna"],"jetpack_featured_media_url":"https:\/\/www.vincenzopaglia.it\/wp-content\/uploads\/2014\/10\/122600909-e76f5eed-67fb-48ba-9632-6823029fd7e3.jpg","_links":{"self":[{"href":"https:\/\/www.vincenzopaglia.it\/index.php\/wp-json\/wp\/v2\/posts\/20075","targetHints":{"allow":["GET"]}}],"collection":[{"href":"https:\/\/www.vincenzopaglia.it\/index.php\/wp-json\/wp\/v2\/posts"}],"about":[{"href":"https:\/\/www.vincenzopaglia.it\/index.php\/wp-json\/wp\/v2\/types\/post"}],"author":[{"embeddable":true,"href":"https:\/\/www.vincenzopaglia.it\/index.php\/wp-json\/wp\/v2\/users\/2"}],"replies":[{"embeddable":true,"href":"https:\/\/www.vincenzopaglia.it\/index.php\/wp-json\/wp\/v2\/comments?post=20075"}],"version-history":[{"count":0,"href":"https:\/\/www.vincenzopaglia.it\/index.php\/wp-json\/wp\/v2\/posts\/20075\/revisions"}],"wp:featuredmedia":[{"embeddable":true,"href":"https:\/\/www.vincenzopaglia.it\/index.php\/wp-json\/wp\/v2\/media\/19586"}],"wp:attachment":[{"href":"https:\/\/www.vincenzopaglia.it\/index.php\/wp-json\/wp\/v2\/media?parent=20075"}],"wp:term":[{"taxonomy":"category","embeddable":true,"href":"https:\/\/www.vincenzopaglia.it\/index.php\/wp-json\/wp\/v2\/categories?post=20075"},{"taxonomy":"post_tag","embeddable":true,"href":"https:\/\/www.vincenzopaglia.it\/index.php\/wp-json\/wp\/v2\/tags?post=20075"}],"curies":[{"name":"wp","href":"https:\/\/api.w.org\/{rel}","templated":true}]}}