{"id":20068,"date":"2014-01-08T13:37:18","date_gmt":"2014-01-08T12:37:18","guid":{"rendered":"http:\/\/www.vincenzopaglia.it\/?p=20068"},"modified":"2015-01-29T13:39:27","modified_gmt":"2015-01-29T12:39:27","slug":"monsignor-vincenzo-paglia-coppie-gay-non-sono-famiglie-ma-si-ad-alcuni-diritti","status":"publish","type":"post","link":"https:\/\/www.vincenzopaglia.it\/index.php\/monsignor-vincenzo-paglia-coppie-gay-non-sono-famiglie-ma-si-ad-alcuni-diritti.html","title":{"rendered":"Monsignor Vincenzo Paglia: &#8220;Coppie gay non sono famiglie, ma s\u00ec ad alcuni diritti&#8221;"},"content":{"rendered":"<p>Il ministro del Pontefice, presidente del Pontificio Consiglio per la Famiglia, racconta del suo libro &#8216;La parola di Dio&#8217; edito da Mondadori: &#8220;Un manuale della buona predica sulla scia di Papa Francesco, questo volume vuole aiutare a fare delle prediche fedeli al rapporto tra quello che dice il Vangelo e la vita di ogni giorno. Il grande teologo protestante <span class=\"st\">Barth<\/span> diceva che un cristiano deve avere in una mano la Bibbia e nell&#8217;altra il giornale. Il Papa di affida all&#8217;immediatezza e all&#8217;audacia della parola quando essa riescie a toccare il cuore&#8221;.<\/p>\n<p>&#8220;Le famiglie? Sono una realt\u00e0 che sostiene tutti i popoli e credo che queste realt\u00e0 debbano essere sostenute e aiutate. Le convivenze non famigliari possono assumere diverse forme ma non le chiamerei famiglie; nella stragrande maggioranza dei casi il tema non \u00e8 se la Chiesa riconoscer\u00e0 queste coppie e queste unioni, n\u00e8 se si opporr\u00e0 a una legge, questione che riguarda i governi. Il problema della definizione di famiglia \u00e8 sull&#8217;importanza di non distaccarsi dalla ordinaria concezione antropologica e giuridica; poi si possono riconoscere dei diritti patrimoniali e su questo non c&#8217;\u00e8 nessun dubbio.<\/p>\n<p>Papa Francesco sta cambiando la Chiesa in profondit\u00e0, in quella che oggi \u00e8 una prospettiva missionaria.<\/p>\n<p><strong><a href=\"http:\/\/www.capital.it\/capital\/radio\/programmi\/Capital-All-News\/3713658\/3749300\">ASCOLTA L&#8217;INTERVISTA<\/a><\/strong><\/p>\n","protected":false},"excerpt":{"rendered":"<p>Il ministro del Pontefice, presidente del Pontificio Consiglio per la Famiglia, racconta del suo libro &#8216;La parola di Dio&#8217; edito da Mondadori: &#8220;Un manuale della buona predica sulla scia di Papa Francesco, questo volume vuole aiutare a fare delle prediche fedeli al rapporto tra quello che dice il Vangelo e la vita di ogni giorno. [&hellip;]<\/p>\n","protected":false},"author":2,"featured_media":19394,"comment_status":"closed","ping_status":"closed","sticky":false,"template":"","format":"standard","meta":{"footnotes":""},"categories":[11,7],"tags":[],"class_list":["post-20068","post","type-post","status-publish","format-standard","has-post-thumbnail","hentry","category-interviste","category-rassegna"],"jetpack_featured_media_url":"https:\/\/www.vincenzopaglia.it\/wp-content\/uploads\/2014\/07\/cf791bcee6.jpg","_links":{"self":[{"href":"https:\/\/www.vincenzopaglia.it\/index.php\/wp-json\/wp\/v2\/posts\/20068","targetHints":{"allow":["GET"]}}],"collection":[{"href":"https:\/\/www.vincenzopaglia.it\/index.php\/wp-json\/wp\/v2\/posts"}],"about":[{"href":"https:\/\/www.vincenzopaglia.it\/index.php\/wp-json\/wp\/v2\/types\/post"}],"author":[{"embeddable":true,"href":"https:\/\/www.vincenzopaglia.it\/index.php\/wp-json\/wp\/v2\/users\/2"}],"replies":[{"embeddable":true,"href":"https:\/\/www.vincenzopaglia.it\/index.php\/wp-json\/wp\/v2\/comments?post=20068"}],"version-history":[{"count":0,"href":"https:\/\/www.vincenzopaglia.it\/index.php\/wp-json\/wp\/v2\/posts\/20068\/revisions"}],"wp:featuredmedia":[{"embeddable":true,"href":"https:\/\/www.vincenzopaglia.it\/index.php\/wp-json\/wp\/v2\/media\/19394"}],"wp:attachment":[{"href":"https:\/\/www.vincenzopaglia.it\/index.php\/wp-json\/wp\/v2\/media?parent=20068"}],"wp:term":[{"taxonomy":"category","embeddable":true,"href":"https:\/\/www.vincenzopaglia.it\/index.php\/wp-json\/wp\/v2\/categories?post=20068"},{"taxonomy":"post_tag","embeddable":true,"href":"https:\/\/www.vincenzopaglia.it\/index.php\/wp-json\/wp\/v2\/tags?post=20068"}],"curies":[{"name":"wp","href":"https:\/\/api.w.org\/{rel}","templated":true}]}}