{"id":19954,"date":"2015-01-15T14:48:46","date_gmt":"2015-01-15T13:48:46","guid":{"rendered":"http:\/\/www.vincenzopaglia.it\/?p=19954"},"modified":"2015-01-20T14:51:42","modified_gmt":"2015-01-20T13:51:42","slug":"paglia-in-ascolto-delle-scritture-come-i-discepoli-di-emmaus","status":"publish","type":"post","link":"https:\/\/www.vincenzopaglia.it\/index.php\/paglia-in-ascolto-delle-scritture-come-i-discepoli-di-emmaus.html","title":{"rendered":"Paglia: in ascolto delle Scritture come i discepoli di Emmaus"},"content":{"rendered":"<p>Un&#8217;icona del papa del Concilio, san Giovanni XXIII, apre il libro <em>La Parola di Dio ogni giorno 2015 <\/em>(Francesco Mondadori Editore, 592 pagine, 20 euro). \u00c8 \u00abun piccolo segno di gratitudine per questo santo pastore a cinquanta anni dalla chiusura del Vaticano II\u00bb, scrive il presidente del Pontificio Consiglio per la famiglia, l&#8217;arcivescovo Vincenzo Paglia, nella presentazione del volume di cui lo stesso presule \u00e8 autore. Concilio che, ricorda Paglia, ha indicato \u00abla centralit\u00e0 della Sacra Scrittura per la vita della Chiesa e di ciascun credente\u00bb e ha posto l&#8217;incontro con la Parola come perno \u00abdel rinnovamento della Chiesa\u00bb.<br \/>\nSu questa scia si pone la pubblicazione che rientra nella serie di volumi legati all&#8217;esperienza della Comunit\u00e0 di Sant&#8217;Egidio e che rappresenta una bussola per la preghiera quotidiana riflettendo sulle letture dell&#8217;Anno liturgico. La pubblicazione propone una meditazione sulla Parola di ciascuna giornata. \u00abAccoglierla nel cuore &#8211; annota Paglia &#8211; e metterla in pratica \u00e8 il modo di essere discepoli del Signore Ges\u00f9. Papa Francesco si \u00e8 posto in maniera sorprendente e decisa su questa strada che \u00e8 quella che parte il giorno stesso di Pasqua quando quei due discepoli di Emmaus accettarono di ascoltare lo &#8220;straniero&#8221; che spiegava loro il senso delle Scritture\u00bb.<br \/>\nIl libro \u00e8 legato alla Messa quotidiana. Nelle domeniche e nelle feste vengono commentati da Paglia i brani biblici del ciclo B, con il Vangelo di Matteo che viene letto quasi per interno nel corso dell&#8217;anno. Nei giorni feriali \u00e8 presentata una riflessione sulla prima lettura. La scelta dei testi &#8211; che comprende brani tratti sia dall&#8217;Antico, sia dal Nuovo Testamento &#8211; \u00e8 fatta in base ai\u00a0 diversi tempi liturgici.<br \/>\n\u00abL&#8217;ascolto della parola biblica &#8211; chiarisce l&#8217;arcivescovo &#8211; richiede di legare quella pagina alla vita di ogni giorno, di farla dialogare con il tempo che viviamo perch\u00e9 lo Spirito renda quella Parola fonte di vita nuova. L&#8217;ascolto quotidiano ci rende familiari non solo alla lettura ma anche allo spirito delle pagine bibliche\u00bb. E, prosegue Paglia, \u00abla fedelt\u00e0 all&#8217;ascolto fa crescere anche la comunione fra noi rendendoci parte di un vasto popolo di credenti, quasi un santuario spirituale che non ha confini, che fa salire a Dio la sua preghiera per la salvezza nostra e per la pace tra i popoli\u00bb. La struttura del volume ruota attorno al ritmo della settimana. Fin dai suoi inizi, Sant&#8217;Egidio ha vissuto il Vangelo legato alla vita della citt\u00e0 chiedendosi come sia possibile dialogare con Dio fra i nostri quartieri. Ne \u00e8 nata un&#8217;esperienza &#8211; che il volume presenta &#8211; in cui la scansione della settimana trova il suo culmine nella domenica mentre i giorni feriali sono collegati a memorie fisse tese verso il giorno del Signore. Cos\u00ec il luned\u00ec ha al centro i poveri, i deboli e i sofferenti; il marted\u00ec \u00e8 accompagnato dalla Vergine; il mercoled\u00ec si prega per la Chiesa diffusa nel mondo; il gioved\u00ec si ricordano le confessioni cristiane, quelle d&#8217;Occidente e d&#8217;Oriente, invitando a far crescere la comunione; il venerd\u00ec ha come fulcro la croce e il sabato \u00e8 il giorno dell&#8217;attesa della Risurrezione.<\/p>\n","protected":false},"excerpt":{"rendered":"<p>Un&#8217;icona del papa del Concilio, san Giovanni XXIII, apre il libro La Parola di Dio ogni giorno 2015 (Francesco Mondadori Editore, 592 pagine, 20 euro). \u00c8 \u00abun piccolo segno di gratitudine per questo santo pastore a cinquanta anni dalla chiusura del Vaticano II\u00bb, scrive il presidente del Pontificio Consiglio per la famiglia, l&#8217;arcivescovo Vincenzo Paglia, [&hellip;]<\/p>\n","protected":false},"author":2,"featured_media":19955,"comment_status":"closed","ping_status":"closed","sticky":false,"template":"","format":"standard","meta":{"footnotes":""},"categories":[7],"tags":[],"class_list":["post-19954","post","type-post","status-publish","format-standard","has-post-thumbnail","hentry","category-rassegna"],"jetpack_featured_media_url":"https:\/\/www.vincenzopaglia.it\/wp-content\/uploads\/2015\/01\/avvenire.jpg","_links":{"self":[{"href":"https:\/\/www.vincenzopaglia.it\/index.php\/wp-json\/wp\/v2\/posts\/19954","targetHints":{"allow":["GET"]}}],"collection":[{"href":"https:\/\/www.vincenzopaglia.it\/index.php\/wp-json\/wp\/v2\/posts"}],"about":[{"href":"https:\/\/www.vincenzopaglia.it\/index.php\/wp-json\/wp\/v2\/types\/post"}],"author":[{"embeddable":true,"href":"https:\/\/www.vincenzopaglia.it\/index.php\/wp-json\/wp\/v2\/users\/2"}],"replies":[{"embeddable":true,"href":"https:\/\/www.vincenzopaglia.it\/index.php\/wp-json\/wp\/v2\/comments?post=19954"}],"version-history":[{"count":0,"href":"https:\/\/www.vincenzopaglia.it\/index.php\/wp-json\/wp\/v2\/posts\/19954\/revisions"}],"wp:featuredmedia":[{"embeddable":true,"href":"https:\/\/www.vincenzopaglia.it\/index.php\/wp-json\/wp\/v2\/media\/19955"}],"wp:attachment":[{"href":"https:\/\/www.vincenzopaglia.it\/index.php\/wp-json\/wp\/v2\/media?parent=19954"}],"wp:term":[{"taxonomy":"category","embeddable":true,"href":"https:\/\/www.vincenzopaglia.it\/index.php\/wp-json\/wp\/v2\/categories?post=19954"},{"taxonomy":"post_tag","embeddable":true,"href":"https:\/\/www.vincenzopaglia.it\/index.php\/wp-json\/wp\/v2\/tags?post=19954"}],"curies":[{"name":"wp","href":"https:\/\/api.w.org\/{rel}","templated":true}]}}