{"id":19785,"date":"2014-12-18T11:30:20","date_gmt":"2014-12-18T10:30:20","guid":{"rendered":"http:\/\/www.vincenzopaglia.it\/?p=19785"},"modified":"2014-12-18T15:26:13","modified_gmt":"2014-12-18T14:26:13","slug":"19785","status":"publish","type":"post","link":"https:\/\/www.vincenzopaglia.it\/index.php\/19785.html","title":{"rendered":"Vincenzo Paglia: Pensar que Francisco busca cambios doctrinales es una locura"},"content":{"rendered":"<p><strong>JOS\u00c9 BELTR\u00c1N. \u00c1VILA <\/strong><\/p>\n<p>Expresivo. No puede mantener una conversaci\u00f3n sin gesticular o sin mover las manos. Tampoco puede ofrecer una conferencia sentado en su silla. Un comunicador nato. As\u00ed es Vincenzo Paglia, el ministro vaticano de la Familia. \u201cSoy el obispo m\u00e1s feliz del mundo\u201d, comenta siempre que puede. Y lo contagia. Esta naturalidad a la hora de expresar pensamientos y sentimientos fluye durante el encuentro que mantiene con Vida Nueva en la Universidad Cat\u00f3lica de \u00c1vila, minutos antes de ofrecer una ponencia sobre los ecos del S\u00ednodo Extraordinario de los Obispos, promovida a trav\u00e9s del Instituto Berit de la Familia. \u201cVenir a \u00c1vila ha sido una experiencia que me ha tocado, porque la primera casa de la Comunidad de Sant\u2019Egidio \u2013de la que es fundador\u2013 se levant\u00f3 en la primera fundaci\u00f3n de la reforma de santa Teresa en el centro de Italia\u201d.<\/p>\n<p><strong>\u00bfSon tan relevantes Teresa de \u00c1vila o Juan de la Cruz para la historia de la Iglesia universal como nos creemos por aqu\u00ed?<\/strong><\/p>\n<p>Han tenido y tienen una influencia indiscutible en la Iglesia. Ya sabe que soy el postulador de la causa de monse\u00f1or Romero. Una de las primeras veces que habl\u00e9 del proceso con san Juan Pablo II para profundizar en la dimensi\u00f3n espiritual de \u00d3scar Romero, le lanc\u00e9 al Papa una pregunta: \u201c\u00bfSabe lo que estudi\u00f3 en la Universidad Gregoriana de Roma?\u201d. Le expliqu\u00e9 que se centr\u00f3 en la vida espiritual de san Juan de la Cruz que, precisamente, fue tambi\u00e9n el santo m\u00e1s importante para Wojtyla. F\u00edjese: los dos est\u00e1n unidos en torno a la figura del santo espa\u00f1ol. Esta an\u00e9cdota me permite, adem\u00e1s, subrayar c\u00f3mo Romero no era un te\u00f3logo sistem\u00e1tico, su estructura espiritual era m\u00e1s propia de un m\u00edstico que de un analista. Su compromiso con los pobres no descend\u00eda de un an\u00e1lisis pol\u00edtico, social o filos\u00f3fico. Nac\u00eda directamente de una espiritualidad evang\u00e9lica, la misma fuente que Juan Pablo II.<\/p>\n<p><strong>Sin embargo, hay quien ha tirado de argumentos pol\u00edticos para presentarlo como un personaje contradictorio.<\/strong><\/p>\n<p>Romero no es contradictorio. Fue un pastor, un m\u00edstico. No analizaba, se apasionaba. Ni tan siquiera divid\u00eda el mundo entre tesis y ant\u00edtesis. Simplemente, quer\u00eda seguir a un Jes\u00fas que da la vida por nosotros.<\/p>\n<p><strong>Intuyo que le resultar\u00e1 dif\u00edcil no apasionarse llevando este proceso\u2026\u00a0<\/strong><\/p>\n<p>Me ha resultado imposible mantenerme al margen sin que me afectara.<\/p>\n<p><strong>\u00bfC\u00f3mo va de verdad el proceso de beatificaci\u00f3n de monse\u00f1or Romero?<\/strong><\/p>\n<p>Muy bien. Estamos en la fase final.<\/p>\n<p><strong>\u00bfLo ve cerca?<\/strong><\/p>\n<p>Estamos concluyendo la causa.<\/p>\n<p><b>\u00bfQu\u00e9 ha pasado realmente en el S\u00ednodo de la Familia?<\/b><\/p>\n<p>El S\u00ednodo de la Familia es el fruto de una intuici\u00f3n espiritual y prof\u00e9tica del Papa. Se nota que est\u00e1 impulsado por el Esp\u00edritu Santo, pues ha abierto los ojos y el coraz\u00f3n de <b>Francisco<\/b> para mostrar a la Iglesia y a la sociedad de nuestros d\u00edas la importancia crucial de la familia. En una situaci\u00f3n contradictoria de un mundo que es a la vez globalizado e individualista, la familia es el \u00fanico lugar donde se puede aprender la convivencia pac\u00edfica entre personas diversas. El S\u00ednodo contiene esta profec\u00eda, y a nosotros nos corresponde ahora acogerla o analizarla.<\/p>\n<p><strong>Da la impresi\u00f2 de que cost\u00f2 acoger esta profec\u00eca en el aula sinodal&#8230; <b>\u00bf<\/b>Fue tan acalorado del debate?<\/strong><\/p>\n<p>Somos coscientes de que estamos abordando una cuest\u00f2n enorme. El debate del S\u00ecnodo &#8211; que los medios han exagerado &#8211; es un reflejo de la relevancia del problema que abordamos. Para mi gusto, ten\u00ecamos que haber debatido todav\u00eca m\u00e0s. Debr\u00ecamos ener miles de &#8220;Avilas&#8221; \u00a0para llegar a octubre de 2015 con un patrimonio mas rico de reflexiones, porque estamos abordando el punto mas crucial de la cultura contempor\u00e0nea.<\/p>\n<p><strong>Los temas que han atra\u00ecdo el foco medi\u00e0tico han sido los relacionados con la comuni\u00f2n de los divorciados vuueltos a casar y con los homosexuales&#8230;<\/strong><\/p>\n<p>Son temas secundarios. Yo tengo muchos amigos homosexuales. Son hijos de Dios y tienen la dignitad de ser hijos de Dios y nadie est\u00e0 excludido de su amor, esto tiene que quedar muy claro. Da ahi a llamar matrimonio a los uniones homosexuales lo considero una mentira.<\/p>\n<p><strong>\u00bfQu\u00e8 asuntos la preocupan m\u00e0s?<\/strong><\/p>\n<p>La desestructuracion del triptico fundamental del a Creac\u00econ: matrimonio, familia y vida. Hoy este conepto es\u00e0 &#8220;Deconstruido&#8221;. Dios ha creado la familia como c\u00e8lula b\u00e0sica de la sociedad, mientras que nosotros hoy emos recostruido estos principios a nuestra medida. Lo que vemos es punta del iceberg: nos estamos dirigendo hacia una sociedad desfamalirizada, donde el iben com\u00f9n ha desaparecido y solo interesa el individuo. En mucos casos estamos abordando los probolemas sin acercarnos a estudiar cu\u00e0l es la verdera fuente de esos problemas.<\/p>\n<p><strong>Tempoco la Iglesia parece dar con la f\u00f2rmula para comunicarlo&#8230;<\/strong><\/p>\n<p>La Iglesia debe redescubrir una nueva estrategia pastoral para mostrar el mundo que la familia no es una prisi\u00f2n, sino una buena noticia para todos. El primer documento del Sinodo deber\u00eca ser una demostraci\u00f2n de la belleza de la familia cristiana. Esto implica repensar globalmente la misma pastoral de la Iglesia. no es prof\u00e8tico renovar la pastoral de la familia, es necesario repensar toda la pastoral desde la perspectiva familiar. Es m\u00e0s, si la Iglesi es capaz de mostrarse al mundo como una familia, ayudar\u00e0 a la sociedad a convertirse en una familia.<\/p>\n<p><strong>La Iglesia como familia. Le palnteo:\u00a0\u00bfla Curia es una familia?<\/strong><\/p>\n<p>Es un problema mayor de la Iglesia un excesivo &#8220;famlismo&#8221; de la familia. Vivimos una excesiva curializaci\u00f2n de las parroquias, de la Iglesia en s\u00ec. Tenemos que ayudar a que la Iglesia sea m\u00e0s familiar y a que las familias sean m\u00e0s eclesiales. M\u00e0s amor, m\u00e0s solidaridad, menos individualismo. Son la v\u00ecas de papa Francisco.<\/p>\n<p><strong>Da la sensaci\u00f2n de que no est\u00e0 resultado nada f\u00e0cil cuaje. Baste ver la palabras del cardenal Burke, al insinuar che &#8220;la nave de la Iglesia ha perdido la br\u00f9jula&#8221;.<\/strong><\/p>\n<p>Yo las considero solo oposiciones secundarias. La verdadera oposici\u00f2n no son algunos cardenales ni determinadas personas. La veradera oposici\u00f2n es la respusta en voz baja de la quienes buscan dar continuidad a lo que ha sido as\u00ec siempre. Cuanto m\u00e0s tomemos el espiritu del papa Francisco, mas serviremos a la Iglesia y a la sociedad. Tenemos que sentir el olor del rebano, y yo quiero que todos los obispos y los fieles sientan ese olor del Papa. Hay que salir pos los caminos del mundo y, por ejemplo, venir a Avila y decirle a todos los cristianos que hay que ir m\u00e0as all\u00e0 de su esplendida muralla.<\/p>\n<p><strong>Salir fuera. Pero, en temas de familia\u00a0\u00bfc\u00f2mo mostrarle a una sociedad que la vida es un derecho, cuando considera que el aborto es el derecho?<\/strong><\/p>\n<p>Me remito aqui \u00a0a una bellissima homilia de monsenor Romero. Oficiaba un funeral cuando record\u00f2 c\u00f2mo el vaticano II llamaba a todos los cristianos a se rmartires, entendido como un acto de dar vida. Y ponia como ejemplo a la madre que concibe a un nino, quel o cuida en su seno y lo da a luz. A partir de ahi, you reflexiono: Como hablar contra el aborto? Repetir la doctrina no sirve de nada. Son las madres la que tienen que hablar y nosotros tenemos que ayidarlas a que hablen. es su testimonio el que derrotar\u00e0 la tristeza del aborto, que mata a los ninos y al espiritu de esas madres. Si la Iglesia tiene que anadir algo puede remitirse a la Madre Teresa: dejadles que nazcan y yo los cojo.<\/p>\n<p><strong>\u00bfDe d\u00f2nde nace ese miedo latente a pensar que los cambios pastorales que persigue Francisco esconden detr\u00e0s cambios doctrinales?<\/strong><\/p>\n<p>Son tonterias, una locura. Es una tentacion del diablo que se viste de defensor de la fe.<\/p>\n<p>&nbsp;<\/p>\n<p>&nbsp;<\/p>\n<p>&nbsp;<\/p>\n<p>&nbsp;<\/p>\n<p>&#8211; See more at: http:\/\/www.vidanueva.es\/2014\/11\/13\/vincenzo-paglia-pensar-que-francisco-busca-cambios-doctrinales-es-una-locura-2\/#sthash.YJq83l75.dpuf<\/p>\n","protected":false},"excerpt":{"rendered":"<p>JOS\u00c9 BELTR\u00c1N. \u00c1VILA Expresivo. No puede mantener una conversaci\u00f3n sin gesticular o sin mover las manos. Tampoco puede ofrecer una conferencia sentado en su silla. Un comunicador nato. As\u00ed es Vincenzo Paglia, el ministro vaticano de la Familia. \u201cSoy el obispo m\u00e1s feliz del mundo\u201d, comenta siempre que puede. Y lo contagia. Esta naturalidad a [&hellip;]<\/p>\n","protected":false},"author":2,"featured_media":19783,"comment_status":"closed","ping_status":"closed","sticky":false,"template":"","format":"standard","meta":{"footnotes":""},"categories":[17,11],"tags":[],"class_list":["post-19785","post","type-post","status-publish","format-standard","has-post-thumbnail","hentry","category-espanol","category-interviste"],"jetpack_featured_media_url":"https:\/\/www.vincenzopaglia.it\/wp-content\/uploads\/2014\/12\/SILUETA_Paglia_retoque-e1415796622902.jpg","_links":{"self":[{"href":"https:\/\/www.vincenzopaglia.it\/index.php\/wp-json\/wp\/v2\/posts\/19785","targetHints":{"allow":["GET"]}}],"collection":[{"href":"https:\/\/www.vincenzopaglia.it\/index.php\/wp-json\/wp\/v2\/posts"}],"about":[{"href":"https:\/\/www.vincenzopaglia.it\/index.php\/wp-json\/wp\/v2\/types\/post"}],"author":[{"embeddable":true,"href":"https:\/\/www.vincenzopaglia.it\/index.php\/wp-json\/wp\/v2\/users\/2"}],"replies":[{"embeddable":true,"href":"https:\/\/www.vincenzopaglia.it\/index.php\/wp-json\/wp\/v2\/comments?post=19785"}],"version-history":[{"count":0,"href":"https:\/\/www.vincenzopaglia.it\/index.php\/wp-json\/wp\/v2\/posts\/19785\/revisions"}],"wp:featuredmedia":[{"embeddable":true,"href":"https:\/\/www.vincenzopaglia.it\/index.php\/wp-json\/wp\/v2\/media\/19783"}],"wp:attachment":[{"href":"https:\/\/www.vincenzopaglia.it\/index.php\/wp-json\/wp\/v2\/media?parent=19785"}],"wp:term":[{"taxonomy":"category","embeddable":true,"href":"https:\/\/www.vincenzopaglia.it\/index.php\/wp-json\/wp\/v2\/categories?post=19785"},{"taxonomy":"post_tag","embeddable":true,"href":"https:\/\/www.vincenzopaglia.it\/index.php\/wp-json\/wp\/v2\/tags?post=19785"}],"curies":[{"name":"wp","href":"https:\/\/api.w.org\/{rel}","templated":true}]}}