{"id":19782,"date":"2014-12-18T11:27:57","date_gmt":"2014-12-18T10:27:57","guid":{"rendered":"http:\/\/www.vincenzopaglia.it\/?p=19782"},"modified":"2014-12-18T13:22:11","modified_gmt":"2014-12-18T12:22:11","slug":"vincenzo-paglia-pensare-che-francesco-cerca-cambiamenti-dottrinali-e-una-follia","status":"publish","type":"post","link":"https:\/\/www.vincenzopaglia.it\/index.php\/vincenzo-paglia-pensare-che-francesco-cerca-cambiamenti-dottrinali-e-una-follia.html","title":{"rendered":"Vincenzo Paglia: &#8220;Pensare che Francesco cerchi cambiamenti dottrinali \u00e8 una follia&#8221;"},"content":{"rendered":"<p><strong>JOSE BELTRAN. AVILA<\/strong><\/p>\n<p>Espressivo. Non pu\u00f2 avere una conversazione senza gesti o senza muovere le mani. N\u00e9 pu\u00f2 tenere una conferenza seduto nella sua sedia. Un comunicatore nato. Cos\u00ec Vincenzo Paglia, il ministro vaticano della Famiglia. \u00a0&#8220;Sono il vescovo pi\u00f9 felice del mondo&#8221;, dice ogni volta che pu\u00f2. Ed \u00e8 contagioso.\u00a0Questa naturalezza nell&#8217;esprimere pensieri e sentimenti scorre durante la riunione con New Life in Universit\u00e0 Cattolica di \u00c1vila, pochi minuti prima di dare una presentazione su gli echi del Sinodo straordinario dei Vescovi promosso attraverso Berit Institute Famiglia. &#8220;Venire\u00a0\u00a0a Avila \u00e8 stata un&#8217;esperienza che mi ha toccato, perch\u00e9 la prima casa della Comunit\u00e0 di Sant&#8217;Egidio\u00a0&#8211; \u00a0di cui\u00a0\u00e8 il fondatore &#8211; \u00e8 ata\u00a0nella prima fondazione della riforma di Santa Teresa\u00a0nel centro Italia&#8221;.<\/p>\n<p><strong>Quindi sono rilevanti\u00a0Teresa d&#8217;Avila e Giovanni della Croce per la storia della Chiesa universale?<\/strong><\/p>\n<p>Essi hanno avuto e hanno un innegabile influsso sulla Chiesa. Lo sai che sono il postulatore della causa di monsignor Romero. Una delle prime volte che ho parlato del processo con Giovanni Paolo II per approfondire la dimensione spirituale di Oscar Romero, dissi\u00a0al Papa: &#8220;Sai cosa ha studiato presso l&#8217;Universit\u00e0 Gregoriana di Roma?\u00bb. Ho spiegato che si era concentrato\u00a0sulla vita spirituale di san Giovanni della Croce, appunto, che \u00e8 stato anche il pi\u00f9 importante santo per Wojtyla. Nota: i due sono uniti attorno alla figura del santo spagnolo. Questa storia mi permette inoltre di sottolineare come Romero non fosse\u00a0un teologo sistematico, la sua struttura spirituale era pi\u00f9 simile a un mistico che un analista. Il suo impegno per i poveri non derivava\u00a0da una analisi politica, sociale e filosofico, ma sorgeva direttamente da una spiritualit\u00e0 evangelica, la stessa fonte che ebbe Giovanni Paolo II.<\/p>\n<p><strong>Tuttavia, alcuni hanno usato\u00a0argomenti politici per presentarlo\u00a0come un personaggio contraddittorio.<\/strong><\/p>\n<p>Romero non \u00e8 contraddittorio. Era un pastore, un mistico. Non ha analizzato\u00a0si \u00e8 appassionato. Non ha\u00a0diviso il mondo tra tesi e antitesi. Voleva solo seguire Ges\u00f9 che d\u00e0 la sua vita per noi.<\/p>\n<p><strong>Ho la sensazione che sar\u00e0 difficile non appassionarsi continuando\u00a0questo processo&#8230;<\/strong><\/p>\n<p>Mi \u00e8 stato impossibile restare ai margini senza restarne profondamente colpito.<\/p>\n<p><strong>Come\u00a0procede in realt\u00e0\u00a0il processo di beatificazione di monsignor Romero?<\/strong><\/p>\n<p>Ottimo. Siamo nella fase finale.<\/p>\n<p><strong>Lo vede vicino?<\/strong><\/p>\n<p>Stiamo concludendo la causa.<\/p>\n<p><b>Cosa \u00e8 accaduto realmente\u00a0\u00a0al Sinodo della Famiglia?<\/b><\/p>\n<p>Il Sinodo della famiglia \u00e8 il frutto di un&#8217;intuizione spirituale e profetica di Papa. Va sottolineato\u00a0che \u00e8 guidato dallo Spirito Santo, che\u00a0ha aperto gli occhi e il cuore di Francesco\u00a0per mostrare alla Chiesa e alla societ\u00e0 di oggi l&#8217;importanza cruciale della famiglia. In una situazione contraddittoria di un mondo che \u00e8 al\u00a0tempo stesso globalizzato e individualistico, la famiglia \u00e8 l&#8217;unico posto dove si pu\u00f2 imparare la convivenza pacifica tra persone diverse. Il Sinodo ha questa profezia, e il nostro compito \u00e8 quello di accettarla o analizzarla.<\/p>\n<p>&#8211; See more at: http:\/\/www.vidanueva.es\/2014\/11\/13\/vincenzo-paglia-pensar-que-francisco-busca-cambios-doctrinales-es-una-locura-2\/#sthash.rYKaxR4m.dpuf<\/p>\n","protected":false},"excerpt":{"rendered":"<p>JOSE BELTRAN. AVILA Espressivo. Non pu\u00f2 avere una conversazione senza gesti o senza muovere le mani. N\u00e9 pu\u00f2 tenere una conferenza seduto nella sua sedia. Un comunicatore nato. Cos\u00ec Vincenzo Paglia, il ministro vaticano della Famiglia. \u00a0&#8220;Sono il vescovo pi\u00f9 felice del mondo&#8221;, dice ogni volta che pu\u00f2. Ed \u00e8 contagioso.\u00a0Questa naturalezza nell&#8217;esprimere pensieri e [&hellip;]<\/p>\n","protected":false},"author":2,"featured_media":19783,"comment_status":"closed","ping_status":"closed","sticky":false,"template":"","format":"standard","meta":{"footnotes":""},"categories":[11],"tags":[],"class_list":["post-19782","post","type-post","status-publish","format-standard","has-post-thumbnail","hentry","category-interviste"],"jetpack_featured_media_url":"https:\/\/www.vincenzopaglia.it\/wp-content\/uploads\/2014\/12\/SILUETA_Paglia_retoque-e1415796622902.jpg","_links":{"self":[{"href":"https:\/\/www.vincenzopaglia.it\/index.php\/wp-json\/wp\/v2\/posts\/19782","targetHints":{"allow":["GET"]}}],"collection":[{"href":"https:\/\/www.vincenzopaglia.it\/index.php\/wp-json\/wp\/v2\/posts"}],"about":[{"href":"https:\/\/www.vincenzopaglia.it\/index.php\/wp-json\/wp\/v2\/types\/post"}],"author":[{"embeddable":true,"href":"https:\/\/www.vincenzopaglia.it\/index.php\/wp-json\/wp\/v2\/users\/2"}],"replies":[{"embeddable":true,"href":"https:\/\/www.vincenzopaglia.it\/index.php\/wp-json\/wp\/v2\/comments?post=19782"}],"version-history":[{"count":0,"href":"https:\/\/www.vincenzopaglia.it\/index.php\/wp-json\/wp\/v2\/posts\/19782\/revisions"}],"wp:featuredmedia":[{"embeddable":true,"href":"https:\/\/www.vincenzopaglia.it\/index.php\/wp-json\/wp\/v2\/media\/19783"}],"wp:attachment":[{"href":"https:\/\/www.vincenzopaglia.it\/index.php\/wp-json\/wp\/v2\/media?parent=19782"}],"wp:term":[{"taxonomy":"category","embeddable":true,"href":"https:\/\/www.vincenzopaglia.it\/index.php\/wp-json\/wp\/v2\/categories?post=19782"},{"taxonomy":"post_tag","embeddable":true,"href":"https:\/\/www.vincenzopaglia.it\/index.php\/wp-json\/wp\/v2\/tags?post=19782"}],"curies":[{"name":"wp","href":"https:\/\/api.w.org\/{rel}","templated":true}]}}