{"id":19255,"date":"2025-06-25T07:58:38","date_gmt":"2025-06-25T05:58:38","guid":{"rendered":"http:\/\/www.vincenzopaglia.it\/?p=19255"},"modified":"2025-05-27T14:32:50","modified_gmt":"2025-05-27T12:32:50","slug":"decima-settimana-del-tempo-ordinario-mercoledi","status":"publish","type":"post","link":"https:\/\/www.vincenzopaglia.it\/index.php\/decima-settimana-del-tempo-ordinario-mercoledi.html","title":{"rendered":"Decima settimana del Tempo Ordinario &#8211; mercoledi"},"content":{"rendered":"<audio class=\"wp-audio-shortcode\" id=\"audio-19255-1\" preload=\"none\" style=\"width: 100%;\" controls=\"controls\"><source type=\"audio\/mpeg\" src=\"http:\/\/www.reteblu.org\/vincenzopaglia\/tempoordinario\/10\/mercoledi.mp3?_=1\" \/><a href=\"http:\/\/www.reteblu.org\/vincenzopaglia\/tempoordinario\/10\/mercoledi.mp3\">http:\/\/www.reteblu.org\/vincenzopaglia\/tempoordinario\/10\/mercoledi.mp3<\/a><\/audio>\n<h3>Mt 5,17-19<\/h3>\n<p><strong><em>[17]<\/em><\/strong><em>Non pensate che io sia venuto ad abolire la Legge o i Profeti; non son venuto per abolire, ma per dare compimento. <strong>[18]<\/strong>In verit\u00e0 vi dico: finch\u00e9 non siano passati il cielo e la terra, non passer\u00e0 neppure un iota o un segno dalla legge, senza che tutto sia compiuto. <\/em><!--more--><\/p>\n<p><em><strong>[19]<\/strong>Chi dunque trasgredir\u00e0 uno solo di questi precetti, anche minimi, e insegner\u00e0 agli uomini a fare altrettanto, sar\u00e0 considerato minimo nel regno dei cieli. Chi invece li osserver\u00e0 e li insegner\u00e0 agli uomini, sar\u00e0 considerato grande nel regno dei cieli. <\/em><\/p>\n<p>Questo brano \u00e8 chiamato &#8220;discorso delle antitesi&#8221;. Matteo solleva il grave problema del rapporto tra Ges\u00f9 e la legge, tra il Vangelo e le norme morali. La frase &#8220;avete inteso che fu detto, io invece vi dico&#8221;, che scandisce come un ritornello questa pagina del Vangelo, potrebbe indurre a pensare che si tratti di una sorta di abolizione della legge. Tuttavia Ges\u00f9 fin dall&#8217;inizio chiarisce: &#8220;Non sono venuto ad abrogare, ma a compiere&#8221;. Ed \u00e8 proprio il &#8220;compimento&#8221; della legge il centro di questo brano evangelico. Per Ges\u00f9 si tratta di diventare &#8220;perfetti come perfetto \u00e8 il vostro Padre che \u00e8 nei cieli&#8221; (v. 48), richiamando la frase analoga del Levitico: &#8220;Siate santi, perch\u00e9 sono io Santo, il Signore vostro Dio!&#8221; (Lv 19,2). Egli stesso \u00e8 il completamento della parola di Dio che risuona sulla terra sin da Abramo. Ges\u00f9, infatti, non aggira le disposizioni date da Dio, le porta fin nel pi\u00f9 profondo; non cambia neppure uno &#8220;iota&#8221; (la lettera pi\u00f9 piccola dell&#8217;alfabeto ebraico), perch\u00e9 nessuna parola della Scrittura va disattesa, anche la pi\u00f9 piccola. Il discepolo, seguendo il Maestro, deve anche lui portare a compimento nella vita di ogni giorno quanto \u00e8 scritto nella Bibbia.<\/p>\n<p>&nbsp;<\/p>\n","protected":false},"excerpt":{"rendered":"<p>http:\/\/www.reteblu.org\/vincenzopaglia\/tempoordinario\/10\/mercoledi.mp3 Mt 5,17-19 [17]Non pensate che io sia venuto ad abolire la Legge o i Profeti; non son venuto per abolire, ma per dare compimento. [18]In verit\u00e0 vi dico: finch\u00e9 non siano passati il cielo e la terra, non passer\u00e0 neppure un iota o un segno dalla legge, senza che tutto sia compiuto.<\/p>\n","protected":false},"author":2,"featured_media":27566,"comment_status":"closed","ping_status":"closed","sticky":false,"template":"","format":"standard","meta":{"footnotes":""},"categories":[9],"tags":[],"class_list":["post-19255","post","type-post","status-publish","format-standard","has-post-thumbnail","hentry","category-audios"],"jetpack_featured_media_url":"https:\/\/www.vincenzopaglia.it\/wp-content\/uploads\/2026\/04\/default.jpg","_links":{"self":[{"href":"https:\/\/www.vincenzopaglia.it\/index.php\/wp-json\/wp\/v2\/posts\/19255","targetHints":{"allow":["GET"]}}],"collection":[{"href":"https:\/\/www.vincenzopaglia.it\/index.php\/wp-json\/wp\/v2\/posts"}],"about":[{"href":"https:\/\/www.vincenzopaglia.it\/index.php\/wp-json\/wp\/v2\/types\/post"}],"author":[{"embeddable":true,"href":"https:\/\/www.vincenzopaglia.it\/index.php\/wp-json\/wp\/v2\/users\/2"}],"replies":[{"embeddable":true,"href":"https:\/\/www.vincenzopaglia.it\/index.php\/wp-json\/wp\/v2\/comments?post=19255"}],"version-history":[{"count":1,"href":"https:\/\/www.vincenzopaglia.it\/index.php\/wp-json\/wp\/v2\/posts\/19255\/revisions"}],"predecessor-version":[{"id":23030,"href":"https:\/\/www.vincenzopaglia.it\/index.php\/wp-json\/wp\/v2\/posts\/19255\/revisions\/23030"}],"wp:featuredmedia":[{"embeddable":true,"href":"https:\/\/www.vincenzopaglia.it\/index.php\/wp-json\/wp\/v2\/media\/27566"}],"wp:attachment":[{"href":"https:\/\/www.vincenzopaglia.it\/index.php\/wp-json\/wp\/v2\/media?parent=19255"}],"wp:term":[{"taxonomy":"category","embeddable":true,"href":"https:\/\/www.vincenzopaglia.it\/index.php\/wp-json\/wp\/v2\/categories?post=19255"},{"taxonomy":"post_tag","embeddable":true,"href":"https:\/\/www.vincenzopaglia.it\/index.php\/wp-json\/wp\/v2\/tags?post=19255"}],"curies":[{"name":"wp","href":"https:\/\/api.w.org\/{rel}","templated":true}]}}