{"id":18971,"date":"2014-02-01T18:27:20","date_gmt":"2014-02-01T17:27:20","guid":{"rendered":"http:\/\/www.vincenzopaglia.it\/?p=18971"},"modified":"2014-04-10T18:29:49","modified_gmt":"2014-04-10T16:29:49","slug":"monsignor-paglia-dalle-siringhe-sulla-porta-della-chiesa-ai-clochard-una-vita-tra-gli-ultimi","status":"publish","type":"post","link":"https:\/\/www.vincenzopaglia.it\/index.php\/monsignor-paglia-dalle-siringhe-sulla-porta-della-chiesa-ai-clochard-una-vita-tra-gli-ultimi.html","title":{"rendered":"Monsignor Paglia, dalle siringhe sulla porta della chiesa ai clochard: una vita tra gli ultimi"},"content":{"rendered":"<p><a href=\"http:\/\/roma.corriere.it\/roma\/notizie\/cronaca\/14_febbraio_01\/monsignor-paglia-siringhe-conficcate-porta-chiesa-clochard-vita-gli-ultimi-c2fdf3ee-8b28-11e3-bf44-9aaf223b3498.shtml\">Dal <strong>Corriere della Sera<\/strong> del 1 febbraio 2014<\/a><\/p>\n<p>ROMA &#8211;\u00a0Piazza Sant\u2019Egidio 3, a Trastevere. Con la sua chiesetta che nel 1973 diventa sede della Comunit\u00e0 di Sant\u2019Egidio. La basilica di Santa Maria, allora, era retta da Monsignor Bianchi. Nella chiesetta c\u2019era invece don Vincenzo, oggi Monsignor Vincenzo Paglia vescovo e presidente del Pontificio Consiglio per la Famiglia. Allora era solo don Vincenzo, la mattina staccava le siringhe che i tossici di Trastevere infilzavano sulla porta della piccola chiesa cos\u00ec come facevano anche con la Basilica, quella con i pavimenti cosmateschi e i grandi mosaici col Cristo Pantokrator.<\/p>\n<p>L\u2019INIZIO IN PERIFERIA &#8211;\u00a0E\u2019 con Monsignor Vincenzo Paglia, oggi \u00abministro della famiglia\u00bb per la Chiesa cattolica come dice scherzosamente lui, che bisogna parlare innanzi tutto per mettere a fuoco la vocazione verso i pi\u00f9 diseredati come Modesta Valenti che ha fatto muovere i primi passi alla Comunit\u00e0. \u00abLa Comunit\u00e0 era nata nel \u201968, con Andrea Riccardi e pochi altri, si riuniva nelle case, la sede ce l\u2019ha avuta solo col la chiesetta di Sant\u2019Egidio che amministravo allora io quarant\u2019anni fa \u2013 ricorda il vescovo Paglia -. Non eravamo molti, due, trecento allora. Il lavoro sulle povert\u00e0 era stato fatto fondamentalmente nelle periferie. Con quel piccolo luogo di culto in cui ci riunivamo dal \u201973 cominciammo a mettere a fuoco quello che succedeva nel cuore di Roma.<\/p>\n<p><img loading=\"lazy\" decoding=\"async\" itemprop=\"image\" title=\"Monsignor Paglia\" alt=\"Monsignor Paglia\" src=\"http:\/\/images.roma.corriereobjects.it\/methode_image\/2014\/02\/01\/Roma\/Foto%20Roma%20-%20Trattate\/WCGAZ12_0LR9SYFA-kzVG-U43010222522379RrF-180x140@Corriere-Web-Roma.JPG?v=Saturday,%2001-Feb-2014%2011:48:22%20CET\" width=\"180\" height=\"140\" align=\"right\" border=\"0\" \/>Monsignor PagliaNEL CUORE DI ROMA &#8211;\u00a0\u00abE cos\u00ec cominciammo a occuparci delle povert\u00e0 meno note come quella degli anziani soli e dei senza fissa dimora. Ecco, scoprivamo allora il nuovo volto delle povert\u00e0&#8230;\u201d. \u201cAvvicinare gli anziani, curare i barboni \u2013 prosegue il racconto di Monsignor Vincenzo -, andare in giro dove vivevano i pi\u00f9 diseredati. E\u2019 allora che alla Stazione Termini abbiamo incontrato Modesta Valenti. Ci siamo occupati anche di immigrati, ma allora gli immigrati erano fondamentalmente connazionali venuti dal Sud ed erano persone che vivevano nelle periferie. L\u2019ondata dei primi immigrati africani abbiamo cominciata ad avvertirla nei primi anni \u201980. Ed \u00e8 da allora che si \u00e8 ulteriormente allargato il campo d\u2019intervento, ad esempio con le scuole di italiano per favorire l\u2019integrazione dei nuovi arrivati.<\/p>\n<p>INSIEME AGLI IMMIGRATI &#8211;\u00a0Da allora calcoliamo di aver insegnato la nostra lingua a 101 mila immigrati secondo quanto \u00e8 stato calcolato\u201d. \u201cEravamo nati nelle borgate, da Ponte Marconi a Primavalle, dal Trullo ad Ostia ed ecco spalancarsi un nuovo mondo di povert\u00e0, nascosta tra le pieghe del centro della citt\u00e0. I ragazzi di Sant\u2019Egidio hanno cominciato a parlare con i senza fissa dimora. Ricordo un barbone che a piazza del Ges\u00f9 un giorno sbott\u00f2: \u201cMa che \u00e8, una nuova moda, questi ragazzi che si fermano a parlare con gente come noi?\u201d. Don Vincenzo Paglia poi nel 1981 divent\u00f2 il parroco di Santa Maria in Trastevere, ufficio pastorale che ha retto fino al 2000 quando \u00e8 stato nominato Vescovo di Terni e venne sostituito da don Matteo Zuppi, oggi anche lui Vescovo.<\/p>\n<p>IL RITORNO A TRASTEVERE &#8211;\u00a0Monsignor Paglia \u00e8 tornato a Trastevere da un anno e mezzo, il suo ufficio \u00e8 a piazza San Calisto nel palazzo cosiddetto della Caritas. Si occupa della famiglia, ma il suo sguardo resta legato alle infinite trasformazioni del presente in una citt\u00e0 come Roma. Anche don Matteo lo imita, dopo una parentesi a Torre Angela, \u00e8 tornato a vivere in un convento di suore tra il Gianicolo e Trastevere. I loro consigli sono molto ascoltati dai volontari di Sant\u2019Egidio.<\/p>\n","protected":false},"excerpt":{"rendered":"<p>Dal Corriere della Sera del 1 febbraio 2014 ROMA &#8211;\u00a0Piazza Sant\u2019Egidio 3, a Trastevere. Con la sua chiesetta che nel 1973 diventa sede della Comunit\u00e0 di Sant\u2019Egidio. La basilica di Santa Maria, allora, era retta da Monsignor Bianchi. Nella chiesetta c\u2019era invece don Vincenzo, oggi Monsignor Vincenzo Paglia vescovo e presidente del Pontificio Consiglio per [&hellip;]<\/p>\n","protected":false},"author":2,"featured_media":18972,"comment_status":"open","ping_status":"open","sticky":false,"template":"","format":"standard","meta":{"footnotes":""},"categories":[11,7],"tags":[],"class_list":["post-18971","post","type-post","status-publish","format-standard","has-post-thumbnail","hentry","category-interviste","category-rassegna"],"jetpack_featured_media_url":"https:\/\/www.vincenzopaglia.it\/wp-content\/uploads\/2014\/04\/papa-francesco-prima-udienza09.jpg","_links":{"self":[{"href":"https:\/\/www.vincenzopaglia.it\/index.php\/wp-json\/wp\/v2\/posts\/18971","targetHints":{"allow":["GET"]}}],"collection":[{"href":"https:\/\/www.vincenzopaglia.it\/index.php\/wp-json\/wp\/v2\/posts"}],"about":[{"href":"https:\/\/www.vincenzopaglia.it\/index.php\/wp-json\/wp\/v2\/types\/post"}],"author":[{"embeddable":true,"href":"https:\/\/www.vincenzopaglia.it\/index.php\/wp-json\/wp\/v2\/users\/2"}],"replies":[{"embeddable":true,"href":"https:\/\/www.vincenzopaglia.it\/index.php\/wp-json\/wp\/v2\/comments?post=18971"}],"version-history":[{"count":0,"href":"https:\/\/www.vincenzopaglia.it\/index.php\/wp-json\/wp\/v2\/posts\/18971\/revisions"}],"wp:featuredmedia":[{"embeddable":true,"href":"https:\/\/www.vincenzopaglia.it\/index.php\/wp-json\/wp\/v2\/media\/18972"}],"wp:attachment":[{"href":"https:\/\/www.vincenzopaglia.it\/index.php\/wp-json\/wp\/v2\/media?parent=18971"}],"wp:term":[{"taxonomy":"category","embeddable":true,"href":"https:\/\/www.vincenzopaglia.it\/index.php\/wp-json\/wp\/v2\/categories?post=18971"},{"taxonomy":"post_tag","embeddable":true,"href":"https:\/\/www.vincenzopaglia.it\/index.php\/wp-json\/wp\/v2\/tags?post=18971"}],"curies":[{"name":"wp","href":"https:\/\/api.w.org\/{rel}","templated":true}]}}