{"id":18969,"date":"2012-04-27T18:15:32","date_gmt":"2012-04-27T16:15:32","guid":{"rendered":"http:\/\/www.vincenzopaglia.it\/?p=18969"},"modified":"2014-04-10T18:16:35","modified_gmt":"2014-04-10T16:16:35","slug":"femminicidio-mons-paglia-societa-violenta-a-farne-le-spese-sono-le-donne","status":"publish","type":"post","link":"https:\/\/www.vincenzopaglia.it\/index.php\/femminicidio-mons-paglia-societa-violenta-a-farne-le-spese-sono-le-donne.html","title":{"rendered":"Femminicidio. Mons. Paglia: societ\u00e0 violenta, a farne le spese sono le donne"},"content":{"rendered":"<p>Non lascia l\u2019abito talare e si \u00e8 chiuso nel silenzio, Don Piero Corsi parroco di San Terenzio, frazione di Lerici, La Spezia, autore nei giorni scorsi di un volantino in cui richiamava le donne all\u2019autocritica sul femminicidio. La Curia che ha convocato il sacerdote per chiarimenti, ha voluto la rimozione immediata del volantino. \u201cNon si pu\u00f2 parlare senza considerare le conseguenze di quanto si afferma e un sacerdote ha una responsabilit\u00e0 in pi\u00f9, come Padre e Pastore\u201d: \u00e8 quanto afferma\u00a0<b>mons.<\/b>\u00a0<b>Vincenzo Paglia<\/b>, presidente del Pontificio Consiglio per la Famiglia, al microfono di\u00a0<b>Gabriella Ceraso<\/b>:<span style=\"text-decoration: underline;\"><a href=\"http:\/\/it.radiovaticana.va\/storico\/2012\/12\/files\/audio\/ra\/00350501.RM\"><img decoding=\"async\" alt=\"RealAudio\" src=\"http:\/\/it.radiovaticana.va\/global_images\/ra_icon.gif\" border=\"0\" \/><\/a><a href=\"http:\/\/it.radiovaticana.va\/storico\/2012\/12\/files\/audiomp3\/00350501.MP3\"><img decoding=\"async\" alt=\"MP3\" src=\"http:\/\/it.radiovaticana.va\/global_images\/mp3_icon.gif\" border=\"0\" \/><\/a>\u00a0<\/span><\/p>\n<p>R. &#8211; Tutti dobbiamo essere responsabili delle parole che diciamo. E le parole pesano. Poi per quanto riguarda un sacerdote, diceva Papa Giovanni Paolo II, \u00e8 indispensabile che un pastore abbia la responsabilit\u00e0 di conoscere le reazioni che le sue parole provocano.<\/p>\n<p>D. \u2013 Dunque, che tipo di riflessione fare su quanto \u00e8 accaduto?<\/p>\n<p>R. \u2013 C\u2019\u00e8 una violenza diffusa, che si abbatte \u2013 talora in maniera drammatica \u2013 sulle donne e non \u00e8 possibile pensare minimamente che sia colpa delle donne stesse se tutto questo accade. E\u2019 quindi inequivocabile la condanna delle affermazioni di questo parroco. Il vescovo \u2013 mi pare \u2013 sia stato tempestivo e chiaro!<\/p>\n<p>D. \u2013 Infatti proprio il vescovo ha voluto sottolineare che \u201cnon \u00e8 il comune sentire della Chiesa\u201d\u2026<\/p>\n<p>R. \u2013 Sulla dignit\u00e0 della donna, particolarmente il magistero degli ultimi decenni non solo \u00e8 chiaro, ma straordinario: semmai \u00e8 vero che si deve abbassare il clima di violenza, che \u00e8 indispensabile una moderazione nel costume; semmai \u00e8 vero che deve crescere molto di pi\u00f9 un atteggiamento di rispetto verso i pi\u00f9 deboli, perch\u00e9 in una societ\u00e0 talora maschilista sono i deboli \u2013 quindi le donne \u2013 a farne le spese. Tutta questa questione dovrebbe entrare nella riflessione di questo nostro Paese e la Chiesa offre un contributo particolarmente significativo. Senza andare troppo indietro nella storia, abbiamo lo straordinario esempio di don Benzi che ha cercato notte e giorno di liberare le tante donne schiave, travolte dalla violenza; ma poi il magistero di Giovanni Paolo II che nella Mulieris Dignitatem, sembra propendere in maniera quasi partigiana per la donna e per il suo genio. La questione femminile dunque non pu\u00f2 essere banalizzata, richiede una riflessione molto, molto profonda.<\/p>\n<p>Ma cosa c&#8217;\u00e8 all&#8217;origine dei casi crescenti di violenza contro le donne? Gabriella Ceraso<b>\u00a0<\/b>lo ha chiesto a\u00a0<b>Michela Pensavalli<\/b>, psicologa e psicoterapeuta, ricercatrice all&#8217;Istituto di terapia cognitiva interpersonale di Roma:<span style=\"text-decoration: underline;\"><a href=\"http:\/\/it.radiovaticana.va\/storico\/2012\/12\/files\/audio\/ra\/00350532.RM\"><img decoding=\"async\" alt=\"RealAudio\" src=\"http:\/\/it.radiovaticana.va\/global_images\/ra_icon.gif\" border=\"0\" \/><\/a><a href=\"http:\/\/it.radiovaticana.va\/storico\/2012\/12\/files\/audiomp3\/00350532.MP3\"><img decoding=\"async\" alt=\"MP3\" src=\"http:\/\/it.radiovaticana.va\/global_images\/mp3_icon.gif\" border=\"0\" \/><\/a>\u00a0<\/span><\/p>\n<p>\u201cSi tratta di disturbi della personalit\u00e0. Non pu\u00f2 semplicemente uno stimolo di una donna provocatrice, mettere in moto il sistema psicologico di una persona che abusa; si tratta in questi casi di una forma di sociopatia o di un istinto di rabbia, di personalit\u00e0 fortemente disturbate. Ovviamente non pu\u00f2 essere colpa delle donne, anche se oggi la crisi della relazione interpersonale alla quale assistiamo, e quindi anche il fatto che sia quasi completamente decaduta l\u2019immagine maschile, e ci siano invece in vigore stili di comportamento e modi molto autorevoli e autoritari delle donne, mette in crisi il ruolo dell\u2019uomo all\u2019interno della societ\u00e0. Non di questo, per\u00f2, si pu\u00f2 fare una colpa\u201d.<\/p>\n<p>Quanto \u00e8 diffusa e comune oggi in Italia il parere che siano le donne a provocare atteggiamenti violenti? Gabriella Ceraso<b>\u00a0<\/b>ha raccolto il parere di\u00a0<b>Anna<\/b><b>Costanza\u00a0<\/b><b>Baldry<\/b><b>\u00a0<\/b>psicologa e criminologa:<span style=\"text-decoration: underline;\"><a href=\"http:\/\/it.radiovaticana.va\/storico\/2012\/12\/files\/audio\/ra\/00350533.RM\"><img decoding=\"async\" alt=\"RealAudio\" src=\"http:\/\/it.radiovaticana.va\/global_images\/ra_icon.gif\" border=\"0\" \/><\/a><a href=\"http:\/\/it.radiovaticana.va\/storico\/2012\/12\/files\/audiomp3\/00350533.MP3\"><img decoding=\"async\" alt=\"MP3\" src=\"http:\/\/it.radiovaticana.va\/global_images\/mp3_icon.gif\" border=\"0\" \/><\/a>\u00a0<\/span><\/p>\n<p>\u201cE\u2019 abbastanza diffuso. Ancora viviamo in un Paese che, per quanto le leggi siano ovviamente egualitarie &#8211; esistono le pari opportunit\u00e0 &#8211; ci sono ancora forme, e queste sono una manifestazione, molto radicate di misoginia. E\u2019 come se fosse un problema di uomini contro donne o donne contro uomini. Le differenze esistono, ma sono un valore\u201d.<\/p>\n","protected":false},"excerpt":{"rendered":"<p>Non lascia l\u2019abito talare e si \u00e8 chiuso nel silenzio, Don Piero Corsi parroco di San Terenzio, frazione di Lerici, La Spezia, autore nei giorni scorsi di un volantino in cui richiamava le donne all\u2019autocritica sul femminicidio. La Curia che ha convocato il sacerdote per chiarimenti, ha voluto la rimozione immediata del volantino. \u201cNon si [&hellip;]<\/p>\n","protected":false},"author":2,"featured_media":17701,"comment_status":"open","ping_status":"open","sticky":false,"template":"","format":"standard","meta":{"footnotes":""},"categories":[11],"tags":[],"class_list":["post-18969","post","type-post","status-publish","format-standard","has-post-thumbnail","hentry","category-interviste"],"jetpack_featured_media_url":"https:\/\/www.vincenzopaglia.it\/wp-content\/uploads\/2007\/01\/RADIO-VATICANA.jpg","_links":{"self":[{"href":"https:\/\/www.vincenzopaglia.it\/index.php\/wp-json\/wp\/v2\/posts\/18969","targetHints":{"allow":["GET"]}}],"collection":[{"href":"https:\/\/www.vincenzopaglia.it\/index.php\/wp-json\/wp\/v2\/posts"}],"about":[{"href":"https:\/\/www.vincenzopaglia.it\/index.php\/wp-json\/wp\/v2\/types\/post"}],"author":[{"embeddable":true,"href":"https:\/\/www.vincenzopaglia.it\/index.php\/wp-json\/wp\/v2\/users\/2"}],"replies":[{"embeddable":true,"href":"https:\/\/www.vincenzopaglia.it\/index.php\/wp-json\/wp\/v2\/comments?post=18969"}],"version-history":[{"count":0,"href":"https:\/\/www.vincenzopaglia.it\/index.php\/wp-json\/wp\/v2\/posts\/18969\/revisions"}],"wp:featuredmedia":[{"embeddable":true,"href":"https:\/\/www.vincenzopaglia.it\/index.php\/wp-json\/wp\/v2\/media\/17701"}],"wp:attachment":[{"href":"https:\/\/www.vincenzopaglia.it\/index.php\/wp-json\/wp\/v2\/media?parent=18969"}],"wp:term":[{"taxonomy":"category","embeddable":true,"href":"https:\/\/www.vincenzopaglia.it\/index.php\/wp-json\/wp\/v2\/categories?post=18969"},{"taxonomy":"post_tag","embeddable":true,"href":"https:\/\/www.vincenzopaglia.it\/index.php\/wp-json\/wp\/v2\/tags?post=18969"}],"curies":[{"name":"wp","href":"https:\/\/api.w.org\/{rel}","templated":true}]}}