{"id":18958,"date":"2012-12-30T17:45:12","date_gmt":"2012-12-30T16:45:12","guid":{"rendered":"http:\/\/www.vincenzopaglia.it\/?p=18958"},"modified":"2014-04-10T17:52:43","modified_gmt":"2014-04-10T15:52:43","slug":"messa-della-sacra-famiglia-a-piazza-colon-madrid","status":"publish","type":"post","link":"https:\/\/www.vincenzopaglia.it\/index.php\/messa-della-sacra-famiglia-a-piazza-colon-madrid.html","title":{"rendered":"Messa della Sacra Famiglia a piazza Colon &#8211; Madrid"},"content":{"rendered":"<p>Queridas familias, queridos padres, hijos, abuelos y nietos:<\/p>\n<p>Estoy feliz de participar en este encuentro de las familias que una vez m\u00e1s se re\u00fanen el d\u00eda de la fiesta de la Sagrada Familia de Nazaret.\u00a0Es un momento de gran alegr\u00eda para todos. Y nos reunimos aunque no faltan problemas y la crisis est\u00e1 poniendo a prueba vuestro pa\u00eds y a Europa entera.<\/p>\n<p>Pero nosotros sabemos que el Se\u00f1or no cesa de ofrecernos su ayuda. Tambi\u00e9n Mar\u00eda y Jos\u00e9 han tenido problemas, ya sea antes de casarse como despu\u00e9s.<\/p>\n<p>Han estado juntos con Jesus y han superado los problemas. El Ni\u00f1o es el secreto de la Familia de Nazaret. Es El, el que nos muestra la necesidad de la familia. Jes\u00fas, para nacer, no ha necesitado de una casa, no ha necesitado de un bienestar especial. Ha necesitado de una Familia. Y en esta familia ha crecido en sabidur\u00eda, en edad y en gracia como escribe el evangelista Lucas.<\/p>\n<p>Queridos padres, imitad a Mar\u00eda y a Jos\u00e9.\u00a0Queridos hijos, imitad a Jes\u00fas. Queridas familias, imitad la familia de Nazaret.<\/p>\n<p>Es en la familia donde aprendemos a vivir y a creer, a entregarse cada d\u00eda y a amarse entre nosotros. La Iglesia lo sabe bien. Y han hecho bien los obispos espa\u00f1oles al enviar un mensaje especial en el d\u00eda de hoy.<\/p>\n<p>Es bonito reencontrarse, justo despu\u00e9s de Navidad, alrededor de la sagrada familia de Nazaret.<\/p>\n<p>Navidad quiere decir familia. Tambi\u00e9n el mundo lo ha intuido, de tal forma que en Navidad todos desean estar en familia, incluso aquellos que no son cristianos.\u00a0En efecto, cualquiera sabe, que la soledad es triste.<\/p>\n<p>Lo saben los ni\u00f1os abandonados, lo saben los ancianos dejados en los asilos, lo saben los j\u00f3venes privados de futuro, lo saben los adultos que deben afrontar solos la crisis, lo saben los enfermos que no son visitados. S\u00f3lo la comuni\u00f3n es bella, s\u00f3lo la familia es bella. Y nosotros estamos alegres, muy alegres.<\/p>\n<p>Somos una comuni\u00f3n de familias reunidas en torno a Jes\u00fas.\u00a0Queridos amigos, El Ni\u00f1o hoy nos pide que mostremos la belleza de la familia y que la defendamos.<\/p>\n<p>Quiz\u00e1s nos lo pide con su llanto en el pesebre, pero tambi\u00e9n con el llanto de todos los ni\u00f1os abandonados. Ellos (los ni\u00f1os) tienen necesidad del amor y del afecto de un padre y de una madre. Y todos necesitamos del calor de la familia.<\/p>\n<p>Es as\u00ed desde la creaci\u00f3n del mundo. Dios despu\u00e9s de haber creado al hombre a su imagen dijo:&#8221;no es bueno que el hombre este solo\u201d(Gn 2,18). Ad\u00e1n estaba vivo, pero le faltaba algo de vital: una compa\u00f1era y una compa\u00f1\u00eda.<\/p>\n<p>La familia es vital para nosotros, para Madrid y para Espa\u00f1a, para Europa y para el mundo. Nosotros lo sabemos y hoy lo decimos en voz alta.<\/p>\n<p>En voz alta, sobre todo queremos agradecer al Se\u00f1or por el gran don de la familia. Es un don extraordinario para toda la humanidad.Desgraciadamente, el don de la familia muchas veces viene rechazado, herido e incluso negado.<\/p>\n<p>Si queridos amigos, la serpiente tentadora est\u00e1 roja de envidia. Y, sin embargo, la familia es el tesoro m\u00e1s preciado de la humanidad, el recurso m\u00e1s eficaz de la comunidad.<\/p>\n<p>\u00bfCon qui\u00e9n nos alegraremos sin la familia? \u00bfY d\u00f3nde iremos sin ella, sobre todo en los momentos de crisis, como estos que estamos viviendo ahora? Necesitamos de la familia! Tiene necesidad la sociedad de la cual es la c\u00e9lula fundamental.<\/p>\n<p>Madrid levanta los ojos y mira a esta Plaza. Estas familias son tu fuerza! Y nosotros queridas familias estamos contentas de poder ofrecer esta ayuda a todos para la construcci\u00f3n del bien com\u00fan. Somos felices de poder servir y de vivir no solo para nosotros mismos sino para el Evangelio y para una sociedad m\u00e1s humana. Nuestras familias no son guetos, peque\u00f1os y cerrados. Junto a todas las familias cristianas formamos la gran familia de Dios difundida en el mundo y reunida en torno a Pedro.<\/p>\n<p>Estamos a la espera de escuchar su palabra. Gracias Papa Benedicto por el amor que tienes a la familia!<\/p>\n<p>Gracias por las palabras que no cesas de decir en defensa de este extraordinario patrimonio de la humanidad y de la Iglesia.<\/p>\n<p>A todas las familias del mundo (tambi\u00e9n aquellas que no son cristianas) queremos gritar nuestra alegr\u00eda por ser familias aut\u00e9nticas y bellas. Sentimos a todas las familias del mundo \u2013 in particular las que sufren -cercanas junto a nosotros en esta plaza. Si, Madrid es hoy la capital de las familias del mundo!<\/p>\n<p>Y desde esta plaza tenemos un sue\u00f1o: haced de todos los pueblos de la tierra una gran familia.\u00a0La Eucarist\u00eda que ahora celebraremos es el inicio de este sue\u00f1o. Ella es fermento de unidad y levadura de familiaridad para que Madrid, Espa\u00f1a y el mundo entero puedan llegar a ser una familia universal, donde todos seamos hermanos y hermanas y el Se\u00f1or que est\u00e1 en los cielos sea el Padre bueno de todos. Pedimos a Dios que este sue\u00f1o sea una realidad.<\/p>\n<p>Queridos amigos, al final del a\u00f1o de la fe el Papa ha querido convocar a Roma a todas las familias los d\u00edas 26 y 27 de Octubre pr\u00f3ximo.\u00a0Queridas familias, feliz Navidad, feliz a\u00f1o nuevo y ma\u00f1ana todos a medianoche a comer las uvas!<\/p>\n<p>Y el a\u00f1o pr\u00f3ximo todos a Roma con el Papa!<\/p>\n","protected":false},"excerpt":{"rendered":"<p>Queridas familias, queridos padres, hijos, abuelos y nietos: Estoy feliz de participar en este encuentro de las familias que una vez m\u00e1s se re\u00fanen el d\u00eda de la fiesta de la Sagrada Familia de Nazaret.\u00a0Es un momento de gran alegr\u00eda para todos. Y nos reunimos aunque no faltan problemas y la crisis est\u00e1 poniendo a [&hellip;]<\/p>\n","protected":false},"author":2,"featured_media":27566,"comment_status":"open","ping_status":"open","sticky":false,"template":"","format":"standard","meta":{"footnotes":""},"categories":[17,3],"tags":[],"class_list":["post-18958","post","type-post","status-publish","format-standard","has-post-thumbnail","hentry","category-espanol","category-interventi"],"jetpack_featured_media_url":"https:\/\/www.vincenzopaglia.it\/wp-content\/uploads\/2026\/04\/default.jpg","_links":{"self":[{"href":"https:\/\/www.vincenzopaglia.it\/index.php\/wp-json\/wp\/v2\/posts\/18958","targetHints":{"allow":["GET"]}}],"collection":[{"href":"https:\/\/www.vincenzopaglia.it\/index.php\/wp-json\/wp\/v2\/posts"}],"about":[{"href":"https:\/\/www.vincenzopaglia.it\/index.php\/wp-json\/wp\/v2\/types\/post"}],"author":[{"embeddable":true,"href":"https:\/\/www.vincenzopaglia.it\/index.php\/wp-json\/wp\/v2\/users\/2"}],"replies":[{"embeddable":true,"href":"https:\/\/www.vincenzopaglia.it\/index.php\/wp-json\/wp\/v2\/comments?post=18958"}],"version-history":[{"count":0,"href":"https:\/\/www.vincenzopaglia.it\/index.php\/wp-json\/wp\/v2\/posts\/18958\/revisions"}],"wp:featuredmedia":[{"embeddable":true,"href":"https:\/\/www.vincenzopaglia.it\/index.php\/wp-json\/wp\/v2\/media\/27566"}],"wp:attachment":[{"href":"https:\/\/www.vincenzopaglia.it\/index.php\/wp-json\/wp\/v2\/media?parent=18958"}],"wp:term":[{"taxonomy":"category","embeddable":true,"href":"https:\/\/www.vincenzopaglia.it\/index.php\/wp-json\/wp\/v2\/categories?post=18958"},{"taxonomy":"post_tag","embeddable":true,"href":"https:\/\/www.vincenzopaglia.it\/index.php\/wp-json\/wp\/v2\/tags?post=18958"}],"curies":[{"name":"wp","href":"https:\/\/api.w.org\/{rel}","templated":true}]}}