{"id":18954,"date":"2013-01-17T16:54:11","date_gmt":"2013-01-17T15:54:11","guid":{"rendered":"http:\/\/www.vincenzopaglia.it\/?p=18954"},"modified":"2014-04-10T17:11:30","modified_gmt":"2014-04-10T15:11:30","slug":"a-favore-della-famiglia-intervista-a-radio-vaticana","status":"publish","type":"post","link":"https:\/\/www.vincenzopaglia.it\/index.php\/a-favore-della-famiglia-intervista-a-radio-vaticana.html","title":{"rendered":"A favore della famiglia &#8211; intervista a Radio Vaticana"},"content":{"rendered":"<p><b>Domani si svolger\u00e0 a Parigi una grande manifestazione in difesa della famiglia e contro il progetto di legge del presidente socialista Hollande che vuole introdurre le nozze gay con diritto all\u2019adozione, il cosiddetto &#8220;matrimonio per tutti\u201d. L\u2019appuntamento supera steccati ideologici e confessionali: alla marcia parteciperanno, infatti, cattolici, esponenti di\u00a0<\/b><b>altre fedi religiose e del mondo laico.<\/b><\/p>\n<p>Mi pare molto intelligente, innanzitutto, l\u2019atteggiamento dell\u2019Episcopato francese, e cio\u00e8 far comprendere che il matrimonio e la famiglia non sono la realt\u00e0 di qualcuno: \u00e8 la realt\u00e0 dell\u2019umanit\u00e0. In questo senso, che la Chiesa promuova assieme a tanti altri \u2013 ma senza che i vescovi siano loro in prima persona i promotori dell\u2019evento &#8211; mi pare molto saggio; ed \u00e8 anche il motivo per cui la Chiesa deve interessarsene: perch\u00e9 \u2013 appunto \u2013 non \u00e8 una questione di un gruppo, ma \u00e8 patrimonio dell\u2019umanit\u00e0 intera! E fiaccare o inficiare la robustezza del matrimonio e della famiglia, \u00e8 assolutamente cruciale per il futuro dell\u2019umanit\u00e0.<\/p>\n<p><b>Oggi alcune correnti sembrano volere far prevalere sempre di pi\u00f9 il desiderio egoistico degli adulti \u2013 cio\u00e8, dei pi\u00f9 forti \u2013 rispetto ai sacrosanti diritti del bambino &#8211; cio\u00e8 dei pi\u00f9 deboli &#8211; ad avere, come \u00e8 naturale, un pap\u00e0 e una mamma \u2026<\/b><\/p>\n<p>Esatto. E anche qui il problema \u00e8 che noi viviamo in un mondo in cui sta prevalendo l\u2019io che vuole imporre tutti i suoi diritti, al di l\u00e0 di qualsiasi regola. Ora, ad esempio l\u2019adozione dei bambini da parte degli omosessuali, porta il bambino ad essere una sorta di merce, cio\u00e8: come ho diritto a questo, ho diritto anche a quell\u2019altro. In realt\u00e0, il bambino deve nascere e crescere all\u2019interno di quella che \u2013 da che mondo \u00e8 mondo \u2013 \u00e8 la via ordinaria, cio\u00e8 con un padre e una madre. Il bambino deve crescere in questo contesto.\u00a0Ora, purtroppo, accade in effetti che a volte ci siano situazioni drammatiche, ma attenzione: la patologia \u00e8 una cosa, e inficiare questo principio \u00e8 pericolosissimo, per il bambino anzitutto, ma per l\u2019intera societ\u00e0. Faccio un solo esempio: che un padre e una figlia debbano volersi bene, \u00e8 ovvio, e questo amore deve crescere. Ma non posso pretendere che questo amore diventi amore coniugale, perch\u00e9 altrimenti squilibriamo tutto\u00a0e andremmo nella Babele delle parole che \u00e8 la spiaggia del baratro per la stessa societ\u00e0.<\/p>\n<p><i>\u00a0<\/i><b>C\u2019\u00e8 oggi una ideologia che cerca di promuovere sempre di pi\u00f9 anche un linguaggio\u00a0<\/b><b>neutro. Si parla, ad esempio, di genitore A e di genitore B \u2026<\/b><\/p>\n<p>Esatto! Io credo che davvero qui, purtroppo, rischiamo solo il ridicolo, ma \u00e8 amara la condizione di quello che sta accadendo. Anche perch\u00e9 anzitutto mi chiedo perch\u00e9 uno sia\u00a0A e l\u2019altro B, e non viceversa, se proprio si vuole obbedire al discorso \u00a0dell\u2019uguaglianza.\u00a0Ma, attenzione: negare la diversit\u00e0 porta a dire che alla fine uno \u00e8 uguale solo a s\u00e9 stesso,\u00a0anzi: non \u00e8 neppure uguale al suo clone, perch\u00e9 c\u2019\u00e8 una differenza. L\u2019uguaglianza \u00e8 una cosa, il rispetto della diversit\u00e0 \u00e8 altro perch\u00e9 proprio per avere un\u2019uguaglianza robusta \u00e8\u00a0necessario rispettare le diversit\u00e0. Che tristezza sarebbe un mondo tutto grigio! Grazie a Dio, c\u2019\u00e8 l\u2019arcobaleno che ha, appunto, una serie di colori che fanno la luce. L\u2019uguaglianza\u00a0senza diversit\u00e0 \u00e8 la tristezza del grigio e purtroppo la miopia dell\u2019intelligenza sta portando\u00a0a questa incredibile deriva che, quando dovesse arrivare, sarebbe drammatica perch\u00e9 sarebbe troppo tardi poi per porvi riparo. In questo senso, la teoria del gender che appunto\u00a0vuole dire che le differenze \u2013 lo diceva il Papa nel saluto alla Curia \u2013 sono solo frutto della cultura, \u00e8 veramente non saper leggere la realt\u00e0 nella quale viviamo. Che l\u2019uomo possa ovviamente aiutarsi e promuovere la cultura, \u00e8 un conto; ma a scapito della natura? Perch\u00e9 allora \u2013 mi chiedo \u2013 siamo tanto solerti nel combattere le manipolazioni nella natura, a proposito di ecologia e di ambiente, e siamo invece cos\u00ec poco attenti alle manipolazioni all\u2019interno dell\u2019antropologia? Non \u00e8 che questo \u00e8 invece un piegarsi all\u2019individualismo <i>absolutus<\/i>, appunto, alla crescita di un \u2018io\u2019 senza pi\u00f9 nessun legame? E questo \u00e8, purtroppo, a mio avviso il rischio che stiamo correndo.<\/p>\n<p><b>Dopo il \u201cmatrimonio per tutti\u201d si potrebbero aprire anche altri scenari come la poliandria o la poligamia\u2026<\/b><\/p>\n<p>Appunto! Diventa possibile tutto. Se il metro \u00e8 l\u2019\u2018io\u2019 e la soddisfazione di tutti i suoi desideri, \u00e8 chiaro che pu\u00f2 accadere di tutto: appunto, la distruzione della civilt\u00e0. E questo \u00e8 il nodo nel quale noi oggi ci troviamo. In effetti, gli ultimi \u201cno\u201d che ancora un po\u2019 resistono sono quelli alla poligamia e all\u2019incesto: ma resistono ancora per quanto? E li stiamo gi\u00e0 intaccando per una dittatura dell\u2019\u2018io\u2019 che certamente come prima conseguenza ha la distruzione della famiglia e poi della citt\u00e0, della societ\u00e0 e del concerto delle nazioni. Ecco perch\u00e9 la Chiesa, conoscendo \u2013 lei, esperta in umanit\u00e0 \u2013 la forza anche sociale e antropologica della famiglia, la difende in ogni modo: perch\u00e9 ama l\u2019uomo, ama la donna, ama tutti, e non vuole che venga distrutta la culla dove nasce e si irrobustisce la stessa societ\u00e0.<\/p>\n","protected":false},"excerpt":{"rendered":"<p>Domani si svolger\u00e0 a Parigi una grande manifestazione in difesa della famiglia e contro il progetto di legge del presidente socialista Hollande che vuole introdurre le nozze gay con diritto all\u2019adozione, il cosiddetto &#8220;matrimonio per tutti\u201d. L\u2019appuntamento supera steccati ideologici e confessionali: alla marcia parteciperanno, infatti, cattolici, esponenti di\u00a0altre fedi religiose e del mondo laico. [&hellip;]<\/p>\n","protected":false},"author":2,"featured_media":27566,"comment_status":"open","ping_status":"open","sticky":false,"template":"","format":"standard","meta":{"footnotes":""},"categories":[11],"tags":[],"class_list":["post-18954","post","type-post","status-publish","format-standard","has-post-thumbnail","hentry","category-interviste"],"jetpack_featured_media_url":"https:\/\/www.vincenzopaglia.it\/wp-content\/uploads\/2026\/04\/default.jpg","_links":{"self":[{"href":"https:\/\/www.vincenzopaglia.it\/index.php\/wp-json\/wp\/v2\/posts\/18954","targetHints":{"allow":["GET"]}}],"collection":[{"href":"https:\/\/www.vincenzopaglia.it\/index.php\/wp-json\/wp\/v2\/posts"}],"about":[{"href":"https:\/\/www.vincenzopaglia.it\/index.php\/wp-json\/wp\/v2\/types\/post"}],"author":[{"embeddable":true,"href":"https:\/\/www.vincenzopaglia.it\/index.php\/wp-json\/wp\/v2\/users\/2"}],"replies":[{"embeddable":true,"href":"https:\/\/www.vincenzopaglia.it\/index.php\/wp-json\/wp\/v2\/comments?post=18954"}],"version-history":[{"count":0,"href":"https:\/\/www.vincenzopaglia.it\/index.php\/wp-json\/wp\/v2\/posts\/18954\/revisions"}],"wp:featuredmedia":[{"embeddable":true,"href":"https:\/\/www.vincenzopaglia.it\/index.php\/wp-json\/wp\/v2\/media\/27566"}],"wp:attachment":[{"href":"https:\/\/www.vincenzopaglia.it\/index.php\/wp-json\/wp\/v2\/media?parent=18954"}],"wp:term":[{"taxonomy":"category","embeddable":true,"href":"https:\/\/www.vincenzopaglia.it\/index.php\/wp-json\/wp\/v2\/categories?post=18954"},{"taxonomy":"post_tag","embeddable":true,"href":"https:\/\/www.vincenzopaglia.it\/index.php\/wp-json\/wp\/v2\/tags?post=18954"}],"curies":[{"name":"wp","href":"https:\/\/api.w.org\/{rel}","templated":true}]}}