{"id":18617,"date":"2012-06-12T18:09:11","date_gmt":"2012-06-12T16:09:11","guid":{"rendered":"http:\/\/www.vincenzopaglia.it\/?p=18617"},"modified":"2014-01-30T18:19:09","modified_gmt":"2014-01-30T17:19:09","slug":"le-prime-parole-da-neo-presidente-del-pontificio-consiglio-per-la-famiglia-intervista-a-radio-vaticana","status":"publish","type":"post","link":"https:\/\/www.vincenzopaglia.it\/index.php\/le-prime-parole-da-neo-presidente-del-pontificio-consiglio-per-la-famiglia-intervista-a-radio-vaticana.html","title":{"rendered":"Le prime parole da neo presidente del Pontificio Consiglio per la famiglia &#8211; Intervista a Radio Vaticana"},"content":{"rendered":"<div>Quando dodici anni fa papa Giovanni Paolo, al termine dell&#8217;udienza a San Pietro con i preti di Roma, mi comunic\u00f2 la nomina a vescovo di Terni, volle ricordare la sua visita alle acciaierie del 19 marzo 1981.Oggi papa Benedetto mi dice di tornare a Roma per presiedere il Pontificio Consiglio per la famiglia: ho sentimenti di profonda gratitudine nei suoi confronti e considero significativo che me lo dica mentre lui \u00e8 in mezzo alle famiglie terremotate. Per me \u00e8 uno stimolo a seguire le sue orme nello stare in mezzo alle situazioni problematiche, le pi\u00f9 difficili di questo mondo.<\/p>\n<p>Cercher\u00f2 di obbedire e seguire fino in fondo l&#8217;insegnamento di Benedetto XVI come quello di Giovanni Paolo II, che istitu\u00ec il Pontificio Consiglio per la famiglia pochi giorni prima di subire l&#8217;attentato in piazza San Pietro.<\/p>\n<\/div>\n<div>E&#8217; un compito che richiede coraggio e audacia, fedelt\u00e0 e intelligenza.La famiglia resta infatti a fondamento della societ\u00e0 umana , va quindi sostenuta e difesa. E alla famiglia cristiana \u00e8 affidato l&#8217;alto e arduo compito di essere luce e sale di una umanit\u00e0 nuova secondo il Vangelo.<\/p>\n<p>Stando a Terni mi verrebbe da dire che \u00e8 sempre pi\u00f9 urgente, in un mondo labile, che la famiglia sia &#8220;d&#8217;acciaio&#8221; e &#8220;inossidabile&#8221;.<br \/>\nCon questi sentimenti vado a Roma. San Valentino, ben prima di me, si rec\u00f2 a Roma per aiutare una famiglia che convert\u00ec alla fede cristiana. Erano i tempi della prima evangelizzazione. Oggi, i tempi sono diversi, ma richiedono la stessa radicalit\u00e0 evangelica e la stessa passione per comunicare e sostenere l&#8217;amore.<\/p>\n<p>Qui sotto il link per ascoltare l&#8217;intervista<\/p>\n<p><a href=\"http:\/\/212.77.9.15\/audiomp3\/00322332.MP3\" target=\"_blank\">http:\/\/212.77.9.15\/audiomp3\/00322332.MP3<\/a><\/p>\n<\/div>\n","protected":false},"excerpt":{"rendered":"<p>Quando dodici anni fa papa Giovanni Paolo, al termine dell&#8217;udienza a San Pietro con i preti di Roma, mi comunic\u00f2 la nomina a vescovo di Terni, volle ricordare la sua visita alle acciaierie del 19 marzo 1981.Oggi papa Benedetto mi dice di tornare a Roma per presiedere il Pontificio Consiglio per la famiglia: ho sentimenti [&hellip;]<\/p>\n","protected":false},"author":2,"featured_media":27566,"comment_status":"open","ping_status":"open","sticky":false,"template":"","format":"standard","meta":{"footnotes":""},"categories":[11],"tags":[],"class_list":["post-18617","post","type-post","status-publish","format-standard","has-post-thumbnail","hentry","category-interviste"],"jetpack_featured_media_url":"https:\/\/www.vincenzopaglia.it\/wp-content\/uploads\/2026\/04\/default.jpg","_links":{"self":[{"href":"https:\/\/www.vincenzopaglia.it\/index.php\/wp-json\/wp\/v2\/posts\/18617","targetHints":{"allow":["GET"]}}],"collection":[{"href":"https:\/\/www.vincenzopaglia.it\/index.php\/wp-json\/wp\/v2\/posts"}],"about":[{"href":"https:\/\/www.vincenzopaglia.it\/index.php\/wp-json\/wp\/v2\/types\/post"}],"author":[{"embeddable":true,"href":"https:\/\/www.vincenzopaglia.it\/index.php\/wp-json\/wp\/v2\/users\/2"}],"replies":[{"embeddable":true,"href":"https:\/\/www.vincenzopaglia.it\/index.php\/wp-json\/wp\/v2\/comments?post=18617"}],"version-history":[{"count":0,"href":"https:\/\/www.vincenzopaglia.it\/index.php\/wp-json\/wp\/v2\/posts\/18617\/revisions"}],"wp:featuredmedia":[{"embeddable":true,"href":"https:\/\/www.vincenzopaglia.it\/index.php\/wp-json\/wp\/v2\/media\/27566"}],"wp:attachment":[{"href":"https:\/\/www.vincenzopaglia.it\/index.php\/wp-json\/wp\/v2\/media?parent=18617"}],"wp:term":[{"taxonomy":"category","embeddable":true,"href":"https:\/\/www.vincenzopaglia.it\/index.php\/wp-json\/wp\/v2\/categories?post=18617"},{"taxonomy":"post_tag","embeddable":true,"href":"https:\/\/www.vincenzopaglia.it\/index.php\/wp-json\/wp\/v2\/tags?post=18617"}],"curies":[{"name":"wp","href":"https:\/\/api.w.org\/{rel}","templated":true}]}}