{"id":18605,"date":"2013-05-19T17:31:00","date_gmt":"2013-05-19T15:31:00","guid":{"rendered":"http:\/\/www.vincenzopaglia.it\/?p=18605"},"modified":"2014-01-30T17:47:56","modified_gmt":"2014-01-30T16:47:56","slug":"hoy-el-testimonio-a-contracorriente-de-la-familia-cristiana-es-el-mas-eficaz-y-creible","status":"publish","type":"post","link":"https:\/\/www.vincenzopaglia.it\/index.php\/hoy-el-testimonio-a-contracorriente-de-la-familia-cristiana-es-el-mas-eficaz-y-creible.html","title":{"rendered":"Hoy el testimonio a contracorriente de la familia cristiana es el m\u00e1s eficaz y cre\u00edble"},"content":{"rendered":"<p><a href=\"http:\/\/diario.elmercurio.com\/detalle\/index.asp?id={cf6bc775-e772-4455-885f-67091900bb38}\"><img loading=\"lazy\" decoding=\"async\" alt=\"\" src=\"http:\/\/diario.elmercurio.com\/images\/pixel.gif\" width=\"1\" height=\"10\" \/><strong>Visita de monse\u00f1or Vincenzo Paglia a Chile<\/strong><\/a> &#8211; <strong><a href=\"http:\/\/diario.elmercurio.com\/detalle\/index.asp?id={cf6bc775-e772-4455-885f-67091900bb38}\">El Mercurio<\/a><\/strong><\/p>\n<p>Antes de su arribo, el presidente del Pontificio Consejo para la Familia afirm\u00f3 que cultivar en las parroquias n\u00facleos de familias cristianas ejemplares es una prioridad pastoral para que irradien el Evangelio con la vida.<br \/>\nMaite Armend\u00e1riz Azc\u00e1rate\u00a0Una nutrida agenda desarrollar\u00e1 en Chile quien hoy encabeza los temas de familia en el Vaticano. Monse\u00f1or Vincenzo Paglia estar\u00e1 en nuestro pa\u00eds del 22 al 26 de mayo; participar\u00e1 en el Congreso Redifam, que re\u00fane a los institutos de familia de universidades de inspiraci\u00f3n cat\u00f3lica de Latinoam\u00e9rica.<\/p>\n<p>Cuando casi se cumple un a\u00f1o desde que el Papa Benedicto XVI lo eligiera para encabezar el Pontificio Consejo para la Familia, Monse\u00f1or Paglia (67 a\u00f1os) reconoce que todo lo que hoy ocurre al interior de los hogares es para la Iglesia una prioridad pastoral.<\/p>\n<p><strong>-\u00bfQu\u00e9 le propone hoy a la familia el Evangelio del mundo cat\u00f3lico?<\/strong><\/p>\n<p>&#8220;Desde el origen del cristianismo, la familia ha sido la principal v\u00eda de transmisi\u00f3n de la fe. El clima de amor rec\u00edproco favorece mucho la asimilaci\u00f3n vital del Evangelio&#8221;.<\/p>\n<p>El prelado italiano agrega que tal como lo han comprobado algunas investigaciones sociol\u00f3gicas, si en una familia el padre ha sido cristiano practicante, lo son la mayor\u00eda de los hijos cuando llegan a adultos. &#8220;En una sociedad secularizada, individualista y consumista como la nuestra, el testimonio a contracorriente de la familia cristiana es el m\u00e1s eficaz y cre\u00edble. Esto significa, para la Iglesia, una prioridad pastoral: cultivar en las parroquias n\u00facleos de familias cristianas ejemplares, como peque\u00f1as comunidades que irradian el Evangelio con la vida, seg\u00fan el criterio de pocos para todos&#8221;.<\/p>\n<p><strong>-\u00bfEl concepto tradicional de familia, como la de Nazaret, representa a los diversos tipos de familia que conviven en nuestra sociedad?<\/strong><\/p>\n<p>&#8220;La Sagrada Familia contin\u00faa siendo el modelo de toda familia humana, por el hecho de que en ella el cielo ha tocado la tierra, Dios se ha encontrado con el hombre y viceversa. La familia, seg\u00fan el modelo de la de Nazaret, es el n\u00facleo original imprescindible para una sociedad compleja que sabe que el matrimonio, en su forma civil o sacramental, no es equiparable a otras formas de convivencia que hoy existen en algunas sociedades&#8221;.<\/p>\n<p><strong>-\u00bfC\u00f3mo se ha adecuado la labor de la pastoral familiar a las familias modernas occidentales?<\/strong><\/p>\n<p>&#8220;La exhortaci\u00f3n &#8216;Familiaris Consortio&#8217; de Juan Pablo II (1981) ha influido mucho en la pastoral familiar en estos \u00faltimos tres decenios. Muchas conferencias episcopales han publicado un directorio nacional. Se han creado comisiones diocesanas y parroquiales, se han creado servicios a las familias, centros de orientaci\u00f3n y apoyo. Se han desarrollado numerosos movimientos de espiritualidad y apostolado familiar. Much\u00edsimas parejas han asumido labores evangelizadoras. Para simplificar, se puede decir que se est\u00e1 llevando a cabo el paso de una Iglesia autorreferencial a una misionera dentro y fuera&#8221;.<\/p>\n<p><strong>-\u00bfDe qu\u00e9 manera la Iglesia Cat\u00f3lica acompa\u00f1a a las mujeres y hombres separados de sus familias, que no pueden participar de la comuni\u00f3n?<\/strong><\/p>\n<p>&#8220;Debemos decir ante todo, que ellos forman parte de la Iglesia y por tanto tenemos que abolir prejuicios antiguos. Es verdad que no pueden acceder a la comuni\u00f3n, expresi\u00f3n de comuni\u00f3n espiritual y visible con Cristo y con la Iglesia, pero esto se debe compensar con una mayor cercan\u00eda a ellos&#8221;.<\/p>\n<p>El arzobispo piensa que la labor que desarrolla la pastoral familiar es necesaria para las parejas unidas y para las heridas y que &#8220;tanto en la preparaci\u00f3n para el matrimonio, el trabajo con los novios y con la formaci\u00f3n posmatrimonial de los c\u00f3nyuges, en forma comunitaria o individualizada, es importante y casi indispensable la presencia animadora y operativa de las familias cristianas&#8221;.<\/p>\n<p><strong>-\u00bfQu\u00e9 falta le puede hacer a un sacerdote no poder conformar su propia familia? \u00bfLes va mejor a aquellos que pueden vivir en una comunidad?<\/strong><\/p>\n<p>&#8220;La Iglesia no minusvalora la corporeidad y la sexualidad, sino que las exalta. Matrimonio y virginidad consagrada, o celibato, son dos vocaciones esponsales, es decir, dos vocaciones al amor como don total de s\u00ed, para poder acoger y manifestar a Dios-Amor en este mundo. Ambos carismas se relacionan con Cristo esposo y expresan de forma distinta su presencia en la historia&#8221;.<\/p>\n<p>Monse\u00f1or Paglia concuerda con lo expresado por Benedicto XVI en &#8220;Luz del mundo&#8221;, en 2010: &#8220;Es importante que los sacerdotes no vivan aislados, sino que est\u00e9n en peque\u00f1as comunidades, se ayuden unos a otros y tengan la experiencia de estar juntos en su servicio a Cristo y en la renuncia por el Reino de los Cielos, y tomen cada vez m\u00e1s conciencia de ello&#8221;.<\/p>\n<p><strong>-\u00bfQu\u00e9 les dice hoy la Iglesia a los matrimonios que desean vivir una paternidad responsable pero que no comparten el llamado a evitar el embarazo solo con m\u00e9todos naturales?<\/strong><\/p>\n<p>&#8220;Es fundamental una seria y amplia educaci\u00f3n del amor, que es mucho m\u00e1s que la simple educaci\u00f3n sexual, en todas las fases de la vida, desde la primera adolescencia. Entre las parejas que desean prepararse seriamente para el matrimonio cristiano es necesario difundir el conocimiento y la pr\u00e1ctica de los m\u00e9todos naturales de regulaci\u00f3n de la natalidad, para prevenir la opci\u00f3n de la contracepci\u00f3n que, entre otras cosas, aleja de la fe a muchas personas&#8221;.<\/p>\n<p>El prelado agrega que &#8220;no es dif\u00edcil intuir que el sexo sin entrega total de s\u00ed, sin matrimonio, es una instrumentalizaci\u00f3n del otro para el propio placer instintivo y, cuando la instrumentalizaci\u00f3n es rec\u00edproca, se tiene la confluencia, m\u00e1s o menos provisional, de dos ego\u00edsmos y (la persona) se vuelve insensible al amor oblativo, al desinter\u00e9s, a la amistad, al gusto por las relaciones de gratuidad, a la misma solidaridad con los pobres. Temas estos que aparecen frecuentemente en las intervenciones del Papa Francisco&#8221;.<\/p>\n<p>&#8221;La Sagrada Familia contin\u00faa siendo el modelo de toda familia humana, por el hecho de que en ella el cielo ha tocado la tierra, Dios se ha encontrado con el hombre y viceversa&#8221;.<\/p>\n<p>&#8221;Entre las parejas que desean prepararse seriamente para el matrimonio cristiano, es necesario difundir el conocimiento y la pr\u00e1ctica de los m\u00e9todos naturales de regulaci\u00f3n de la natalidad&#8221;.<\/p>\n<p><a href=\"http:\/\/www.vincenzopaglia.it\/index.php\/intervista-con-il-quotidiano-el-mercurio.html\"><strong>ITALIANO<\/strong><\/a><\/p>\n","protected":false},"excerpt":{"rendered":"<p>Visita de monse\u00f1or Vincenzo Paglia a Chile &#8211; El Mercurio Antes de su arribo, el presidente del Pontificio Consejo para la Familia afirm\u00f3 que cultivar en las parroquias n\u00facleos de familias cristianas ejemplares es una prioridad pastoral para que irradien el Evangelio con la vida. Maite Armend\u00e1riz Azc\u00e1rate\u00a0Una nutrida agenda desarrollar\u00e1 en Chile quien hoy [&hellip;]<\/p>\n","protected":false},"author":2,"featured_media":18611,"comment_status":"open","ping_status":"open","sticky":false,"template":"","format":"standard","meta":{"footnotes":""},"categories":[17,11],"tags":[],"class_list":["post-18605","post","type-post","status-publish","format-standard","has-post-thumbnail","hentry","category-espanol","category-interviste"],"jetpack_featured_media_url":"https:\/\/www.vincenzopaglia.it\/wp-content\/uploads\/2013\/05\/MERSTPP001AA3001_4501.jpg","_links":{"self":[{"href":"https:\/\/www.vincenzopaglia.it\/index.php\/wp-json\/wp\/v2\/posts\/18605","targetHints":{"allow":["GET"]}}],"collection":[{"href":"https:\/\/www.vincenzopaglia.it\/index.php\/wp-json\/wp\/v2\/posts"}],"about":[{"href":"https:\/\/www.vincenzopaglia.it\/index.php\/wp-json\/wp\/v2\/types\/post"}],"author":[{"embeddable":true,"href":"https:\/\/www.vincenzopaglia.it\/index.php\/wp-json\/wp\/v2\/users\/2"}],"replies":[{"embeddable":true,"href":"https:\/\/www.vincenzopaglia.it\/index.php\/wp-json\/wp\/v2\/comments?post=18605"}],"version-history":[{"count":0,"href":"https:\/\/www.vincenzopaglia.it\/index.php\/wp-json\/wp\/v2\/posts\/18605\/revisions"}],"wp:featuredmedia":[{"embeddable":true,"href":"https:\/\/www.vincenzopaglia.it\/index.php\/wp-json\/wp\/v2\/media\/18611"}],"wp:attachment":[{"href":"https:\/\/www.vincenzopaglia.it\/index.php\/wp-json\/wp\/v2\/media?parent=18605"}],"wp:term":[{"taxonomy":"category","embeddable":true,"href":"https:\/\/www.vincenzopaglia.it\/index.php\/wp-json\/wp\/v2\/categories?post=18605"},{"taxonomy":"post_tag","embeddable":true,"href":"https:\/\/www.vincenzopaglia.it\/index.php\/wp-json\/wp\/v2\/tags?post=18605"}],"curies":[{"name":"wp","href":"https:\/\/api.w.org\/{rel}","templated":true}]}}