{"id":17944,"date":"2013-08-09T14:03:12","date_gmt":"2013-08-09T12:03:12","guid":{"rendered":"http:\/\/www.vincenzopaglia.it\/?p=17944"},"modified":"2013-09-09T15:14:22","modified_gmt":"2013-09-09T13:14:22","slug":"per-un-nuovo-umanesimo-di-fratellanza","status":"publish","type":"post","link":"https:\/\/www.vincenzopaglia.it\/index.php\/per-un-nuovo-umanesimo-di-fratellanza.html","title":{"rendered":"Per un nuovo umanesimo di fratellanza"},"content":{"rendered":"<div><\/div>\n<div>In prossimit\u00e0 del suo viaggio per partecipare alle Giornate Mondiali della Giovent\u00f9, che si terranno quest\u2019anno, in Brasile, a Rio de Janeiro\u00a0 (dal 23 al 28 luglio), sul tema: \u201cAndate e fate discepoli tutti i popoli&#8221; (Mt 28, 19), il Presidente del Pontificio Consiglio per la Famiglia, mons. Vincenzo Paglia, ha risposto ad alcune domande sul significato di quest\u2019appuntamento dei giovani in rapporto alla famiglia. Mons. Paglia guider\u00e0 le Catechesi del 24, 25 e 26 luglio.<\/div>\n<p><strong>In Brasile, e in generale nei Paesi dell\u2019America latina, stanno avvenendo le pi\u00f9 veloci trasformazioni sociali e legislative, che mettono in discussione l\u2019identit\u00e0 della famiglia e il futuro dei giovani, che sono sempre pi\u00f9 confusi. Quali sono le emergenze e quali le risposte di fede?<\/strong><\/p>\n<p>\u00ab<em>Nelle societ\u00e0 contemporanee, e soprattutto, nei Paesi del Latino America, c\u2019\u00e8 la consapevolezza diffusa del valore della famiglia, come luogo indispensabile e primario per la formazione della persona, per la costruzione di una identit\u00e0 chiara e forte e la crescita di cittadini responsabili. I giovani pi\u00f9 di altri vivono la famiglia come l\u2019unico luogo dove trovare comprensione, aiuto e sostegno, affettivo e materiale, nelle difficolt\u00e0 quotidiane, sempre pi\u00f9 gravi in questo tempo di crisi. Questa consapevolezza non \u00e8, per\u00f2, aiutata dalla cultura dominante, che non riconosce dignit\u00e0 a questa dimensione fondamentale della vita della persona e della societ\u00e0 in concreto, per quanto ne affermi l\u2019importanza a livello teorico. I giovani sono la speranza della societ\u00e0 e della Chiesa e sono la priorit\u00e0 pastorale. Non \u00e8 senza significato che, dopo Lampedusa, Papa Francesco abbia tappa in Brasile, secondo un programma fissato da Benedetto XVI. Papa Bergoglio non si stanca mai di mettere al centro la famiglia e di dire ai giovani: \u201cNon lasciatevi rubare la speranza!\u201d E la speranza e la pace autentica vengono dalla fede in Ges\u00f9<\/em>\u00bb.<\/p>\n<p><strong>Come far comprendere ai giovani \u00ab<em>il prezioso bene del matrimonio e della famiglia (\u201c<\/em><em>Familiaris Consortio<\/em><em>\u201d)<\/em>\u00bb, nonostante le forze che si oppongono e tentano di deformarlo o perfino di distruggerlo?<\/strong><\/p>\n<p>\u00ab<em>C\u2019\u00e8 come una distanza tra i bisogni profondi dei giovani, tra i quali la famiglia \u00e8 al primo posto, e il contesto culturale, improntato ad un forte individualismo e ad una cultura basata sul potere e sul denaro. Per essere testimoni credibili dobbiamo stare con i giovani, trascorrere il nostro tempo con loro, essere vicini nelle loro difficolt\u00e0 e aiutarli a non perdere la speranza, ad avere fiducia in se stessi e nella loro dignit\u00e0 di figli di Dio, superando le forze negative di una cultura che allontana dal matrimonio e dalla famiglia e dalla vita sociale in genere e lascia soli, senza futuro. L\u2019educazione \u00e8 la priorit\u00e0<\/em>\u00bb.<\/p>\n<p><strong>Come i giovani possono costruire un nuovo \u00ab<em>umanesimo familiare<\/em>\u00bb?<\/strong><\/p>\n<p>\u00ab<em>Nella riscoperta, innanzitutto, dell\u2019umanit\u00e0 come grande famiglia di popoli, che \u00e8 la base per un futuro di pace, nella capacit\u00e0 di vivere nella solidariet\u00e0 tra fratelli per un mondo pi\u00f9 giusto per tutti. I giovani sono capaci di comprendere e realizzare questo sogno, che per noi cristiani \u00e8 anche una missione. Molti adulti, invece, non sono di aiuto, li disilludono o propongono altri \u201csogni\u201d. C\u2019\u00e8 bisogno di adulti che sappiano stare accanto ai giovani, sostenendoli nell\u2019impegno e nella fiducia affinch\u00e9 il sogno diventi realt\u00e0. Alla globalizzazione dell\u2019indifferenza e della solitudine seguir\u00e0, allora, la globalizzazione dell\u2019amore e della speranza, che ha come protagonista la famiglia, nella costruzione di un nuovo umanesimo di fratellanza<\/em>\u00bb.<\/p>\n","protected":false},"excerpt":{"rendered":"<p>In prossimit\u00e0 del suo viaggio per partecipare alle Giornate Mondiali della Giovent\u00f9, che si terranno quest\u2019anno, in Brasile, a Rio de Janeiro\u00a0 (dal 23 al 28 luglio), sul tema: \u201cAndate e fate discepoli tutti i popoli&#8221; (Mt 28, 19), il Presidente del Pontificio Consiglio per la Famiglia, mons. Vincenzo Paglia, ha risposto ad alcune domande [&hellip;]<\/p>\n","protected":false},"author":2,"featured_media":17945,"comment_status":"open","ping_status":"open","sticky":false,"template":"","format":"standard","meta":{"footnotes":""},"categories":[11],"tags":[],"class_list":["post-17944","post","type-post","status-publish","format-standard","has-post-thumbnail","hentry","category-interviste"],"jetpack_featured_media_url":"https:\/\/www.vincenzopaglia.it\/wp-content\/uploads\/2013\/09\/v3_s2ew_consultazione.redir_allegati_doc.jpg","_links":{"self":[{"href":"https:\/\/www.vincenzopaglia.it\/index.php\/wp-json\/wp\/v2\/posts\/17944","targetHints":{"allow":["GET"]}}],"collection":[{"href":"https:\/\/www.vincenzopaglia.it\/index.php\/wp-json\/wp\/v2\/posts"}],"about":[{"href":"https:\/\/www.vincenzopaglia.it\/index.php\/wp-json\/wp\/v2\/types\/post"}],"author":[{"embeddable":true,"href":"https:\/\/www.vincenzopaglia.it\/index.php\/wp-json\/wp\/v2\/users\/2"}],"replies":[{"embeddable":true,"href":"https:\/\/www.vincenzopaglia.it\/index.php\/wp-json\/wp\/v2\/comments?post=17944"}],"version-history":[{"count":0,"href":"https:\/\/www.vincenzopaglia.it\/index.php\/wp-json\/wp\/v2\/posts\/17944\/revisions"}],"wp:featuredmedia":[{"embeddable":true,"href":"https:\/\/www.vincenzopaglia.it\/index.php\/wp-json\/wp\/v2\/media\/17945"}],"wp:attachment":[{"href":"https:\/\/www.vincenzopaglia.it\/index.php\/wp-json\/wp\/v2\/media?parent=17944"}],"wp:term":[{"taxonomy":"category","embeddable":true,"href":"https:\/\/www.vincenzopaglia.it\/index.php\/wp-json\/wp\/v2\/categories?post=17944"},{"taxonomy":"post_tag","embeddable":true,"href":"https:\/\/www.vincenzopaglia.it\/index.php\/wp-json\/wp\/v2\/tags?post=17944"}],"curies":[{"name":"wp","href":"https:\/\/api.w.org\/{rel}","templated":true}]}}