{"id":17781,"date":"2002-04-18T18:34:24","date_gmt":"2002-04-18T16:34:24","guid":{"rendered":"http:\/\/www.vincenzopaglia.it\/?p=17781"},"modified":"2013-07-18T19:06:26","modified_gmt":"2013-07-18T17:06:26","slug":"due-anni-a-terni","status":"publish","type":"post","link":"https:\/\/www.vincenzopaglia.it\/index.php\/due-anni-a-terni.html","title":{"rendered":"Due anni a Terni"},"content":{"rendered":"<p>di<strong> Arnaldo Casali<\/strong><\/p>\n<p><strong>Sono passati due anni dal suo ingresso a Terni; Come \u00e8 cambiato il mondo in questo periodo? E come \u00e8 cambiata la Chiesa?\u201d<\/strong><\/p>\n<p>\u201cInnanzitutto siamo entrati in un nuovo secolo e in un nuovo millennio. Da una parte c\u2019\u00e8 stato l\u2019invito del Papa con il Giubileo a \u201cprendere il largo\u201d: un\u2019energia positiva, quindi, a radunare i popoli in una prospettiva nuova, nel sogno insieme ingenuo e ambizioso di una fraternit\u00e0 universale. Dall\u2019altra parte c\u2019\u00e8 chi dice che il nuovo millennio sia veramente iniziato l\u201911 settembre. E\u2019 indubbio che quel avvenimento ha fatto come emergere improvvisamente sulla scena del mondo il mistero del male che sembra sempre pi\u00f9 guadagnare spazio. Cos\u00ec ci troviamo di fronte ad un vero e proprio scontro tra la forza del bene e quella del male; uno scontro che ha creato un contesto nuovo per tutti:\u00a0\u00a0per gli uomini di governo, ma anche per la Chiesa. Credo che sia sempre pi\u00f9 necessario combattere la vera battaglia per la Pace. Il Papa riferendosi alla Terra Santa ha detto che si sta facendo \u201cguerra alla Pace\u201d. Io credo che tutti debbano fare uno sforzo per liberare tutte le energie vitali. Qui in Umbria la tradizione spirituale va da San Benedetto a San Francesco e allora dobbiamo lavorare tutti perch\u00e9 trionfino la pace e il dialogo in ogni luogo, a partire da quello in cui viviamo. Perch\u00e9 \u00e8 nel nostro cuore che nasce la vera pace quando riusciamo ad\u00a0\u00a0abbattere i nostri pregiudizi e le nostre piccole e grandi intolleranze\u201d.<\/p>\n<p><strong>In questi due anni ha fatto tante cose. Di cosa va pi\u00f9 fiero?<\/strong><\/p>\n<p>\u201cIn questi due anni posso dire di essermi davvero innamorato di questa diocesi e di questa terra. Voglio bene alla citt\u00e0 e ai paesi e da questa prospettiva posso dire che non c\u2019\u00e8 niente di quello che ho fatto pi\u00f9 importante di un altro.\u00a0\u00a0La cosa pi\u00f9 importante per me \u00e8 che Ges\u00f9 sia amato da chiunque, anche da chi non crede; volevo trasmettere il messaggio di salvezza a tutti, e allora in questo senso un suo primato ce l\u2019ha\u00a0\u00a0il Vangelo di Luca che ho regalato a tutti i cittadini, cos\u00ec come particolarmente simbolico \u00e8 stato il restauro della Cattedrale, segno esterno di un restauro molto pi\u00f9 profondo.<\/p>\n<p>Io vorrei che la Chiesa di Terni Narni Amelia risplendesse sempre di pi\u00f9 della luce del Vangelo. Questa bellissima facciata della nostra cattedrale deve darci i tratti della facciata ancor pi\u00f9 bella che deve essere quella della comunit\u00e0 dei cristiani.<\/p>\n<p>Toccare il cuore di tutti con questo grande progetto d\u2019amore \u00e8 il mio obiettivo, e in questo senso l\u2019attenzione ai poveri, ai malati, ai carcerati vuole portare quest\u2019amore fino ai confini estremi, fino ai margini della citt\u00e0. Io amo tutti a partire da l\u00ec, \u00e8 amando costoro che si cresce nell\u2019amore. Anche La Lettera pastorale sulla domenica si inserisce in questa prospettiva\u00a0\u00a0della parola che salva\u201d.<strong><\/strong><\/p>\n<p><strong>Di lei si dice che \u201cnon parla come un prete\u201d. Quale pensa debba essere il terreno di incontro tra laici e credenti?<\/strong><\/p>\n<p>\u201cQuesta cosa me l\u2019hanno detta\u00a0\u00a0gli studenti di Ragioneria. Ebbene, io ho solo un desiderio: la felicit\u00e0 di tutti, e quindi voglio che la dimensione evangelica venga compresa non in modo parziale ma come qualcosa che riguarda ogni uomo; in questo senso credo che si possa e si debba trovare un incontro tra credenti e laici,\u00a0\u00a0proprio perch\u00e9 ci troviamo di fronte ad una situazione culturale e sociale in cui sembra prevalere sempre pi\u00f9 l\u2019individualismo; invece c\u2019\u00e8 bisogno di un senso di fraternit\u00e0, di comunione, di una prospettiva pi\u00f9 alta. Ecco allora la necessit\u00e0 di trovare non solo ideali comuni ma anche momenti e impegni per far crescere in senso pi\u00f9 solidale questa nostra societ\u00e0 che rischia di continuare solo ad innalzare barriere\u201d.<\/p>\n<p><strong>Secondo lei di cosa hanno bisogno i ternani oggi?<\/strong><\/p>\n<p>\u201cHanno bisogno di un sogno pi\u00f9 ampio, di sapersi allontanare dal grigiore quotidiano, di saper andare oltre gli interessi personali o di categoria. C\u2019\u00e8 bisogno che la citt\u00e0 ritrovi tutta intera un soggetto che sappia battere all\u2019unisono per una prospettiva che le apra i confini. Il rischio \u00e8 che la cinta dei monti che abbiamo intorno non ci faccia respirare con i polmoni necessari quando bisogna scavalcarli. Terni ha bisogno di un grande sogno e ha tutte le energie per realizzarlo<\/p>\n<p>da <strong>La voce<\/strong> &#8211; aprile 2002<\/p>\n","protected":false},"excerpt":{"rendered":"<p>di Arnaldo Casali Sono passati due anni dal suo ingresso a Terni; Come \u00e8 cambiato il mondo in questo periodo? E come \u00e8 cambiata la Chiesa?\u201d \u201cInnanzitutto siamo entrati in un nuovo secolo e in un nuovo millennio. Da una parte c\u2019\u00e8 stato l\u2019invito del Papa con il Giubileo a \u201cprendere il largo\u201d: un\u2019energia positiva, [&hellip;]<\/p>\n","protected":false},"author":2,"featured_media":17782,"comment_status":"open","ping_status":"open","sticky":false,"template":"","format":"standard","meta":{"footnotes":""},"categories":[11],"tags":[],"class_list":["post-17781","post","type-post","status-publish","format-standard","has-post-thumbnail","hentry","category-interviste"],"jetpack_featured_media_url":"https:\/\/www.vincenzopaglia.it\/wp-content\/uploads\/2013\/07\/lavoce21.jpg","_links":{"self":[{"href":"https:\/\/www.vincenzopaglia.it\/index.php\/wp-json\/wp\/v2\/posts\/17781","targetHints":{"allow":["GET"]}}],"collection":[{"href":"https:\/\/www.vincenzopaglia.it\/index.php\/wp-json\/wp\/v2\/posts"}],"about":[{"href":"https:\/\/www.vincenzopaglia.it\/index.php\/wp-json\/wp\/v2\/types\/post"}],"author":[{"embeddable":true,"href":"https:\/\/www.vincenzopaglia.it\/index.php\/wp-json\/wp\/v2\/users\/2"}],"replies":[{"embeddable":true,"href":"https:\/\/www.vincenzopaglia.it\/index.php\/wp-json\/wp\/v2\/comments?post=17781"}],"version-history":[{"count":0,"href":"https:\/\/www.vincenzopaglia.it\/index.php\/wp-json\/wp\/v2\/posts\/17781\/revisions"}],"wp:featuredmedia":[{"embeddable":true,"href":"https:\/\/www.vincenzopaglia.it\/index.php\/wp-json\/wp\/v2\/media\/17782"}],"wp:attachment":[{"href":"https:\/\/www.vincenzopaglia.it\/index.php\/wp-json\/wp\/v2\/media?parent=17781"}],"wp:term":[{"taxonomy":"category","embeddable":true,"href":"https:\/\/www.vincenzopaglia.it\/index.php\/wp-json\/wp\/v2\/categories?post=17781"},{"taxonomy":"post_tag","embeddable":true,"href":"https:\/\/www.vincenzopaglia.it\/index.php\/wp-json\/wp\/v2\/tags?post=17781"}],"curies":[{"name":"wp","href":"https:\/\/api.w.org\/{rel}","templated":true}]}}